{"id":61634,"date":"2023-10-05T10:00:55","date_gmt":"2023-10-05T08:00:55","guid":{"rendered":"https:\/\/whatthefrance.org\/?p=61634"},"modified":"2023-10-03T17:41:58","modified_gmt":"2023-10-03T15:41:58","slug":"france-zandari-festa-2023","status":"publish","type":"post","link":"https:\/\/whatthefrance.org\/fr\/france-zandari-festa-2023\/","title":{"rendered":"France @ Zandari Festa 2023"},"content":{"rendered":"<p><span style=\"font-weight: 400;\">Pour sa <strong>septi\u00e8me \u00e9dition<\/strong>, le plus grand <strong>festival de showcase de Cor\u00e9e du Sud<\/strong>, le <a href=\"https:\/\/www.instagram.com\/zandarifesta\/\">Zandari Festa<\/a>, se d\u00e9roulera \u00e0 S\u00e9oul entre le <strong>5 et le 7 octobre 2023<\/strong>. La France sera repr\u00e9sent\u00e9e par trois artistes qui se produiront au cours de la soir\u00e9e du 6 octobre, lors de la \u00ab <strong>French Night<\/strong> \u00bb.<\/span><\/p>\n<p><img decoding=\"async\" class=\"size-medium wp-image-61636 aligncenter\" src=\"https:\/\/whatthefrance.org\/wp-content\/uploads\/2023\/10\/frenchnightzandarifesta-what-the-france-212x300.jpg\" alt=\"Affiche de la French Night pour le Zandari Festa\" width=\"212\" height=\"300\" srcset=\"https:\/\/whatthefrance.org\/wp-content\/uploads\/2023\/10\/frenchnightzandarifesta-what-the-france-212x300.jpg 212w, https:\/\/whatthefrance.org\/wp-content\/uploads\/2023\/10\/frenchnightzandarifesta-what-the-france-724x1024.jpg 724w, https:\/\/whatthefrance.org\/wp-content\/uploads\/2023\/10\/frenchnightzandarifesta-what-the-france-768x1086.jpg 768w, https:\/\/whatthefrance.org\/wp-content\/uploads\/2023\/10\/frenchnightzandarifesta-what-the-france-1086x1536.jpg 1086w, https:\/\/whatthefrance.org\/wp-content\/uploads\/2023\/10\/frenchnightzandarifesta-what-the-france-1448x2048.jpg 1448w, https:\/\/whatthefrance.org\/wp-content\/uploads\/2023\/10\/frenchnightzandarifesta-what-the-france.jpg 1810w\" sizes=\"(max-width: 212px) 100vw, 212px\" \/><\/p>\n<p><span style=\"font-weight: 400;\">Depuis sa premi\u00e8re \u00e9dition en 2012, le <a href=\"https:\/\/whatthefrance.org\/zandari-festa-%EC%9E%94%EB%8B%A4%EB%A6%AC%ED%8E%98%EC%8A%A4%ED%83%80-10-october-2021\/\">Zandari Festa<\/a>, devenu un <strong>rendez-vous majeur de la sc\u00e8ne ind\u00e9pendante asiatique<\/strong>, investit l\u2019\u00e9picentre de la <strong>culture cor\u00e9enne dans le quartier de Hongdae \u00e0 S\u00e9oul<\/strong>. Cette ann\u00e9e, du jeudi au samedi, les festivaliers pourront d\u00e9couvrir des artistes locaux dans ce quartier jeune de la capitale, tout en s\u2019enrichissant de conf\u00e9rences et de rencontres gr\u00e2ce aux acteurs des diff\u00e9rentes structures musicales qui seront pr\u00e9sents.\u00a0<\/span><\/p>\n<h2>Soir\u00e9e French Night &#8211; ven. 06 octobre<\/h2>\n<p><span style=\"font-weight: 400;\"><strong>La soir\u00e9e \u00ab French Night \u00bb d\u00e9butera ce vendredi \u00e0 22h10<\/strong>. Elle sera soutenue par des services culturels fran\u00e7ais tels que l\u2019<strong>Ambassade de France en Cor\u00e9e<\/strong>, la <strong>SACEM<\/strong>, l\u2019<strong>Institut Fran\u00e7ais<\/strong> et, bien \u00e9videmment,<strong> le CNM<\/strong>. Les artistes fran\u00e7ais s\u00e9lectionn\u00e9s pour l\u2019occasion sont Eug\u00e9nie, SARO et Johnny Mafia.<\/span><span style=\"font-weight: 400;\">\u00a0<\/span><\/p>\n<h2><span style=\"font-weight: 400;\">Eug\u00e9nie\u00a0<\/span><\/h2>\n<p><span style=\"font-weight: 400;\">De son propre aveu, <a href=\"https:\/\/www.instagram.com\/eugeniemusic\/\">Eug\u00e9nie<\/a> fait de la \u201c<strong>multi-pop<\/strong>\u201d. Celle qui souhaite qu\u2019on l\u2019appelle \u201cEug\u2019\u201d propose une <strong>musique parfaitement hybride<\/strong> tant ses sonorit\u00e9s touchent \u00e0 tout. Dans son univers futuriste naviguant entre l\u2019<strong>\u00e9lectro-pop<\/strong> ou la <strong>drum and bass<\/strong>, Eug\u2019 a pr\u00e9sent\u00e9 en 2022 s<strong>on premier E.P, <\/strong><\/span><strong><i>Moment in Time<\/i><\/strong><span style=\"font-weight: 400;\">, chant\u00e9 en anglais, dans lequel elle parle de r\u00e9seaux sociaux ou d\u2019amour.<\/span><span style=\"font-weight: 400;\">\u00a0<\/span><\/p>\n<p><iframe loading=\"lazy\" title=\"Eug\u00e9nie - 4D (Official Music Video)\" width=\"500\" height=\"281\" src=\"https:\/\/www.youtube.com\/embed\/mJnmD1avfL0?feature=oembed\" frameborder=\"0\" allow=\"accelerometer; autoplay; clipboard-write; encrypted-media; gyroscope; picture-in-picture; web-share\" referrerpolicy=\"strict-origin-when-cross-origin\" allowfullscreen><\/iframe><\/p>\n<h2><span style=\"font-weight: 400;\">SARO<\/span><\/h2>\n<p><span style=\"font-weight: 400;\"><a href=\"https:\/\/www.instagram.com\/saro_beatbox\/\">SARO<\/a> n\u2019a besoin de personne. <strong>R\u00e9f\u00e9rence et ma\u00eetre du Beatbox<\/strong> (il a notamment remport\u00e9 les Championnats du Monde de 2018), l\u2019artiste rennais imite \u00e0 la perfection tous les instruments ! Arm\u00e9 d\u2019un \u00ab looper \u00bb pour enregistrer vocalement des boucles de sons provenant de sa bouche, il est devenu sa propre machine pour cr\u00e9er <strong>des morceaux efficaces de trap<\/strong>, de <strong>bass music<\/strong> et d\u2019<strong>\u00e9lectro-pop<\/strong> \u00e0 l\u2019image de son premier single \u00ab ORAS \u00bb (2018) ou de son E.P <\/span><i><span style=\"font-weight: 400;\">ZIG<\/span><\/i><span style=\"font-weight: 400;\"> (2020).<\/span><\/p>\n<p><iframe loading=\"lazy\" title=\"SARO - BULLE (loopstation beatbox)\" width=\"500\" height=\"281\" src=\"https:\/\/www.youtube.com\/embed\/F0RW-kOjlWM?feature=oembed\" frameborder=\"0\" allow=\"accelerometer; autoplay; clipboard-write; encrypted-media; gyroscope; picture-in-picture; web-share\" referrerpolicy=\"strict-origin-when-cross-origin\" allowfullscreen><\/iframe><\/p>\n<h2><span style=\"font-weight: 400;\">Johnny Mafia\u00a0<\/span><\/h2>\n<p><span style=\"font-weight: 400;\">Inspir\u00e9 par The Pixies ou The Ramones, Johnny Mafia est un des fers de lance actuels de la <strong>sc\u00e8ne rock ind\u00e9pendante fran\u00e7aise<\/strong>. Avec un son bien punk et \u00e9pais que l\u2019on retrouve jusque sur leur troisi\u00e8me album, <\/span><i><span style=\"font-weight: 400;\">Sentimental<\/span><\/i><span style=\"font-weight: 400;\"> (2021), le groupe <a href=\"https:\/\/www.instagram.com\/johnnymafiasens\/\">Johnny Mafia<\/a>, qui retire peu \u00e0 peu l\u2019\u00e9tiquette du \u201c<strong>rock garage<\/strong>\u201d qui les qualifiait, empile d\u00e9sormais harmonieusement des <strong>titres \u00e9nerv\u00e9s \u00e0 base de guitares satur\u00e9es<\/strong>.<\/span><\/p>\n<p><iframe loading=\"lazy\" title=\"Johnny Mafia - Trevor Philippe (official video)\" width=\"500\" height=\"281\" src=\"https:\/\/www.youtube.com\/embed\/3Eh3sCjLQlo?feature=oembed\" frameborder=\"0\" allow=\"accelerometer; autoplay; clipboard-write; encrypted-media; gyroscope; picture-in-picture; web-share\" referrerpolicy=\"strict-origin-when-cross-origin\" allowfullscreen><\/iframe><\/p>\n","protected":false},"excerpt":{"rendered":"<p>Pour sa septi\u00e8me \u00e9dition, le plus grand festival de showcase de Cor\u00e9e du Sud, le Zandari Festa, se d\u00e9roulera \u00e0 S\u00e9oul entre le 5 et le 7 octobre 2023. La France sera repr\u00e9sent\u00e9e par trois artistes qui se produiront au cours de la soir\u00e9e du 6 octobre, lors de la \u00ab French Night \u00bb. Depuis [&hellip;]<\/p>\n","protected":false},"author":6,"featured_media":0,"comment_status":"closed","ping_status":"closed","sticky":false,"template":"","format":"standard","meta":{"_acf_changed":false,"footnotes":""},"categories":[213],"tags":[323,325,340,342,351,1003],"class_list":["post-61634","post","type-post","status-publish","format-standard","hentry","category-event-fr","tag-electronic-fr","tag-experimental-fr","tag-pop-fr","tag-punk-fr","tag-rock-fr","tag-synth-pop-fr"],"acf":[],"yoast_head":"<!-- This site is optimized with the Yoast SEO plugin v27.3 - https:\/\/yoast.com\/product\/yoast-seo-wordpress\/ -->\n<title>France @ Zandari Festa 2023<\/title>\n<meta name=\"description\" content=\"Le 06 octobre aura lieu la French Night au Zandari Festa de S\u00e9oul. Ce grand \u00e9v\u00e9nement de 3 jours r\u00e9unira les acteurs du monde de la musique\" \/>\n<meta name=\"robots\" content=\"index, follow, max-snippet:-1, max-image-preview:large, max-video-preview:-1\" \/>\n<link rel=\"canonical\" href=\"https:\/\/whatthefrance.org\/fr\/france-zandari-festa-2023\/\" \/>\n<meta property=\"og:locale\" content=\"fr_FR\" \/>\n<meta property=\"og:type\" content=\"article\" \/>\n<meta property=\"og:title\" content=\"France @ Zandari Festa 2023\" \/>\n<meta property=\"og:description\" content=\"Le 06 octobre aura lieu la French Night au Zandari Festa de S\u00e9oul. Ce grand \u00e9v\u00e9nement de 3 jours r\u00e9unira les acteurs du monde de la musique\" \/>\n<meta property=\"og:url\" content=\"https:\/\/whatthefrance.org\/fr\/france-zandari-festa-2023\/\" \/>\n<meta property=\"og:site_name\" content=\"What the France\" \/>\n<meta property=\"article:published_time\" content=\"2023-10-05T08:00:55+00:00\" \/>\n<meta property=\"og:image\" content=\"https:\/\/whatthefrance.org\/wp-content\/uploads\/2023\/10\/zandarifesta_wordpress_what_the_france.png\" \/>\n\t<meta property=\"og:image:width\" content=\"1084\" \/>\n\t<meta property=\"og:image:height\" content=\"452\" \/><meta property=\"og:image\" content=\"https:\/\/whatthefrance.org\/wp-content\/uploads\/2023\/10\/frenchnightzandarifesta-what-the-france-212x300.jpg\" \/>\n<meta name=\"author\" content=\"Marie-Sophie Administrateur\" \/>\n<meta name=\"twitter:card\" content=\"summary_large_image\" \/>\n<meta name=\"twitter:label1\" content=\"\u00c9crit par\" \/>\n\t<meta name=\"twitter:data1\" content=\"Marie-Sophie Administrateur\" \/>\n\t<meta name=\"twitter:label2\" content=\"Dur\u00e9e de lecture estim\u00e9e\" \/>\n\t<meta name=\"twitter:data2\" content=\"2 minutes\" \/>\n<script type=\"application\/ld+json\" class=\"yoast-schema-graph\">{\"@context\":\"https:\\\/\\\/schema.org\",\"@graph\":[{\"@type\":\"Article\",\"@id\":\"https:\\\/\\\/whatthefrance.org\\\/fr\\\/france-zandari-festa-2023\\\/#article\",\"isPartOf\":{\"@id\":\"https:\\\/\\\/whatthefrance.org\\\/fr\\\/france-zandari-festa-2023\\\/\"},\"author\":{\"name\":\"Marie-Sophie Administrateur\",\"@id\":\"https:\\\/\\\/whatthefrance.org\\\/fr\\\/#\\\/schema\\\/person\\\/3b7ea6fb70b536503b3e8c909c564a81\"},\"headline\":\"France @ Zandari Festa 2023\",\"datePublished\":\"2023-10-05T08:00:55+00:00\",\"mainEntityOfPage\":{\"@id\":\"https:\\\/\\\/whatthefrance.org\\\/fr\\\/france-zandari-festa-2023\\\/\"},\"wordCount\":446,\"publisher\":{\"@id\":\"https:\\\/\\\/whatthefrance.org\\\/fr\\\/#organization\"},\"image\":{\"@id\":\"https:\\\/\\\/whatthefrance.org\\\/fr\\\/france-zandari-festa-2023\\\/#primaryimage\"},\"thumbnailUrl\":\"https:\\\/\\\/whatthefrance.org\\\/wp-content\\\/uploads\\\/2023\\\/10\\\/frenchnightzandarifesta-what-the-france-212x300.jpg\",\"keywords\":[\"Electronic\",\"Experimental\",\"Pop\",\"Punk\",\"Rock\",\"Synth Pop\"],\"articleSection\":[\"Event\"],\"inLanguage\":\"fr-FR\"},{\"@type\":\"WebPage\",\"@id\":\"https:\\\/\\\/whatthefrance.org\\\/fr\\\/france-zandari-festa-2023\\\/\",\"url\":\"https:\\\/\\\/whatthefrance.org\\\/fr\\\/france-zandari-festa-2023\\\/\",\"name\":\"France @ Zandari Festa 2023\",\"isPartOf\":{\"@id\":\"https:\\\/\\\/whatthefrance.org\\\/fr\\\/#website\"},\"primaryImageOfPage\":{\"@id\":\"https:\\\/\\\/whatthefrance.org\\\/fr\\\/france-zandari-festa-2023\\\/#primaryimage\"},\"image\":{\"@id\":\"https:\\\/\\\/whatthefrance.org\\\/fr\\\/france-zandari-festa-2023\\\/#primaryimage\"},\"thumbnailUrl\":\"https:\\\/\\\/whatthefrance.org\\\/wp-content\\\/uploads\\\/2023\\\/10\\\/frenchnightzandarifesta-what-the-france-212x300.jpg\",\"datePublished\":\"2023-10-05T08:00:55+00:00\",\"description\":\"Le 06 octobre aura lieu la French Night au Zandari Festa de S\u00e9oul. Ce grand \u00e9v\u00e9nement de 3 jours r\u00e9unira les acteurs du monde de la musique\",\"breadcrumb\":{\"@id\":\"https:\\\/\\\/whatthefrance.org\\\/fr\\\/france-zandari-festa-2023\\\/#breadcrumb\"},\"inLanguage\":\"fr-FR\",\"potentialAction\":[{\"@type\":\"ReadAction\",\"target\":[\"https:\\\/\\\/whatthefrance.org\\\/fr\\\/france-zandari-festa-2023\\\/\"]}]},{\"@type\":\"ImageObject\",\"inLanguage\":\"fr-FR\",\"@id\":\"https:\\\/\\\/whatthefrance.org\\\/fr\\\/france-zandari-festa-2023\\\/#primaryimage\",\"url\":\"https:\\\/\\\/whatthefrance.org\\\/wp-content\\\/uploads\\\/2023\\\/10\\\/frenchnightzandarifesta-what-the-france-212x300.jpg\",\"contentUrl\":\"https:\\\/\\\/whatthefrance.org\\\/wp-content\\\/uploads\\\/2023\\\/10\\\/frenchnightzandarifesta-what-the-france-212x300.jpg\"},{\"@type\":\"BreadcrumbList\",\"@id\":\"https:\\\/\\\/whatthefrance.org\\\/fr\\\/france-zandari-festa-2023\\\/#breadcrumb\",\"itemListElement\":[{\"@type\":\"ListItem\",\"position\":1,\"name\":\"Home\",\"item\":\"https:\\\/\\\/whatthefrance.org\\\/fr\\\/\"},{\"@type\":\"ListItem\",\"position\":2,\"name\":\"France @ Zandari Festa 2023\"}]},{\"@type\":\"WebSite\",\"@id\":\"https:\\\/\\\/whatthefrance.org\\\/fr\\\/#website\",\"url\":\"https:\\\/\\\/whatthefrance.org\\\/fr\\\/\",\"name\":\"What the France\",\"description\":\"The finest music made in France !\",\"publisher\":{\"@id\":\"https:\\\/\\\/whatthefrance.org\\\/fr\\\/#organization\"},\"potentialAction\":[{\"@type\":\"SearchAction\",\"target\":{\"@type\":\"EntryPoint\",\"urlTemplate\":\"https:\\\/\\\/whatthefrance.org\\\/fr\\\/?s={search_term_string}\"},\"query-input\":{\"@type\":\"PropertyValueSpecification\",\"valueRequired\":true,\"valueName\":\"search_term_string\"}}],\"inLanguage\":\"fr-FR\"},{\"@type\":\"Organization\",\"@id\":\"https:\\\/\\\/whatthefrance.org\\\/fr\\\/#organization\",\"name\":\"What The France\",\"url\":\"https:\\\/\\\/whatthefrance.org\\\/fr\\\/\",\"logo\":{\"@type\":\"ImageObject\",\"inLanguage\":\"fr-FR\",\"@id\":\"https:\\\/\\\/whatthefrance.org\\\/fr\\\/#\\\/schema\\\/logo\\\/image\\\/\",\"url\":\"https:\\\/\\\/whatthefrance.org\\\/wp-content\\\/uploads\\\/2019\\\/12\\\/44688719_2251580388408837_694180218134331392_n-e1577679609190.png\",\"contentUrl\":\"https:\\\/\\\/whatthefrance.org\\\/wp-content\\\/uploads\\\/2019\\\/12\\\/44688719_2251580388408837_694180218134331392_n-e1577679609190.png\",\"width\":200,\"height\":200,\"caption\":\"What The France\"},\"image\":{\"@id\":\"https:\\\/\\\/whatthefrance.org\\\/fr\\\/#\\\/schema\\\/logo\\\/image\\\/\"}},{\"@type\":\"Person\",\"@id\":\"https:\\\/\\\/whatthefrance.org\\\/fr\\\/#\\\/schema\\\/person\\\/3b7ea6fb70b536503b3e8c909c564a81\",\"name\":\"Marie-Sophie Administrateur\",\"image\":{\"@type\":\"ImageObject\",\"inLanguage\":\"fr-FR\",\"@id\":\"https:\\\/\\\/secure.gravatar.com\\\/avatar\\\/d57e4552c73c8713409cd3c2de53bdb5d220ebdd76dc7ba351b2dbae89f5afa9?s=96&d=mm&r=g\",\"url\":\"https:\\\/\\\/secure.gravatar.com\\\/avatar\\\/d57e4552c73c8713409cd3c2de53bdb5d220ebdd76dc7ba351b2dbae89f5afa9?s=96&d=mm&r=g\",\"contentUrl\":\"https:\\\/\\\/secure.gravatar.com\\\/avatar\\\/d57e4552c73c8713409cd3c2de53bdb5d220ebdd76dc7ba351b2dbae89f5afa9?s=96&d=mm&r=g\",\"caption\":\"Marie-Sophie Administrateur\"}}]}<\/script>\n<!-- \/ Yoast SEO plugin. -->","yoast_head_json":{"title":"France @ Zandari Festa 2023","description":"Le 06 octobre aura lieu la French Night au Zandari Festa de S\u00e9oul. Ce grand \u00e9v\u00e9nement de 3 jours r\u00e9unira les acteurs du monde de la musique","robots":{"index":"index","follow":"follow","max-snippet":"max-snippet:-1","max-image-preview":"max-image-preview:large","max-video-preview":"max-video-preview:-1"},"canonical":"https:\/\/whatthefrance.org\/fr\/france-zandari-festa-2023\/","og_locale":"fr_FR","og_type":"article","og_title":"France @ Zandari Festa 2023","og_description":"Le 06 octobre aura lieu la French Night au Zandari Festa de S\u00e9oul. Ce grand \u00e9v\u00e9nement de 3 jours r\u00e9unira les acteurs du monde de la musique","og_url":"https:\/\/whatthefrance.org\/fr\/france-zandari-festa-2023\/","og_site_name":"What the France","article_published_time":"2023-10-05T08:00:55+00:00","og_image":[{"url":"https:\/\/whatthefrance.org\/wp-content\/uploads\/2023\/10\/zandarifesta_wordpress_what_the_france.png","height":452,"width":1084,"type":""},{"url":"https:\/\/whatthefrance.org\/wp-content\/uploads\/2023\/10\/frenchnightzandarifesta-what-the-france-212x300.jpg","type":"","width":"","height":""}],"author":"Marie-Sophie Administrateur","twitter_card":"summary_large_image","twitter_misc":{"\u00c9crit par":"Marie-Sophie Administrateur","Dur\u00e9e de lecture estim\u00e9e":"2 minutes"},"schema":{"@context":"https:\/\/schema.org","@graph":[{"@type":"Article","@id":"https:\/\/whatthefrance.org\/fr\/france-zandari-festa-2023\/#article","isPartOf":{"@id":"https:\/\/whatthefrance.org\/fr\/france-zandari-festa-2023\/"},"author":{"name":"Marie-Sophie Administrateur","@id":"https:\/\/whatthefrance.org\/fr\/#\/schema\/person\/3b7ea6fb70b536503b3e8c909c564a81"},"headline":"France @ Zandari Festa 2023","datePublished":"2023-10-05T08:00:55+00:00","mainEntityOfPage":{"@id":"https:\/\/whatthefrance.org\/fr\/france-zandari-festa-2023\/"},"wordCount":446,"publisher":{"@id":"https:\/\/whatthefrance.org\/fr\/#organization"},"image":{"@id":"https:\/\/whatthefrance.org\/fr\/france-zandari-festa-2023\/#primaryimage"},"thumbnailUrl":"https:\/\/whatthefrance.org\/wp-content\/uploads\/2023\/10\/frenchnightzandarifesta-what-the-france-212x300.jpg","keywords":["Electronic","Experimental","Pop","Punk","Rock","Synth Pop"],"articleSection":["Event"],"inLanguage":"fr-FR"},{"@type":"WebPage","@id":"https:\/\/whatthefrance.org\/fr\/france-zandari-festa-2023\/","url":"https:\/\/whatthefrance.org\/fr\/france-zandari-festa-2023\/","name":"France @ Zandari Festa 2023","isPartOf":{"@id":"https:\/\/whatthefrance.org\/fr\/#website"},"primaryImageOfPage":{"@id":"https:\/\/whatthefrance.org\/fr\/france-zandari-festa-2023\/#primaryimage"},"image":{"@id":"https:\/\/whatthefrance.org\/fr\/france-zandari-festa-2023\/#primaryimage"},"thumbnailUrl":"https:\/\/whatthefrance.org\/wp-content\/uploads\/2023\/10\/frenchnightzandarifesta-what-the-france-212x300.jpg","datePublished":"2023-10-05T08:00:55+00:00","description":"Le 06 octobre aura lieu la French Night au Zandari Festa de S\u00e9oul. Ce grand \u00e9v\u00e9nement de 3 jours r\u00e9unira les acteurs du monde de la musique","breadcrumb":{"@id":"https:\/\/whatthefrance.org\/fr\/france-zandari-festa-2023\/#breadcrumb"},"inLanguage":"fr-FR","potentialAction":[{"@type":"ReadAction","target":["https:\/\/whatthefrance.org\/fr\/france-zandari-festa-2023\/"]}]},{"@type":"ImageObject","inLanguage":"fr-FR","@id":"https:\/\/whatthefrance.org\/fr\/france-zandari-festa-2023\/#primaryimage","url":"https:\/\/whatthefrance.org\/wp-content\/uploads\/2023\/10\/frenchnightzandarifesta-what-the-france-212x300.jpg","contentUrl":"https:\/\/whatthefrance.org\/wp-content\/uploads\/2023\/10\/frenchnightzandarifesta-what-the-france-212x300.jpg"},{"@type":"BreadcrumbList","@id":"https:\/\/whatthefrance.org\/fr\/france-zandari-festa-2023\/#breadcrumb","itemListElement":[{"@type":"ListItem","position":1,"name":"Home","item":"https:\/\/whatthefrance.org\/fr\/"},{"@type":"ListItem","position":2,"name":"France @ Zandari Festa 2023"}]},{"@type":"WebSite","@id":"https:\/\/whatthefrance.org\/fr\/#website","url":"https:\/\/whatthefrance.org\/fr\/","name":"What the France","description":"The finest music made in France !","publisher":{"@id":"https:\/\/whatthefrance.org\/fr\/#organization"},"potentialAction":[{"@type":"SearchAction","target":{"@type":"EntryPoint","urlTemplate":"https:\/\/whatthefrance.org\/fr\/?s={search_term_string}"},"query-input":{"@type":"PropertyValueSpecification","valueRequired":true,"valueName":"search_term_string"}}],"inLanguage":"fr-FR"},{"@type":"Organization","@id":"https:\/\/whatthefrance.org\/fr\/#organization","name":"What The France","url":"https:\/\/whatthefrance.org\/fr\/","logo":{"@type":"ImageObject","inLanguage":"fr-FR","@id":"https:\/\/whatthefrance.org\/fr\/#\/schema\/logo\/image\/","url":"https:\/\/whatthefrance.org\/wp-content\/uploads\/2019\/12\/44688719_2251580388408837_694180218134331392_n-e1577679609190.png","contentUrl":"https:\/\/whatthefrance.org\/wp-content\/uploads\/2019\/12\/44688719_2251580388408837_694180218134331392_n-e1577679609190.png","width":200,"height":200,"caption":"What The France"},"image":{"@id":"https:\/\/whatthefrance.org\/fr\/#\/schema\/logo\/image\/"}},{"@type":"Person","@id":"https:\/\/whatthefrance.org\/fr\/#\/schema\/person\/3b7ea6fb70b536503b3e8c909c564a81","name":"Marie-Sophie Administrateur","image":{"@type":"ImageObject","inLanguage":"fr-FR","@id":"https:\/\/secure.gravatar.com\/avatar\/d57e4552c73c8713409cd3c2de53bdb5d220ebdd76dc7ba351b2dbae89f5afa9?s=96&d=mm&r=g","url":"https:\/\/secure.gravatar.com\/avatar\/d57e4552c73c8713409cd3c2de53bdb5d220ebdd76dc7ba351b2dbae89f5afa9?s=96&d=mm&r=g","contentUrl":"https:\/\/secure.gravatar.com\/avatar\/d57e4552c73c8713409cd3c2de53bdb5d220ebdd76dc7ba351b2dbae89f5afa9?s=96&d=mm&r=g","caption":"Marie-Sophie Administrateur"}}]}},"_links":{"self":[{"href":"https:\/\/whatthefrance.org\/fr\/wp-json\/wp\/v2\/posts\/61634","targetHints":{"allow":["GET"]}}],"collection":[{"href":"https:\/\/whatthefrance.org\/fr\/wp-json\/wp\/v2\/posts"}],"about":[{"href":"https:\/\/whatthefrance.org\/fr\/wp-json\/wp\/v2\/types\/post"}],"author":[{"embeddable":true,"href":"https:\/\/whatthefrance.org\/fr\/wp-json\/wp\/v2\/users\/6"}],"replies":[{"embeddable":true,"href":"https:\/\/whatthefrance.org\/fr\/wp-json\/wp\/v2\/comments?post=61634"}],"version-history":[{"count":2,"href":"https:\/\/whatthefrance.org\/fr\/wp-json\/wp\/v2\/posts\/61634\/revisions"}],"predecessor-version":[{"id":61656,"href":"https:\/\/whatthefrance.org\/fr\/wp-json\/wp\/v2\/posts\/61634\/revisions\/61656"}],"wp:attachment":[{"href":"https:\/\/whatthefrance.org\/fr\/wp-json\/wp\/v2\/media?parent=61634"}],"wp:term":[{"taxonomy":"category","embeddable":true,"href":"https:\/\/whatthefrance.org\/fr\/wp-json\/wp\/v2\/categories?post=61634"},{"taxonomy":"post_tag","embeddable":true,"href":"https:\/\/whatthefrance.org\/fr\/wp-json\/wp\/v2\/tags?post=61634"}],"curies":[{"name":"wp","href":"https:\/\/api.w.org\/{rel}","templated":true}]}}