{"id":61679,"date":"2023-10-10T10:00:18","date_gmt":"2023-10-10T08:00:18","guid":{"rendered":"https:\/\/whatthefrance.org\/?p=61679"},"modified":"2023-10-05T16:24:46","modified_gmt":"2023-10-05T14:24:46","slug":"galo-dc-un-nouvel-e-p-et-un-concert-a-paris","status":"publish","type":"post","link":"https:\/\/whatthefrance.org\/fr\/galo-dc-un-nouvel-e-p-et-un-concert-a-paris\/","title":{"rendered":"Galo DC | Un nouvel E.P. et un concert \u00e0 Paris !"},"content":{"rendered":"<p><a href=\"https:\/\/www.instagram.com\/galodc_\/\">Galo DC<\/a> nous a d\u00e9voil\u00e9 en juin dernier son <strong>E.P, intitul\u00e9 <em>Jardin<\/em><\/strong>. Apr\u00e8s avoir d\u00e9fendu son disque lors d\u2019une f\u00eate de lancement au <strong>POPUP\u00a0!<\/strong> en juin dernier, l\u2019artiste nous donne un second rendez-vous au <strong>Point Eph\u00e9m\u00e8re \u00e0 Paris le 8 d\u00e9cembre prochain<\/strong>.<\/p>\n<p>A la crois\u00e9e entre Muddy Monk et Flavien Berger, l\u2019artiste qui se pr\u00e9nomme Benoit Nass dans la vie civile, manie toujours avec talent sa <strong>pop synth\u00e9tique<\/strong> rythm\u00e9e d\u2019une pointe de <strong>fl\u00fbte traversi\u00e8re<\/strong>, et c\u2019est peut-\u00eatre pour \u00e7a que son nouveau projet est toujours aussi dansant. L\u2019opus <em>Jardin<\/em>, pens\u00e9 comme une unit\u00e9 avec <strong>six titres li\u00e9s les uns aux autres<\/strong>, s\u2019adresse \u00e0 nos \u00e9motions.<br \/>\nVingt minutes suffisent pour d\u00e9couvrir des compositions joyeuses et \u201cgroovy\u201d aux paroles un poil m\u00e9lancoliques. Les th\u00e8mes de l\u2019amour, de l\u2019aventure et du sens \u00e0 la vie qu\u2019il aborde font corps ensemble. <em>J<strong>ardin <\/strong><\/em><strong>est un continuum d\u2019histoires<\/strong> qui correspondent \u00e0 sa vie (et peut \u00eatre aussi \u00e0 la n\u00f4tre). De \u201cRome\u201d \u00e0 \u201cLa Colline\u201d, tout a un sens lorsque l\u2019on comprend qu\u2019il s\u2019agit bel et bien d\u2019une \u0153uvre qui d\u00e9peint une relation amoureuse \u00e0 grands coups de <strong>compositions originales<\/strong>. Sign\u00e9 sur le label fran\u00e7ais <a href=\"https:\/\/www.instagram.com\/ageadulterecords\/\"><strong>Age Adulte Records<\/strong><\/a>, <strong>Galo DC<\/strong> continue ainsi de nous toucher avec ses histoires sur fond de <strong>tango<\/strong>, de <strong>bossa nova<\/strong> et, bien \u00e9videmment, <strong>de pop<\/strong>.<\/p>\n<p>Avant sa date au Point Eph\u00e9m\u00e8re, nous vous invitons \u00e0 vous remettre dans la danse en l\u2019\u00e9coutant dans notre \u00ab\u00a0<a href=\"https:\/\/whatthefrance.org\/fr\/playlists\/861\/\">Playlist of the month<\/a> \u00bb.<br \/>\n<div class=\"playListBloc singleBloc\"><div class=\"playListBloc-wrap\">    <div class=\"thumbnail\"><img data-src=\"https:\/\/whatthefrance.org\/wp-content\/uploads\/2020\/04\/WTF-Pochettes_playlist_of_the_month_3-254x254.jpg\" class=\"lazyload\" alt=\"WTF&#8212;Pochettes_playlist_of_the_month_3\" \/>    <\/div>    <div class=\"infos\">        <span class=\"tag\">Charts &amp; News<\/span>        <h2>Playlist Of The Month<\/h2>        <span class=\"separator\"><\/span>       <span class=\"desc\">A monthly selection of new tracks made in France. <\/span><div class=\"share flex flexAlignCenter \">\t<span class=\"label\">Partager<\/span>\t<a href=\"https:\/\/www.facebook.com\/sharer\/sharer.php?u=https:\/\/whatthefrance.org\/fr\/playlists\/861\/\" class=\"facebook\" target=\"_blank\" rel=\"noreferrer\">Facebook<\/a>\t<a href=\"https:\/\/twitter.com\/intent\/tweet?url=https:\/\/whatthefrance.org\/fr\/playlists\/861\/&text=Playlist+Of+The+Month&hashtags=WTF\" class=\"twitter\" target=\"_blank\" rel=\"noreferrer\">Twitter<\/a>\t<a href=\"mailto:?subject=What%20the%20France%20%3A%20Playlist%20Of%20The%20Month&body=https:\/\/whatthefrance.org\/fr\/playlists\/861\/\" class=\"mail\" target=\"_blank\" rel=\"noreferrer\">Email<\/a><\/div>        <a href=\"#\" class=\"btn btnPlaylist orange playlist-click\" data-id=\"861\">            <svg version=\"1.1\" x=\"0px\" y=\"0px\" width=\"40px\" height=\"40px\" viewBox=\"0 0 213.7 213.7\" enable-background=\"new 0 0 213.7 213.7\" xml:space=\"preserve\">                <polygon class=\"triangle\" fill=\"none\" stroke-width=\"10\" stroke-linecap=\"round\" stroke-linejoin=\"round\" stroke-miterlimit=\"10\" points=\"\n            73.5,62.5 148.5,105.8 73.5,149.1 \"\/>                <circle class=\"circle\" fill=\"none\"  stroke-width=\"8\" stroke-linecap=\"round\" stroke-linejoin=\"round\" stroke-miterlimit=\"10\" cx=\"106.8\" cy=\"106.8\" r=\"103.3\"\/>                <circle class=\"circle-white\" fill=\"none\"  stroke-width=\"8\" stroke-linecap=\"round\" stroke-linejoin=\"round\" stroke-miterlimit=\"10\" cx=\"106.8\" cy=\"106.8\" r=\"103.3\"\/>            <\/svg>Ecouter        <\/a>    <\/div>  <\/div><\/div><\/p>\n","protected":false},"excerpt":{"rendered":"<p>Galo DC nous a d\u00e9voil\u00e9 en juin dernier son E.P, intitul\u00e9 Jardin. Apr\u00e8s avoir d\u00e9fendu son disque lors d\u2019une f\u00eate de lancement au POPUP\u00a0! en juin dernier, l\u2019artiste nous donne un second rendez-vous au Point Eph\u00e9m\u00e8re \u00e0 Paris le 8 d\u00e9cembre prochain. A la crois\u00e9e entre Muddy Monk et Flavien Berger, l\u2019artiste qui se pr\u00e9nomme [&hellip;]<\/p>\n","protected":false},"author":6,"featured_media":0,"comment_status":"closed","ping_status":"closed","sticky":false,"template":"","format":"standard","meta":{"_acf_changed":false,"footnotes":""},"categories":[213],"tags":[340,1003],"class_list":["post-61679","post","type-post","status-publish","format-standard","hentry","category-event-fr","tag-pop-fr","tag-synth-pop-fr"],"acf":[],"yoast_head":"<!-- This site is optimized with the Yoast SEO plugin v27.3 - https:\/\/yoast.com\/product\/yoast-seo-wordpress\/ -->\n<title>Galo DC | Un nouvel E.P. et un concert \u00e0 Paris !<\/title>\n<meta name=\"description\" content=\"Apr\u00e8s son tr\u00e8s r\u00e9cent E.P &quot;Jardin&quot;, l&#039;artiste Galo DC nous donne un nouveau rendez-vous au Point Eph\u00e9m\u00e8re de Paris le 08 d\u00e9cembre 2023\" \/>\n<meta name=\"robots\" content=\"index, follow, max-snippet:-1, max-image-preview:large, max-video-preview:-1\" \/>\n<link rel=\"canonical\" href=\"https:\/\/whatthefrance.org\/fr\/galo-dc-un-nouvel-e-p-et-un-concert-a-paris\/\" \/>\n<meta property=\"og:locale\" content=\"fr_FR\" \/>\n<meta property=\"og:type\" content=\"article\" \/>\n<meta property=\"og:title\" content=\"Galo DC | Un nouvel E.P. et un concert \u00e0 Paris !\" \/>\n<meta property=\"og:description\" content=\"Apr\u00e8s son tr\u00e8s r\u00e9cent E.P &quot;Jardin&quot;, l&#039;artiste Galo DC nous donne un nouveau rendez-vous au Point Eph\u00e9m\u00e8re de Paris le 08 d\u00e9cembre 2023\" \/>\n<meta property=\"og:url\" content=\"https:\/\/whatthefrance.org\/fr\/galo-dc-un-nouvel-e-p-et-un-concert-a-paris\/\" \/>\n<meta property=\"og:site_name\" content=\"What the France\" \/>\n<meta property=\"article:published_time\" content=\"2023-10-10T08:00:18+00:00\" \/>\n<meta property=\"og:image\" content=\"https:\/\/whatthefrance.org\/wp-content\/uploads\/2023\/10\/galodc_wordpress_what_the_france.png\" \/>\n\t<meta property=\"og:image:width\" content=\"1084\" \/>\n\t<meta property=\"og:image:height\" content=\"452\" \/>\n<meta name=\"author\" content=\"Marie-Sophie Administrateur\" \/>\n<meta name=\"twitter:card\" content=\"summary_large_image\" \/>\n<meta name=\"twitter:label1\" content=\"\u00c9crit par\" \/>\n\t<meta name=\"twitter:data1\" content=\"Marie-Sophie Administrateur\" \/>\n\t<meta name=\"twitter:label2\" content=\"Dur\u00e9e de lecture estim\u00e9e\" \/>\n\t<meta name=\"twitter:data2\" content=\"2 minutes\" \/>\n<script type=\"application\/ld+json\" class=\"yoast-schema-graph\">{\"@context\":\"https:\\\/\\\/schema.org\",\"@graph\":[{\"@type\":\"Article\",\"@id\":\"https:\\\/\\\/whatthefrance.org\\\/fr\\\/galo-dc-un-nouvel-e-p-et-un-concert-a-paris\\\/#article\",\"isPartOf\":{\"@id\":\"https:\\\/\\\/whatthefrance.org\\\/fr\\\/galo-dc-un-nouvel-e-p-et-un-concert-a-paris\\\/\"},\"author\":{\"name\":\"Marie-Sophie Administrateur\",\"@id\":\"https:\\\/\\\/whatthefrance.org\\\/fr\\\/#\\\/schema\\\/person\\\/3b7ea6fb70b536503b3e8c909c564a81\"},\"headline\":\"Galo DC | Un nouvel E.P. et un concert \u00e0 Paris !\",\"datePublished\":\"2023-10-10T08:00:18+00:00\",\"mainEntityOfPage\":{\"@id\":\"https:\\\/\\\/whatthefrance.org\\\/fr\\\/galo-dc-un-nouvel-e-p-et-un-concert-a-paris\\\/\"},\"wordCount\":280,\"publisher\":{\"@id\":\"https:\\\/\\\/whatthefrance.org\\\/fr\\\/#organization\"},\"keywords\":[\"Pop\",\"Synth Pop\"],\"articleSection\":[\"Event\"],\"inLanguage\":\"fr-FR\"},{\"@type\":\"WebPage\",\"@id\":\"https:\\\/\\\/whatthefrance.org\\\/fr\\\/galo-dc-un-nouvel-e-p-et-un-concert-a-paris\\\/\",\"url\":\"https:\\\/\\\/whatthefrance.org\\\/fr\\\/galo-dc-un-nouvel-e-p-et-un-concert-a-paris\\\/\",\"name\":\"Galo DC | Un nouvel E.P. et un concert \u00e0 Paris !\",\"isPartOf\":{\"@id\":\"https:\\\/\\\/whatthefrance.org\\\/fr\\\/#website\"},\"datePublished\":\"2023-10-10T08:00:18+00:00\",\"description\":\"Apr\u00e8s son tr\u00e8s r\u00e9cent E.P \\\"Jardin\\\", l'artiste Galo DC nous donne un nouveau rendez-vous au Point Eph\u00e9m\u00e8re de Paris le 08 d\u00e9cembre 2023\",\"breadcrumb\":{\"@id\":\"https:\\\/\\\/whatthefrance.org\\\/fr\\\/galo-dc-un-nouvel-e-p-et-un-concert-a-paris\\\/#breadcrumb\"},\"inLanguage\":\"fr-FR\",\"potentialAction\":[{\"@type\":\"ReadAction\",\"target\":[\"https:\\\/\\\/whatthefrance.org\\\/fr\\\/galo-dc-un-nouvel-e-p-et-un-concert-a-paris\\\/\"]}]},{\"@type\":\"BreadcrumbList\",\"@id\":\"https:\\\/\\\/whatthefrance.org\\\/fr\\\/galo-dc-un-nouvel-e-p-et-un-concert-a-paris\\\/#breadcrumb\",\"itemListElement\":[{\"@type\":\"ListItem\",\"position\":1,\"name\":\"Home\",\"item\":\"https:\\\/\\\/whatthefrance.org\\\/fr\\\/\"},{\"@type\":\"ListItem\",\"position\":2,\"name\":\"Galo DC | Un nouvel E.P. et un concert \u00e0 Paris !\"}]},{\"@type\":\"WebSite\",\"@id\":\"https:\\\/\\\/whatthefrance.org\\\/fr\\\/#website\",\"url\":\"https:\\\/\\\/whatthefrance.org\\\/fr\\\/\",\"name\":\"What the France\",\"description\":\"The finest music made in France !\",\"publisher\":{\"@id\":\"https:\\\/\\\/whatthefrance.org\\\/fr\\\/#organization\"},\"potentialAction\":[{\"@type\":\"SearchAction\",\"target\":{\"@type\":\"EntryPoint\",\"urlTemplate\":\"https:\\\/\\\/whatthefrance.org\\\/fr\\\/?s={search_term_string}\"},\"query-input\":{\"@type\":\"PropertyValueSpecification\",\"valueRequired\":true,\"valueName\":\"search_term_string\"}}],\"inLanguage\":\"fr-FR\"},{\"@type\":\"Organization\",\"@id\":\"https:\\\/\\\/whatthefrance.org\\\/fr\\\/#organization\",\"name\":\"What The France\",\"url\":\"https:\\\/\\\/whatthefrance.org\\\/fr\\\/\",\"logo\":{\"@type\":\"ImageObject\",\"inLanguage\":\"fr-FR\",\"@id\":\"https:\\\/\\\/whatthefrance.org\\\/fr\\\/#\\\/schema\\\/logo\\\/image\\\/\",\"url\":\"https:\\\/\\\/whatthefrance.org\\\/wp-content\\\/uploads\\\/2019\\\/12\\\/44688719_2251580388408837_694180218134331392_n-e1577679609190.png\",\"contentUrl\":\"https:\\\/\\\/whatthefrance.org\\\/wp-content\\\/uploads\\\/2019\\\/12\\\/44688719_2251580388408837_694180218134331392_n-e1577679609190.png\",\"width\":200,\"height\":200,\"caption\":\"What The France\"},\"image\":{\"@id\":\"https:\\\/\\\/whatthefrance.org\\\/fr\\\/#\\\/schema\\\/logo\\\/image\\\/\"}},{\"@type\":\"Person\",\"@id\":\"https:\\\/\\\/whatthefrance.org\\\/fr\\\/#\\\/schema\\\/person\\\/3b7ea6fb70b536503b3e8c909c564a81\",\"name\":\"Marie-Sophie Administrateur\",\"image\":{\"@type\":\"ImageObject\",\"inLanguage\":\"fr-FR\",\"@id\":\"https:\\\/\\\/secure.gravatar.com\\\/avatar\\\/d57e4552c73c8713409cd3c2de53bdb5d220ebdd76dc7ba351b2dbae89f5afa9?s=96&d=mm&r=g\",\"url\":\"https:\\\/\\\/secure.gravatar.com\\\/avatar\\\/d57e4552c73c8713409cd3c2de53bdb5d220ebdd76dc7ba351b2dbae89f5afa9?s=96&d=mm&r=g\",\"contentUrl\":\"https:\\\/\\\/secure.gravatar.com\\\/avatar\\\/d57e4552c73c8713409cd3c2de53bdb5d220ebdd76dc7ba351b2dbae89f5afa9?s=96&d=mm&r=g\",\"caption\":\"Marie-Sophie Administrateur\"}}]}<\/script>\n<!-- \/ Yoast SEO plugin. -->","yoast_head_json":{"title":"Galo DC | Un nouvel E.P. et un concert \u00e0 Paris !","description":"Apr\u00e8s son tr\u00e8s r\u00e9cent E.P \"Jardin\", l'artiste Galo DC nous donne un nouveau rendez-vous au Point Eph\u00e9m\u00e8re de Paris le 08 d\u00e9cembre 2023","robots":{"index":"index","follow":"follow","max-snippet":"max-snippet:-1","max-image-preview":"max-image-preview:large","max-video-preview":"max-video-preview:-1"},"canonical":"https:\/\/whatthefrance.org\/fr\/galo-dc-un-nouvel-e-p-et-un-concert-a-paris\/","og_locale":"fr_FR","og_type":"article","og_title":"Galo DC | Un nouvel E.P. et un concert \u00e0 Paris !","og_description":"Apr\u00e8s son tr\u00e8s r\u00e9cent E.P \"Jardin\", l'artiste Galo DC nous donne un nouveau rendez-vous au Point Eph\u00e9m\u00e8re de Paris le 08 d\u00e9cembre 2023","og_url":"https:\/\/whatthefrance.org\/fr\/galo-dc-un-nouvel-e-p-et-un-concert-a-paris\/","og_site_name":"What the France","article_published_time":"2023-10-10T08:00:18+00:00","og_image":[{"url":"https:\/\/whatthefrance.org\/wp-content\/uploads\/2023\/10\/galodc_wordpress_what_the_france.png","height":452,"width":1084,"type":""}],"author":"Marie-Sophie Administrateur","twitter_card":"summary_large_image","twitter_misc":{"\u00c9crit par":"Marie-Sophie Administrateur","Dur\u00e9e de lecture estim\u00e9e":"2 minutes"},"schema":{"@context":"https:\/\/schema.org","@graph":[{"@type":"Article","@id":"https:\/\/whatthefrance.org\/fr\/galo-dc-un-nouvel-e-p-et-un-concert-a-paris\/#article","isPartOf":{"@id":"https:\/\/whatthefrance.org\/fr\/galo-dc-un-nouvel-e-p-et-un-concert-a-paris\/"},"author":{"name":"Marie-Sophie Administrateur","@id":"https:\/\/whatthefrance.org\/fr\/#\/schema\/person\/3b7ea6fb70b536503b3e8c909c564a81"},"headline":"Galo DC | Un nouvel E.P. et un concert \u00e0 Paris !","datePublished":"2023-10-10T08:00:18+00:00","mainEntityOfPage":{"@id":"https:\/\/whatthefrance.org\/fr\/galo-dc-un-nouvel-e-p-et-un-concert-a-paris\/"},"wordCount":280,"publisher":{"@id":"https:\/\/whatthefrance.org\/fr\/#organization"},"keywords":["Pop","Synth Pop"],"articleSection":["Event"],"inLanguage":"fr-FR"},{"@type":"WebPage","@id":"https:\/\/whatthefrance.org\/fr\/galo-dc-un-nouvel-e-p-et-un-concert-a-paris\/","url":"https:\/\/whatthefrance.org\/fr\/galo-dc-un-nouvel-e-p-et-un-concert-a-paris\/","name":"Galo DC | Un nouvel E.P. et un concert \u00e0 Paris !","isPartOf":{"@id":"https:\/\/whatthefrance.org\/fr\/#website"},"datePublished":"2023-10-10T08:00:18+00:00","description":"Apr\u00e8s son tr\u00e8s r\u00e9cent E.P \"Jardin\", l'artiste Galo DC nous donne un nouveau rendez-vous au Point Eph\u00e9m\u00e8re de Paris le 08 d\u00e9cembre 2023","breadcrumb":{"@id":"https:\/\/whatthefrance.org\/fr\/galo-dc-un-nouvel-e-p-et-un-concert-a-paris\/#breadcrumb"},"inLanguage":"fr-FR","potentialAction":[{"@type":"ReadAction","target":["https:\/\/whatthefrance.org\/fr\/galo-dc-un-nouvel-e-p-et-un-concert-a-paris\/"]}]},{"@type":"BreadcrumbList","@id":"https:\/\/whatthefrance.org\/fr\/galo-dc-un-nouvel-e-p-et-un-concert-a-paris\/#breadcrumb","itemListElement":[{"@type":"ListItem","position":1,"name":"Home","item":"https:\/\/whatthefrance.org\/fr\/"},{"@type":"ListItem","position":2,"name":"Galo DC | Un nouvel E.P. et un concert \u00e0 Paris !"}]},{"@type":"WebSite","@id":"https:\/\/whatthefrance.org\/fr\/#website","url":"https:\/\/whatthefrance.org\/fr\/","name":"What the France","description":"The finest music made in France !","publisher":{"@id":"https:\/\/whatthefrance.org\/fr\/#organization"},"potentialAction":[{"@type":"SearchAction","target":{"@type":"EntryPoint","urlTemplate":"https:\/\/whatthefrance.org\/fr\/?s={search_term_string}"},"query-input":{"@type":"PropertyValueSpecification","valueRequired":true,"valueName":"search_term_string"}}],"inLanguage":"fr-FR"},{"@type":"Organization","@id":"https:\/\/whatthefrance.org\/fr\/#organization","name":"What The France","url":"https:\/\/whatthefrance.org\/fr\/","logo":{"@type":"ImageObject","inLanguage":"fr-FR","@id":"https:\/\/whatthefrance.org\/fr\/#\/schema\/logo\/image\/","url":"https:\/\/whatthefrance.org\/wp-content\/uploads\/2019\/12\/44688719_2251580388408837_694180218134331392_n-e1577679609190.png","contentUrl":"https:\/\/whatthefrance.org\/wp-content\/uploads\/2019\/12\/44688719_2251580388408837_694180218134331392_n-e1577679609190.png","width":200,"height":200,"caption":"What The France"},"image":{"@id":"https:\/\/whatthefrance.org\/fr\/#\/schema\/logo\/image\/"}},{"@type":"Person","@id":"https:\/\/whatthefrance.org\/fr\/#\/schema\/person\/3b7ea6fb70b536503b3e8c909c564a81","name":"Marie-Sophie Administrateur","image":{"@type":"ImageObject","inLanguage":"fr-FR","@id":"https:\/\/secure.gravatar.com\/avatar\/d57e4552c73c8713409cd3c2de53bdb5d220ebdd76dc7ba351b2dbae89f5afa9?s=96&d=mm&r=g","url":"https:\/\/secure.gravatar.com\/avatar\/d57e4552c73c8713409cd3c2de53bdb5d220ebdd76dc7ba351b2dbae89f5afa9?s=96&d=mm&r=g","contentUrl":"https:\/\/secure.gravatar.com\/avatar\/d57e4552c73c8713409cd3c2de53bdb5d220ebdd76dc7ba351b2dbae89f5afa9?s=96&d=mm&r=g","caption":"Marie-Sophie Administrateur"}}]}},"_links":{"self":[{"href":"https:\/\/whatthefrance.org\/fr\/wp-json\/wp\/v2\/posts\/61679","targetHints":{"allow":["GET"]}}],"collection":[{"href":"https:\/\/whatthefrance.org\/fr\/wp-json\/wp\/v2\/posts"}],"about":[{"href":"https:\/\/whatthefrance.org\/fr\/wp-json\/wp\/v2\/types\/post"}],"author":[{"embeddable":true,"href":"https:\/\/whatthefrance.org\/fr\/wp-json\/wp\/v2\/users\/6"}],"replies":[{"embeddable":true,"href":"https:\/\/whatthefrance.org\/fr\/wp-json\/wp\/v2\/comments?post=61679"}],"version-history":[{"count":2,"href":"https:\/\/whatthefrance.org\/fr\/wp-json\/wp\/v2\/posts\/61679\/revisions"}],"predecessor-version":[{"id":61691,"href":"https:\/\/whatthefrance.org\/fr\/wp-json\/wp\/v2\/posts\/61679\/revisions\/61691"}],"wp:attachment":[{"href":"https:\/\/whatthefrance.org\/fr\/wp-json\/wp\/v2\/media?parent=61679"}],"wp:term":[{"taxonomy":"category","embeddable":true,"href":"https:\/\/whatthefrance.org\/fr\/wp-json\/wp\/v2\/categories?post=61679"},{"taxonomy":"post_tag","embeddable":true,"href":"https:\/\/whatthefrance.org\/fr\/wp-json\/wp\/v2\/tags?post=61679"}],"curies":[{"name":"wp","href":"https:\/\/api.w.org\/{rel}","templated":true}]}}