{"id":6197,"date":"2019-03-26T17:04:45","date_gmt":"2019-03-26T16:04:45","guid":{"rendered":"https:\/\/whatthefrance.org\/?p=6197"},"modified":"2019-03-28T16:48:29","modified_gmt":"2019-03-28T15:48:29","slug":"sidi-wacho-des-dates-de-concerts-en-allemagne","status":"publish","type":"post","link":"https:\/\/whatthefrance.org\/fr\/sidi-wacho-des-dates-de-concerts-en-allemagne\/","title":{"rendered":"Sidi Wacho | Deux dates en Allemagne"},"content":{"rendered":"<p>Critique de la soci\u00e9t\u00e9, chaotique et exemple de la mondialisation des styles musicaux : Tout cela, c&rsquo;est le groupe franco-chilien <strong><a href=\"http:\/\/www.sidiwacho.com\/\" target=\"_blank\" rel=\"noopener noreferrer\">Sidi Wacho<\/a><\/strong>. Depuis quelques ann\u00e9es, ils font des tourn\u00e9es en Europe et en Am\u00e9rique du Sud. Leur deuxi\u00e8me album, <strong><em>Bordeliko<\/em><\/strong>, est sorti l&rsquo;ann\u00e9e derni\u00e8re &#8211; un disque plein de fractions argent\u00e9es.<\/p>\n<p>Toute l&rsquo;histoire de Sidi Wacho a commenc\u00e9 en 2014 entre Santiago et Paris, lorsque des musiciens chiliens, fran\u00e7ais et alg\u00e9riens d&rsquo;horizons tr\u00e8s diff\u00e9rents ont d\u00e9cid\u00e9 d&rsquo;\u00e9crire de la musique et de parler de leurs r\u00e9alit\u00e9s, de leurs inqui\u00e9tudes et de leurs luttes.<\/p>\n<p>Leur id\u00e9e \u00e9tait de composer leurs propres m\u00e9lodies afin de cr\u00e9er <strong>une expression culturelle pop sans fronti\u00e8res<\/strong>. Leurs chansons ont pour but de faire danser, chanter, lever le poing pour condamner l&rsquo;injustice qui r\u00e8gne dans les quartiers populaires de Paris, Santiago et Alger. Bien qu&rsquo;ils viennent du Chili, d&rsquo;Alg\u00e9rie, du P\u00e9rou et de France, ils se d\u00e9crivent comme des cosmopolites &#8211; la troupe rebelle se compose de deux MCs, un trompettiste, un accord\u00e9oniste et un batteur.<\/p>\n<p>Ils sont fiers de leur identit\u00e9 \u00ab\u00a0chaotique\u00a0\u00bb dans laquelle ils m\u00e9langent diff\u00e9rents sons, dialectes et r\u00eaves. Au cours de leurs cinq ann\u00e9es d&rsquo;existence, ils ont sorti deux albums &#8211; <em>Libreim<\/em> en 2016 et <em>Bordeliko<\/em> en 2018 &#8211; et ont donn\u00e9 des concerts dans le monde entier. <strong>Sidi Wacho<\/strong> gagne le c\u0153ur du public gr\u00e2ce \u00e0 son \u00e9nergie contagieuse, ses textes politiques contre le racisme et le capitalisme et ses nombreuses influences hip-hop, cumbia, \u00e9lectro et Balkans.<\/p>\n<p>https:\/\/www.youtube.com\/watch?v=mALnbhzheF0&#038;feature=youtu.be<\/p>\n<h2>Vivez l&rsquo;exp\u00e9rience de Sidi Wacho en direct lors de deux concerts en Allemagne :<\/h2>\n","protected":false},"excerpt":{"rendered":"<p>Critique de la soci\u00e9t\u00e9, chaotique et exemple de la mondialisation des styles musicaux : Tout cela, c&rsquo;est le groupe franco-chilien Sidi Wacho. Depuis quelques ann\u00e9es, ils font des tourn\u00e9es en Europe et en Am\u00e9rique du Sud. Leur deuxi\u00e8me album, Bordeliko, est sorti l&rsquo;ann\u00e9e derni\u00e8re &#8211; un disque plein de fractions argent\u00e9es. Toute l&rsquo;histoire de Sidi [&hellip;]<\/p>\n","protected":false},"author":6,"featured_media":0,"comment_status":"closed","ping_status":"closed","sticky":false,"template":"","format":"standard","meta":{"_acf_changed":false,"footnotes":""},"categories":[213],"tags":[303],"class_list":["post-6197","post","type-post","status-publish","format-standard","hentry","category-event-fr","tag-alternative-fr"],"acf":[],"yoast_head":"<!-- This site is optimized with the Yoast SEO plugin v27.3 - https:\/\/yoast.com\/product\/yoast-seo-wordpress\/ -->\n<title>Sidi Wacho | Deux dates en Allemagne - What the France<\/title>\n<meta name=\"robots\" content=\"index, follow, max-snippet:-1, max-image-preview:large, max-video-preview:-1\" \/>\n<link rel=\"canonical\" href=\"https:\/\/whatthefrance.org\/fr\/sidi-wacho-des-dates-de-concerts-en-allemagne\/\" \/>\n<meta property=\"og:locale\" content=\"fr_FR\" \/>\n<meta property=\"og:type\" content=\"article\" \/>\n<meta property=\"og:title\" content=\"Sidi Wacho | Deux dates en Allemagne - What the France\" \/>\n<meta property=\"og:description\" content=\"Critique de la soci\u00e9t\u00e9, chaotique et exemple de la mondialisation des styles musicaux : Tout cela, c&rsquo;est le groupe franco-chilien Sidi Wacho. Depuis quelques ann\u00e9es, ils font des tourn\u00e9es en Europe et en Am\u00e9rique du Sud. Leur deuxi\u00e8me album, Bordeliko, est sorti l&rsquo;ann\u00e9e derni\u00e8re &#8211; un disque plein de fractions argent\u00e9es. Toute l&rsquo;histoire de Sidi [&hellip;]\" \/>\n<meta property=\"og:url\" content=\"https:\/\/whatthefrance.org\/fr\/sidi-wacho-des-dates-de-concerts-en-allemagne\/\" \/>\n<meta property=\"og:site_name\" content=\"What the France\" \/>\n<meta property=\"article:published_time\" content=\"2019-03-26T16:04:45+00:00\" \/>\n<meta property=\"article:modified_time\" content=\"2019-03-28T15:48:29+00:00\" \/>\n<meta property=\"og:image\" content=\"https:\/\/whatthefrance.org\/wp-content\/uploads\/2019\/03\/SW_PRESS-PIC_2019.jpeg\" \/>\n\t<meta property=\"og:image:width\" content=\"5184\" \/>\n\t<meta property=\"og:image:height\" content=\"3456\" \/>\n<meta name=\"author\" content=\"Marie-Sophie Administrateur\" \/>\n<meta name=\"twitter:card\" content=\"summary_large_image\" \/>\n<meta name=\"twitter:label1\" content=\"\u00c9crit par\" \/>\n\t<meta name=\"twitter:data1\" content=\"Marie-Sophie Administrateur\" \/>\n\t<meta name=\"twitter:label2\" content=\"Dur\u00e9e de lecture estim\u00e9e\" \/>\n\t<meta name=\"twitter:data2\" content=\"1 minute\" \/>\n<script type=\"application\/ld+json\" class=\"yoast-schema-graph\">{\"@context\":\"https:\\\/\\\/schema.org\",\"@graph\":[{\"@type\":\"Article\",\"@id\":\"https:\\\/\\\/whatthefrance.org\\\/fr\\\/sidi-wacho-des-dates-de-concerts-en-allemagne\\\/#article\",\"isPartOf\":{\"@id\":\"https:\\\/\\\/whatthefrance.org\\\/fr\\\/sidi-wacho-des-dates-de-concerts-en-allemagne\\\/\"},\"author\":{\"name\":\"Marie-Sophie Administrateur\",\"@id\":\"https:\\\/\\\/whatthefrance.org\\\/fr\\\/#\\\/schema\\\/person\\\/3b7ea6fb70b536503b3e8c909c564a81\"},\"headline\":\"Sidi Wacho | Deux dates en Allemagne\",\"datePublished\":\"2019-03-26T16:04:45+00:00\",\"dateModified\":\"2019-03-28T15:48:29+00:00\",\"mainEntityOfPage\":{\"@id\":\"https:\\\/\\\/whatthefrance.org\\\/fr\\\/sidi-wacho-des-dates-de-concerts-en-allemagne\\\/\"},\"wordCount\":312,\"publisher\":{\"@id\":\"https:\\\/\\\/whatthefrance.org\\\/fr\\\/#organization\"},\"keywords\":[\"Alternative\"],\"articleSection\":[\"Event\"],\"inLanguage\":\"fr-FR\"},{\"@type\":\"WebPage\",\"@id\":\"https:\\\/\\\/whatthefrance.org\\\/fr\\\/sidi-wacho-des-dates-de-concerts-en-allemagne\\\/\",\"url\":\"https:\\\/\\\/whatthefrance.org\\\/fr\\\/sidi-wacho-des-dates-de-concerts-en-allemagne\\\/\",\"name\":\"Sidi Wacho | Deux dates en Allemagne - What the France\",\"isPartOf\":{\"@id\":\"https:\\\/\\\/whatthefrance.org\\\/fr\\\/#website\"},\"datePublished\":\"2019-03-26T16:04:45+00:00\",\"dateModified\":\"2019-03-28T15:48:29+00:00\",\"breadcrumb\":{\"@id\":\"https:\\\/\\\/whatthefrance.org\\\/fr\\\/sidi-wacho-des-dates-de-concerts-en-allemagne\\\/#breadcrumb\"},\"inLanguage\":\"fr-FR\",\"potentialAction\":[{\"@type\":\"ReadAction\",\"target\":[\"https:\\\/\\\/whatthefrance.org\\\/fr\\\/sidi-wacho-des-dates-de-concerts-en-allemagne\\\/\"]}]},{\"@type\":\"BreadcrumbList\",\"@id\":\"https:\\\/\\\/whatthefrance.org\\\/fr\\\/sidi-wacho-des-dates-de-concerts-en-allemagne\\\/#breadcrumb\",\"itemListElement\":[{\"@type\":\"ListItem\",\"position\":1,\"name\":\"Home\",\"item\":\"https:\\\/\\\/whatthefrance.org\\\/fr\\\/\"},{\"@type\":\"ListItem\",\"position\":2,\"name\":\"Sidi Wacho | Deux dates en Allemagne\"}]},{\"@type\":\"WebSite\",\"@id\":\"https:\\\/\\\/whatthefrance.org\\\/fr\\\/#website\",\"url\":\"https:\\\/\\\/whatthefrance.org\\\/fr\\\/\",\"name\":\"What the France\",\"description\":\"The finest music made in France !\",\"publisher\":{\"@id\":\"https:\\\/\\\/whatthefrance.org\\\/fr\\\/#organization\"},\"potentialAction\":[{\"@type\":\"SearchAction\",\"target\":{\"@type\":\"EntryPoint\",\"urlTemplate\":\"https:\\\/\\\/whatthefrance.org\\\/fr\\\/?s={search_term_string}\"},\"query-input\":{\"@type\":\"PropertyValueSpecification\",\"valueRequired\":true,\"valueName\":\"search_term_string\"}}],\"inLanguage\":\"fr-FR\"},{\"@type\":\"Organization\",\"@id\":\"https:\\\/\\\/whatthefrance.org\\\/fr\\\/#organization\",\"name\":\"What The France\",\"url\":\"https:\\\/\\\/whatthefrance.org\\\/fr\\\/\",\"logo\":{\"@type\":\"ImageObject\",\"inLanguage\":\"fr-FR\",\"@id\":\"https:\\\/\\\/whatthefrance.org\\\/fr\\\/#\\\/schema\\\/logo\\\/image\\\/\",\"url\":\"https:\\\/\\\/whatthefrance.org\\\/wp-content\\\/uploads\\\/2019\\\/12\\\/44688719_2251580388408837_694180218134331392_n-e1577679609190.png\",\"contentUrl\":\"https:\\\/\\\/whatthefrance.org\\\/wp-content\\\/uploads\\\/2019\\\/12\\\/44688719_2251580388408837_694180218134331392_n-e1577679609190.png\",\"width\":200,\"height\":200,\"caption\":\"What The France\"},\"image\":{\"@id\":\"https:\\\/\\\/whatthefrance.org\\\/fr\\\/#\\\/schema\\\/logo\\\/image\\\/\"}},{\"@type\":\"Person\",\"@id\":\"https:\\\/\\\/whatthefrance.org\\\/fr\\\/#\\\/schema\\\/person\\\/3b7ea6fb70b536503b3e8c909c564a81\",\"name\":\"Marie-Sophie Administrateur\",\"image\":{\"@type\":\"ImageObject\",\"inLanguage\":\"fr-FR\",\"@id\":\"https:\\\/\\\/secure.gravatar.com\\\/avatar\\\/d57e4552c73c8713409cd3c2de53bdb5d220ebdd76dc7ba351b2dbae89f5afa9?s=96&d=mm&r=g\",\"url\":\"https:\\\/\\\/secure.gravatar.com\\\/avatar\\\/d57e4552c73c8713409cd3c2de53bdb5d220ebdd76dc7ba351b2dbae89f5afa9?s=96&d=mm&r=g\",\"contentUrl\":\"https:\\\/\\\/secure.gravatar.com\\\/avatar\\\/d57e4552c73c8713409cd3c2de53bdb5d220ebdd76dc7ba351b2dbae89f5afa9?s=96&d=mm&r=g\",\"caption\":\"Marie-Sophie Administrateur\"}}]}<\/script>\n<!-- \/ Yoast SEO plugin. -->","yoast_head_json":{"title":"Sidi Wacho | Deux dates en Allemagne - What the France","robots":{"index":"index","follow":"follow","max-snippet":"max-snippet:-1","max-image-preview":"max-image-preview:large","max-video-preview":"max-video-preview:-1"},"canonical":"https:\/\/whatthefrance.org\/fr\/sidi-wacho-des-dates-de-concerts-en-allemagne\/","og_locale":"fr_FR","og_type":"article","og_title":"Sidi Wacho | Deux dates en Allemagne - What the France","og_description":"Critique de la soci\u00e9t\u00e9, chaotique et exemple de la mondialisation des styles musicaux : Tout cela, c&rsquo;est le groupe franco-chilien Sidi Wacho. Depuis quelques ann\u00e9es, ils font des tourn\u00e9es en Europe et en Am\u00e9rique du Sud. Leur deuxi\u00e8me album, Bordeliko, est sorti l&rsquo;ann\u00e9e derni\u00e8re &#8211; un disque plein de fractions argent\u00e9es. Toute l&rsquo;histoire de Sidi [&hellip;]","og_url":"https:\/\/whatthefrance.org\/fr\/sidi-wacho-des-dates-de-concerts-en-allemagne\/","og_site_name":"What the France","article_published_time":"2019-03-26T16:04:45+00:00","article_modified_time":"2019-03-28T15:48:29+00:00","og_image":[{"url":"https:\/\/whatthefrance.org\/wp-content\/uploads\/2019\/03\/SW_PRESS-PIC_2019.jpeg","height":3456,"width":5184,"type":""}],"author":"Marie-Sophie Administrateur","twitter_card":"summary_large_image","twitter_misc":{"\u00c9crit par":"Marie-Sophie Administrateur","Dur\u00e9e de lecture estim\u00e9e":"1 minute"},"schema":{"@context":"https:\/\/schema.org","@graph":[{"@type":"Article","@id":"https:\/\/whatthefrance.org\/fr\/sidi-wacho-des-dates-de-concerts-en-allemagne\/#article","isPartOf":{"@id":"https:\/\/whatthefrance.org\/fr\/sidi-wacho-des-dates-de-concerts-en-allemagne\/"},"author":{"name":"Marie-Sophie Administrateur","@id":"https:\/\/whatthefrance.org\/fr\/#\/schema\/person\/3b7ea6fb70b536503b3e8c909c564a81"},"headline":"Sidi Wacho | Deux dates en Allemagne","datePublished":"2019-03-26T16:04:45+00:00","dateModified":"2019-03-28T15:48:29+00:00","mainEntityOfPage":{"@id":"https:\/\/whatthefrance.org\/fr\/sidi-wacho-des-dates-de-concerts-en-allemagne\/"},"wordCount":312,"publisher":{"@id":"https:\/\/whatthefrance.org\/fr\/#organization"},"keywords":["Alternative"],"articleSection":["Event"],"inLanguage":"fr-FR"},{"@type":"WebPage","@id":"https:\/\/whatthefrance.org\/fr\/sidi-wacho-des-dates-de-concerts-en-allemagne\/","url":"https:\/\/whatthefrance.org\/fr\/sidi-wacho-des-dates-de-concerts-en-allemagne\/","name":"Sidi Wacho | Deux dates en Allemagne - What the France","isPartOf":{"@id":"https:\/\/whatthefrance.org\/fr\/#website"},"datePublished":"2019-03-26T16:04:45+00:00","dateModified":"2019-03-28T15:48:29+00:00","breadcrumb":{"@id":"https:\/\/whatthefrance.org\/fr\/sidi-wacho-des-dates-de-concerts-en-allemagne\/#breadcrumb"},"inLanguage":"fr-FR","potentialAction":[{"@type":"ReadAction","target":["https:\/\/whatthefrance.org\/fr\/sidi-wacho-des-dates-de-concerts-en-allemagne\/"]}]},{"@type":"BreadcrumbList","@id":"https:\/\/whatthefrance.org\/fr\/sidi-wacho-des-dates-de-concerts-en-allemagne\/#breadcrumb","itemListElement":[{"@type":"ListItem","position":1,"name":"Home","item":"https:\/\/whatthefrance.org\/fr\/"},{"@type":"ListItem","position":2,"name":"Sidi Wacho | Deux dates en Allemagne"}]},{"@type":"WebSite","@id":"https:\/\/whatthefrance.org\/fr\/#website","url":"https:\/\/whatthefrance.org\/fr\/","name":"What the France","description":"The finest music made in France !","publisher":{"@id":"https:\/\/whatthefrance.org\/fr\/#organization"},"potentialAction":[{"@type":"SearchAction","target":{"@type":"EntryPoint","urlTemplate":"https:\/\/whatthefrance.org\/fr\/?s={search_term_string}"},"query-input":{"@type":"PropertyValueSpecification","valueRequired":true,"valueName":"search_term_string"}}],"inLanguage":"fr-FR"},{"@type":"Organization","@id":"https:\/\/whatthefrance.org\/fr\/#organization","name":"What The France","url":"https:\/\/whatthefrance.org\/fr\/","logo":{"@type":"ImageObject","inLanguage":"fr-FR","@id":"https:\/\/whatthefrance.org\/fr\/#\/schema\/logo\/image\/","url":"https:\/\/whatthefrance.org\/wp-content\/uploads\/2019\/12\/44688719_2251580388408837_694180218134331392_n-e1577679609190.png","contentUrl":"https:\/\/whatthefrance.org\/wp-content\/uploads\/2019\/12\/44688719_2251580388408837_694180218134331392_n-e1577679609190.png","width":200,"height":200,"caption":"What The France"},"image":{"@id":"https:\/\/whatthefrance.org\/fr\/#\/schema\/logo\/image\/"}},{"@type":"Person","@id":"https:\/\/whatthefrance.org\/fr\/#\/schema\/person\/3b7ea6fb70b536503b3e8c909c564a81","name":"Marie-Sophie Administrateur","image":{"@type":"ImageObject","inLanguage":"fr-FR","@id":"https:\/\/secure.gravatar.com\/avatar\/d57e4552c73c8713409cd3c2de53bdb5d220ebdd76dc7ba351b2dbae89f5afa9?s=96&d=mm&r=g","url":"https:\/\/secure.gravatar.com\/avatar\/d57e4552c73c8713409cd3c2de53bdb5d220ebdd76dc7ba351b2dbae89f5afa9?s=96&d=mm&r=g","contentUrl":"https:\/\/secure.gravatar.com\/avatar\/d57e4552c73c8713409cd3c2de53bdb5d220ebdd76dc7ba351b2dbae89f5afa9?s=96&d=mm&r=g","caption":"Marie-Sophie Administrateur"}}]}},"_links":{"self":[{"href":"https:\/\/whatthefrance.org\/fr\/wp-json\/wp\/v2\/posts\/6197","targetHints":{"allow":["GET"]}}],"collection":[{"href":"https:\/\/whatthefrance.org\/fr\/wp-json\/wp\/v2\/posts"}],"about":[{"href":"https:\/\/whatthefrance.org\/fr\/wp-json\/wp\/v2\/types\/post"}],"author":[{"embeddable":true,"href":"https:\/\/whatthefrance.org\/fr\/wp-json\/wp\/v2\/users\/6"}],"replies":[{"embeddable":true,"href":"https:\/\/whatthefrance.org\/fr\/wp-json\/wp\/v2\/comments?post=6197"}],"version-history":[{"count":5,"href":"https:\/\/whatthefrance.org\/fr\/wp-json\/wp\/v2\/posts\/6197\/revisions"}],"predecessor-version":[{"id":6203,"href":"https:\/\/whatthefrance.org\/fr\/wp-json\/wp\/v2\/posts\/6197\/revisions\/6203"}],"wp:attachment":[{"href":"https:\/\/whatthefrance.org\/fr\/wp-json\/wp\/v2\/media?parent=6197"}],"wp:term":[{"taxonomy":"category","embeddable":true,"href":"https:\/\/whatthefrance.org\/fr\/wp-json\/wp\/v2\/categories?post=6197"},{"taxonomy":"post_tag","embeddable":true,"href":"https:\/\/whatthefrance.org\/fr\/wp-json\/wp\/v2\/tags?post=6197"}],"curies":[{"name":"wp","href":"https:\/\/api.w.org\/{rel}","templated":true}]}}