{"id":64355,"date":"2023-12-22T09:00:51","date_gmt":"2023-12-22T08:00:51","guid":{"rendered":"https:\/\/whatthefrance.org\/?p=64355"},"modified":"2024-01-09T10:23:41","modified_gmt":"2024-01-09T09:23:41","slug":"bise-festival-decouvrez-la-programmation-2024","status":"publish","type":"post","link":"https:\/\/whatthefrance.org\/fr\/bise-festival-decouvrez-la-programmation-2024\/","title":{"rendered":"BISE Festival | D\u00e9couvrez la programmation 2024 !"},"content":{"rendered":"<p><b><a href=\"https:\/\/bisefestival.com\">Le Festival BISE<\/a> revient pour sa quatri\u00e8me \u00e9dition avec la participation de 25 artistes qui se produiront du mardi 16 au mercredi 17 janvier 2024 \u00e0 Nantes !<\/b><\/p>\n<p><span style=\"font-weight: 400;\">Comme chaque ann\u00e9e, ce festival nantais vous fera d\u00e9couvrir des artistes \u00e9mergents en provenance de divers horizons musicaux tels que la pop, le hip-hop, l&rsquo;\u00e9lectro et le rock.<\/span><\/p>\n<p><span style=\"font-weight: 400;\">\u00a0<\/span><span style=\"font-weight: 400;\">Cet \u00e9v\u00e9nement est ouvert au public ainsi qu&rsquo;aux professionnels. Le Festival BISE est un lieu de rassemblement pour les passionn\u00e9s de musique, offrant la possibilit\u00e9 de d\u00e9couvrir de nouveaux talents. Il est organis\u00e9 par<strong> l\u2019association VADYM<\/strong>, constitu\u00e9e des entit\u00e9s \u00c0 Gauche de la Lune, Daydream Music, Yotanka Records, M\u00e9lodyn Production et Bleu Citron. Cette initiative est r\u00e9alis\u00e9e en coproduction avec Stereolux et Trempo et s\u2019inscrit en parall\u00e8le des Biennales internationales du spectacle 2024.<\/span><\/p>\n<p><span style=\"font-weight: 400;\">Cette ann\u00e9e, vous pourrez \u00e9couter : <a href=\"https:\/\/www.instagram.com\/agogazo\/\">Ago gazo<\/a> , <a href=\"https:\/\/www.instagram.com\/augusta.music\/\">Augusta<\/a>, <a href=\"https:\/\/instagram.com\/enfant.bon\/\">Bon Enfant,<\/a> <a href=\"https:\/\/www.instagram.com\/coltleduo\/\">Colt<\/a>, <a href=\"https:\/\/www.instagram.com\/cosmopaark\/\">Cosmopaark<\/a>, , <a href=\"https:\/\/www.instagram.com\/dinaamusic_\/\">Dinaa<\/a>, <a href=\"https:\/\/www.instagram.com\/ditter_theband\/\">Ditter<\/a>, <a href=\"https:\/\/www.instagram.com\/enae_music\/\">\u00c9n\u00e9ae<\/a>, <a href=\"https:\/\/www.instagram.com\/hyperjacuzzi\/\">Hyper Jacuzz<\/a>i, <a href=\"https:\/\/www.instagram.com\/ipndego\/\">Ipndego<\/a>, <a href=\"https:\/\/www.instagram.com\/jenyshasfun\/\">Jenys<\/a>, <a href=\"https:\/\/www.instagram.com\/joanne.radao\/\">Joanne Radao<\/a>, <a href=\"https:\/\/www.instagram.com\/klonfamily\/\">Klon<\/a>, <a href=\"https:\/\/www.instagram.com\/soylavalentina_\/\">La Valentina<\/a>, <a href=\"https:\/\/www.instagram.com\/loverman.95\/\">Loverman<\/a>, <a href=\"https:\/\/www.instagram.com\/makotosanmusic\/\">Makoto San<\/a>, <a href=\"https:\/\/www.instagram.com\/malvina.mrcds\/\">Malvina<\/a>, <a href=\"https:\/\/www.instagram.com\/lafamillemaraboutage\/\">Maraboutage<\/a>, <a href=\"https:\/\/www.instagram.com\/mimosa.gouv\/\">Mimosa<\/a>, <a href=\"https:\/\/www.instagram.com\/nathalie_froehlich\/\">Nathalie Froehlich<\/a>, <a href=\"https:\/\/www.instagram.com\/iamnoormusic\/\">Noor<\/a>, <a href=\"https:\/\/www.instagram.com\/funkyrandy\/\">Randy<\/a>, <a href=\"https:\/\/www.instagram.com\/robertrobertmusic\/\">Robert Robert<\/a>, <a href=\"https:\/\/www.instagram.com\/surprise0420\/\">Surprise<\/a> et <a href=\"https:\/\/www.instagram.com\/visceral.band\/\">Visc\u00e9ral<\/a>.<\/span><\/p>\n<div class=\"playListBloc singleBloc\"><div class=\"playListBloc-wrap\">    <div class=\"thumbnail\"><img data-src=\"https:\/\/whatthefrance.org\/wp-content\/uploads\/2024\/01\/WTF-Cover-Events_bise_fest_2024-254x254.jpg\" class=\"lazyload\" alt=\"WTF&#8212;Cover-Events_bise_fest_2024\" \/>    <\/div>    <div class=\"infos\">        <span class=\"tag\">Events<\/span>        <h2>BISE Festival 2024<\/h2>        <span class=\"separator\"><\/span>       <span class=\"desc\">Discover a selection of songs from the artists that will be performing at the BISE.<\/span><div class=\"share flex flexAlignCenter \">\t<span class=\"label\">Partager<\/span>\t<a href=\"https:\/\/www.facebook.com\/sharer\/sharer.php?u=https:\/\/whatthefrance.org\/fr\/playlists\/bise-festival-2024\/\" class=\"facebook\" target=\"_blank\" rel=\"noreferrer\">Facebook<\/a>\t<a href=\"https:\/\/twitter.com\/intent\/tweet?url=https:\/\/whatthefrance.org\/fr\/playlists\/bise-festival-2024\/&text=BISE+Festival+2024&hashtags=WTF\" class=\"twitter\" target=\"_blank\" rel=\"noreferrer\">Twitter<\/a>\t<a href=\"mailto:?subject=What%20the%20France%20%3A%20BISE%20Festival%202024&body=https:\/\/whatthefrance.org\/fr\/playlists\/bise-festival-2024\/\" class=\"mail\" target=\"_blank\" rel=\"noreferrer\">Email<\/a><\/div>        <a href=\"#\" class=\"btn btnPlaylist orange playlist-click\" data-id=\"64518\">            <svg version=\"1.1\" x=\"0px\" y=\"0px\" width=\"40px\" height=\"40px\" viewBox=\"0 0 213.7 213.7\" enable-background=\"new 0 0 213.7 213.7\" xml:space=\"preserve\">                <polygon class=\"triangle\" fill=\"none\" stroke-width=\"10\" stroke-linecap=\"round\" stroke-linejoin=\"round\" stroke-miterlimit=\"10\" points=\"\n            73.5,62.5 148.5,105.8 73.5,149.1 \"\/>                <circle class=\"circle\" fill=\"none\"  stroke-width=\"8\" stroke-linecap=\"round\" stroke-linejoin=\"round\" stroke-miterlimit=\"10\" cx=\"106.8\" cy=\"106.8\" r=\"103.3\"\/>                <circle class=\"circle-white\" fill=\"none\"  stroke-width=\"8\" stroke-linecap=\"round\" stroke-linejoin=\"round\" stroke-miterlimit=\"10\" cx=\"106.8\" cy=\"106.8\" r=\"103.3\"\/>            <\/svg>Ecouter        <\/a>    <\/div>  <\/div><\/div>\n","protected":false},"excerpt":{"rendered":"<p>Le Festival BISE revient pour sa quatri\u00e8me \u00e9dition avec la participation de 25 artistes qui se produiront du mardi 16 au mercredi 17 janvier 2024 \u00e0 Nantes ! Comme chaque ann\u00e9e, ce festival nantais vous fera d\u00e9couvrir des artistes \u00e9mergents en provenance de divers horizons musicaux tels que la pop, le hip-hop, l&rsquo;\u00e9lectro et le [&hellip;]<\/p>\n","protected":false},"author":50,"featured_media":0,"comment_status":"closed","ping_status":"closed","sticky":false,"template":"","format":"standard","meta":{"_acf_changed":false,"footnotes":""},"categories":[213],"tags":[323,302,340,351],"class_list":["post-64355","post","type-post","status-publish","format-standard","hentry","category-event-fr","tag-electronic-fr","tag-hip-hop-fr","tag-pop-fr","tag-rock-fr"],"acf":[],"yoast_head":"<!-- This site is optimized with the Yoast SEO plugin v27.3 - https:\/\/yoast.com\/product\/yoast-seo-wordpress\/ -->\n<title>BISE Festival | D\u00e9couvrez la programmation 2024 ! - What the France<\/title>\n<meta name=\"robots\" content=\"index, follow, max-snippet:-1, max-image-preview:large, max-video-preview:-1\" \/>\n<link rel=\"canonical\" href=\"https:\/\/whatthefrance.org\/fr\/bise-festival-decouvrez-la-programmation-2024\/\" \/>\n<meta property=\"og:locale\" content=\"fr_FR\" \/>\n<meta property=\"og:type\" content=\"article\" \/>\n<meta property=\"og:title\" content=\"BISE Festival | D\u00e9couvrez la programmation 2024 ! - What the France\" \/>\n<meta property=\"og:description\" content=\"Le Festival BISE revient pour sa quatri\u00e8me \u00e9dition avec la participation de 25 artistes qui se produiront du mardi 16 au mercredi 17 janvier 2024 \u00e0 Nantes ! Comme chaque ann\u00e9e, ce festival nantais vous fera d\u00e9couvrir des artistes \u00e9mergents en provenance de divers horizons musicaux tels que la pop, le hip-hop, l&rsquo;\u00e9lectro et le [&hellip;]\" \/>\n<meta property=\"og:url\" content=\"https:\/\/whatthefrance.org\/fr\/bise-festival-decouvrez-la-programmation-2024\/\" \/>\n<meta property=\"og:site_name\" content=\"What the France\" \/>\n<meta property=\"article:published_time\" content=\"2023-12-22T08:00:51+00:00\" \/>\n<meta property=\"article:modified_time\" content=\"2024-01-09T09:23:41+00:00\" \/>\n<meta property=\"og:image\" content=\"https:\/\/whatthefrance.org\/wp-content\/uploads\/2023\/12\/bise_festival_wordpress_what_the_france.png\" \/>\n\t<meta property=\"og:image:width\" content=\"1084\" \/>\n\t<meta property=\"og:image:height\" content=\"452\" \/>\n<meta name=\"author\" content=\"Margot Baffetti\" \/>\n<meta name=\"twitter:card\" content=\"summary_large_image\" \/>\n<meta name=\"twitter:label1\" content=\"\u00c9crit par\" \/>\n\t<meta name=\"twitter:data1\" content=\"Margot Baffetti\" \/>\n\t<meta name=\"twitter:label2\" content=\"Dur\u00e9e de lecture estim\u00e9e\" \/>\n\t<meta name=\"twitter:data2\" content=\"1 minute\" \/>\n<script type=\"application\/ld+json\" class=\"yoast-schema-graph\">{\"@context\":\"https:\\\/\\\/schema.org\",\"@graph\":[{\"@type\":\"Article\",\"@id\":\"https:\\\/\\\/whatthefrance.org\\\/fr\\\/bise-festival-decouvrez-la-programmation-2024\\\/#article\",\"isPartOf\":{\"@id\":\"https:\\\/\\\/whatthefrance.org\\\/fr\\\/bise-festival-decouvrez-la-programmation-2024\\\/\"},\"author\":{\"name\":\"Margot Baffetti\",\"@id\":\"https:\\\/\\\/whatthefrance.org\\\/fr\\\/#\\\/schema\\\/person\\\/3dd4c45aeb9c32c1f8aa773bebcb192f\"},\"headline\":\"BISE Festival | D\u00e9couvrez la programmation 2024 !\",\"datePublished\":\"2023-12-22T08:00:51+00:00\",\"dateModified\":\"2024-01-09T09:23:41+00:00\",\"mainEntityOfPage\":{\"@id\":\"https:\\\/\\\/whatthefrance.org\\\/fr\\\/bise-festival-decouvrez-la-programmation-2024\\\/\"},\"wordCount\":187,\"publisher\":{\"@id\":\"https:\\\/\\\/whatthefrance.org\\\/fr\\\/#organization\"},\"keywords\":[\"Electronic\",\"Hip-Hop\",\"Pop\",\"Rock\"],\"articleSection\":[\"Event\"],\"inLanguage\":\"fr-FR\"},{\"@type\":\"WebPage\",\"@id\":\"https:\\\/\\\/whatthefrance.org\\\/fr\\\/bise-festival-decouvrez-la-programmation-2024\\\/\",\"url\":\"https:\\\/\\\/whatthefrance.org\\\/fr\\\/bise-festival-decouvrez-la-programmation-2024\\\/\",\"name\":\"BISE Festival | D\u00e9couvrez la programmation 2024 ! - What the France\",\"isPartOf\":{\"@id\":\"https:\\\/\\\/whatthefrance.org\\\/fr\\\/#website\"},\"datePublished\":\"2023-12-22T08:00:51+00:00\",\"dateModified\":\"2024-01-09T09:23:41+00:00\",\"breadcrumb\":{\"@id\":\"https:\\\/\\\/whatthefrance.org\\\/fr\\\/bise-festival-decouvrez-la-programmation-2024\\\/#breadcrumb\"},\"inLanguage\":\"fr-FR\",\"potentialAction\":[{\"@type\":\"ReadAction\",\"target\":[\"https:\\\/\\\/whatthefrance.org\\\/fr\\\/bise-festival-decouvrez-la-programmation-2024\\\/\"]}]},{\"@type\":\"BreadcrumbList\",\"@id\":\"https:\\\/\\\/whatthefrance.org\\\/fr\\\/bise-festival-decouvrez-la-programmation-2024\\\/#breadcrumb\",\"itemListElement\":[{\"@type\":\"ListItem\",\"position\":1,\"name\":\"Home\",\"item\":\"https:\\\/\\\/whatthefrance.org\\\/fr\\\/\"},{\"@type\":\"ListItem\",\"position\":2,\"name\":\"BISE Festival | D\u00e9couvrez la programmation 2024 !\"}]},{\"@type\":\"WebSite\",\"@id\":\"https:\\\/\\\/whatthefrance.org\\\/fr\\\/#website\",\"url\":\"https:\\\/\\\/whatthefrance.org\\\/fr\\\/\",\"name\":\"What the France\",\"description\":\"The finest music made in France !\",\"publisher\":{\"@id\":\"https:\\\/\\\/whatthefrance.org\\\/fr\\\/#organization\"},\"potentialAction\":[{\"@type\":\"SearchAction\",\"target\":{\"@type\":\"EntryPoint\",\"urlTemplate\":\"https:\\\/\\\/whatthefrance.org\\\/fr\\\/?s={search_term_string}\"},\"query-input\":{\"@type\":\"PropertyValueSpecification\",\"valueRequired\":true,\"valueName\":\"search_term_string\"}}],\"inLanguage\":\"fr-FR\"},{\"@type\":\"Organization\",\"@id\":\"https:\\\/\\\/whatthefrance.org\\\/fr\\\/#organization\",\"name\":\"What The France\",\"url\":\"https:\\\/\\\/whatthefrance.org\\\/fr\\\/\",\"logo\":{\"@type\":\"ImageObject\",\"inLanguage\":\"fr-FR\",\"@id\":\"https:\\\/\\\/whatthefrance.org\\\/fr\\\/#\\\/schema\\\/logo\\\/image\\\/\",\"url\":\"https:\\\/\\\/whatthefrance.org\\\/wp-content\\\/uploads\\\/2019\\\/12\\\/44688719_2251580388408837_694180218134331392_n-e1577679609190.png\",\"contentUrl\":\"https:\\\/\\\/whatthefrance.org\\\/wp-content\\\/uploads\\\/2019\\\/12\\\/44688719_2251580388408837_694180218134331392_n-e1577679609190.png\",\"width\":200,\"height\":200,\"caption\":\"What The France\"},\"image\":{\"@id\":\"https:\\\/\\\/whatthefrance.org\\\/fr\\\/#\\\/schema\\\/logo\\\/image\\\/\"}},{\"@type\":\"Person\",\"@id\":\"https:\\\/\\\/whatthefrance.org\\\/fr\\\/#\\\/schema\\\/person\\\/3dd4c45aeb9c32c1f8aa773bebcb192f\",\"name\":\"Margot Baffetti\",\"image\":{\"@type\":\"ImageObject\",\"inLanguage\":\"fr-FR\",\"@id\":\"https:\\\/\\\/secure.gravatar.com\\\/avatar\\\/be9cb5019a90167e06d9f9c815e99926ffa9dbed341d7fb8e62390e796081d27?s=96&d=mm&r=g\",\"url\":\"https:\\\/\\\/secure.gravatar.com\\\/avatar\\\/be9cb5019a90167e06d9f9c815e99926ffa9dbed341d7fb8e62390e796081d27?s=96&d=mm&r=g\",\"contentUrl\":\"https:\\\/\\\/secure.gravatar.com\\\/avatar\\\/be9cb5019a90167e06d9f9c815e99926ffa9dbed341d7fb8e62390e796081d27?s=96&d=mm&r=g\",\"caption\":\"Margot Baffetti\"}}]}<\/script>\n<!-- \/ Yoast SEO plugin. -->","yoast_head_json":{"title":"BISE Festival | D\u00e9couvrez la programmation 2024 ! - What the France","robots":{"index":"index","follow":"follow","max-snippet":"max-snippet:-1","max-image-preview":"max-image-preview:large","max-video-preview":"max-video-preview:-1"},"canonical":"https:\/\/whatthefrance.org\/fr\/bise-festival-decouvrez-la-programmation-2024\/","og_locale":"fr_FR","og_type":"article","og_title":"BISE Festival | D\u00e9couvrez la programmation 2024 ! - What the France","og_description":"Le Festival BISE revient pour sa quatri\u00e8me \u00e9dition avec la participation de 25 artistes qui se produiront du mardi 16 au mercredi 17 janvier 2024 \u00e0 Nantes ! Comme chaque ann\u00e9e, ce festival nantais vous fera d\u00e9couvrir des artistes \u00e9mergents en provenance de divers horizons musicaux tels que la pop, le hip-hop, l&rsquo;\u00e9lectro et le [&hellip;]","og_url":"https:\/\/whatthefrance.org\/fr\/bise-festival-decouvrez-la-programmation-2024\/","og_site_name":"What the France","article_published_time":"2023-12-22T08:00:51+00:00","article_modified_time":"2024-01-09T09:23:41+00:00","og_image":[{"url":"https:\/\/whatthefrance.org\/wp-content\/uploads\/2023\/12\/bise_festival_wordpress_what_the_france.png","height":452,"width":1084,"type":""}],"author":"Margot Baffetti","twitter_card":"summary_large_image","twitter_misc":{"\u00c9crit par":"Margot Baffetti","Dur\u00e9e de lecture estim\u00e9e":"1 minute"},"schema":{"@context":"https:\/\/schema.org","@graph":[{"@type":"Article","@id":"https:\/\/whatthefrance.org\/fr\/bise-festival-decouvrez-la-programmation-2024\/#article","isPartOf":{"@id":"https:\/\/whatthefrance.org\/fr\/bise-festival-decouvrez-la-programmation-2024\/"},"author":{"name":"Margot Baffetti","@id":"https:\/\/whatthefrance.org\/fr\/#\/schema\/person\/3dd4c45aeb9c32c1f8aa773bebcb192f"},"headline":"BISE Festival | D\u00e9couvrez la programmation 2024 !","datePublished":"2023-12-22T08:00:51+00:00","dateModified":"2024-01-09T09:23:41+00:00","mainEntityOfPage":{"@id":"https:\/\/whatthefrance.org\/fr\/bise-festival-decouvrez-la-programmation-2024\/"},"wordCount":187,"publisher":{"@id":"https:\/\/whatthefrance.org\/fr\/#organization"},"keywords":["Electronic","Hip-Hop","Pop","Rock"],"articleSection":["Event"],"inLanguage":"fr-FR"},{"@type":"WebPage","@id":"https:\/\/whatthefrance.org\/fr\/bise-festival-decouvrez-la-programmation-2024\/","url":"https:\/\/whatthefrance.org\/fr\/bise-festival-decouvrez-la-programmation-2024\/","name":"BISE Festival | D\u00e9couvrez la programmation 2024 ! - What the France","isPartOf":{"@id":"https:\/\/whatthefrance.org\/fr\/#website"},"datePublished":"2023-12-22T08:00:51+00:00","dateModified":"2024-01-09T09:23:41+00:00","breadcrumb":{"@id":"https:\/\/whatthefrance.org\/fr\/bise-festival-decouvrez-la-programmation-2024\/#breadcrumb"},"inLanguage":"fr-FR","potentialAction":[{"@type":"ReadAction","target":["https:\/\/whatthefrance.org\/fr\/bise-festival-decouvrez-la-programmation-2024\/"]}]},{"@type":"BreadcrumbList","@id":"https:\/\/whatthefrance.org\/fr\/bise-festival-decouvrez-la-programmation-2024\/#breadcrumb","itemListElement":[{"@type":"ListItem","position":1,"name":"Home","item":"https:\/\/whatthefrance.org\/fr\/"},{"@type":"ListItem","position":2,"name":"BISE Festival | D\u00e9couvrez la programmation 2024 !"}]},{"@type":"WebSite","@id":"https:\/\/whatthefrance.org\/fr\/#website","url":"https:\/\/whatthefrance.org\/fr\/","name":"What the France","description":"The finest music made in France !","publisher":{"@id":"https:\/\/whatthefrance.org\/fr\/#organization"},"potentialAction":[{"@type":"SearchAction","target":{"@type":"EntryPoint","urlTemplate":"https:\/\/whatthefrance.org\/fr\/?s={search_term_string}"},"query-input":{"@type":"PropertyValueSpecification","valueRequired":true,"valueName":"search_term_string"}}],"inLanguage":"fr-FR"},{"@type":"Organization","@id":"https:\/\/whatthefrance.org\/fr\/#organization","name":"What The France","url":"https:\/\/whatthefrance.org\/fr\/","logo":{"@type":"ImageObject","inLanguage":"fr-FR","@id":"https:\/\/whatthefrance.org\/fr\/#\/schema\/logo\/image\/","url":"https:\/\/whatthefrance.org\/wp-content\/uploads\/2019\/12\/44688719_2251580388408837_694180218134331392_n-e1577679609190.png","contentUrl":"https:\/\/whatthefrance.org\/wp-content\/uploads\/2019\/12\/44688719_2251580388408837_694180218134331392_n-e1577679609190.png","width":200,"height":200,"caption":"What The France"},"image":{"@id":"https:\/\/whatthefrance.org\/fr\/#\/schema\/logo\/image\/"}},{"@type":"Person","@id":"https:\/\/whatthefrance.org\/fr\/#\/schema\/person\/3dd4c45aeb9c32c1f8aa773bebcb192f","name":"Margot Baffetti","image":{"@type":"ImageObject","inLanguage":"fr-FR","@id":"https:\/\/secure.gravatar.com\/avatar\/be9cb5019a90167e06d9f9c815e99926ffa9dbed341d7fb8e62390e796081d27?s=96&d=mm&r=g","url":"https:\/\/secure.gravatar.com\/avatar\/be9cb5019a90167e06d9f9c815e99926ffa9dbed341d7fb8e62390e796081d27?s=96&d=mm&r=g","contentUrl":"https:\/\/secure.gravatar.com\/avatar\/be9cb5019a90167e06d9f9c815e99926ffa9dbed341d7fb8e62390e796081d27?s=96&d=mm&r=g","caption":"Margot Baffetti"}}]}},"_links":{"self":[{"href":"https:\/\/whatthefrance.org\/fr\/wp-json\/wp\/v2\/posts\/64355","targetHints":{"allow":["GET"]}}],"collection":[{"href":"https:\/\/whatthefrance.org\/fr\/wp-json\/wp\/v2\/posts"}],"about":[{"href":"https:\/\/whatthefrance.org\/fr\/wp-json\/wp\/v2\/types\/post"}],"author":[{"embeddable":true,"href":"https:\/\/whatthefrance.org\/fr\/wp-json\/wp\/v2\/users\/50"}],"replies":[{"embeddable":true,"href":"https:\/\/whatthefrance.org\/fr\/wp-json\/wp\/v2\/comments?post=64355"}],"version-history":[{"count":9,"href":"https:\/\/whatthefrance.org\/fr\/wp-json\/wp\/v2\/posts\/64355\/revisions"}],"predecessor-version":[{"id":64759,"href":"https:\/\/whatthefrance.org\/fr\/wp-json\/wp\/v2\/posts\/64355\/revisions\/64759"}],"wp:attachment":[{"href":"https:\/\/whatthefrance.org\/fr\/wp-json\/wp\/v2\/media?parent=64355"}],"wp:term":[{"taxonomy":"category","embeddable":true,"href":"https:\/\/whatthefrance.org\/fr\/wp-json\/wp\/v2\/categories?post=64355"},{"taxonomy":"post_tag","embeddable":true,"href":"https:\/\/whatthefrance.org\/fr\/wp-json\/wp\/v2\/tags?post=64355"}],"curies":[{"name":"wp","href":"https:\/\/api.w.org\/{rel}","templated":true}]}}