{"id":65034,"date":"2024-01-18T10:00:20","date_gmt":"2024-01-18T09:00:20","guid":{"rendered":"https:\/\/whatthefrance.org\/?p=65034"},"modified":"2024-01-17T22:37:22","modified_gmt":"2024-01-17T21:37:22","slug":"air-une-tournee-pour-feter-les-25-ans-de-leur-album-moon-safari","status":"publish","type":"post","link":"https:\/\/whatthefrance.org\/fr\/air-une-tournee-pour-feter-les-25-ans-de-leur-album-moon-safari\/","title":{"rendered":"Air | Une tourn\u00e9e pour f\u00eater les 25 ans de leur album Moon Safari !"},"content":{"rendered":"<p>Le 16 janvier 1998, <a href=\"https:\/\/www.instagram.com\/airfrenchband\/\">Air<\/a>, le duo compos\u00e9 de Nicolas Godin et Jean-Beno\u00eet Dunckel,\u00a0sortait\u00a0<strong><em>Moon Safari<\/em><\/strong>, un album qui allait r\u00e9volutionner\u00a0l\u2019\u00e9lectro fran\u00e7aise\u00a0gr\u00e2ce \u00e0\u00a0un mariage r\u00e9ussi\u00a0entre\u00a0la\u00a0musique \u00e9lectronique et\u00a0le\u00a0rock,\u00a0mais aussi \u00e0 cause de\u00a0son\u00a0habile\u00a0utilisation d&rsquo;instruments acoustiques. Les singles \u00ab\u00a0Sexy Boy\u00a0\u00bb et \u00ab\u00a0All I Need\u00a0\u00bb ont \u00e9t\u00e9 les plus gros succ\u00e8s\u00a0de ce disque, qui est consid\u00e9r\u00e9 comme l&rsquo;un des meilleurs albums de musique \u00e9lectronique jamais r\u00e9alis\u00e9s.\u00a0Par la suite,\u00a0Air a continu\u00e9 \u00e0 produire de la musique de qualit\u00e9 tout au long de sa carri\u00e8re.<\/p>\n<p><iframe loading=\"lazy\" title=\"AIR - Sexy Boy (from \ud835\udc40\ud835\udc5c\ud835\udc5c\ud835\udc5b \ud835\udc46\ud835\udc4e\ud835\udc53\ud835\udc4e\ud835\udc5f\ud835\udc56 - Official Video)\" width=\"500\" height=\"375\" src=\"https:\/\/www.youtube.com\/embed\/wouKI_myXxk?feature=oembed\" frameborder=\"0\" allow=\"accelerometer; autoplay; clipboard-write; encrypted-media; gyroscope; picture-in-picture; web-share\" referrerpolicy=\"strict-origin-when-cross-origin\" allowfullscreen><\/iframe><\/p>\n<div class=\"aVla3\">\n<div class=\"\">\n<div class=\"wide-content-host\">\n<div class=\"SlLx9 WWy1F byzS1 WWy1F\" tabindex=\"-1\" aria-label=\"Courrier \u00e9lectronique\">\n<div class=\"wnVEW\">\n<div class=\"Yy5or GNqVo yxtKT allowTextSelection OuGoX\" tabindex=\"-1\" role=\"document\" aria-label=\"Corps du message\">\n<div lang=\"fr\">\n<p>Aujourd&rsquo;hui, 25 ans plus tard,\u00a0<strong><i>Moon Safari<\/i><\/strong>\u00a0r\u00e9siste avec gr\u00e2ce \u00e0 l&rsquo;\u00e9preuve du temps.\u00a0Cet opus\u00a0demeure une \u0153uvre embl\u00e9matique qui a su captiver\u00a0l&rsquo;imagination de g\u00e9n\u00e9rations enti\u00e8res. Les\u00a0rythmiques\u00a0envo\u00fbtantes\u00a0et l&rsquo;atmosph\u00e8re soigneusement orchestr\u00e9e\u00a0de\u00a0Air, associ\u00e9es \u00e0 la justesse de la r\u00e9alisation et aux m\u00e9lodies ent\u00eatantes, ont propuls\u00e9 le groupe vers les sommets de la post\u00e9rit\u00e9 musicale.<\/p>\n<div>\n<p aria-hidden=\"true\"><span style=\"font-size: 1.6rem;\">Pour c\u00e9l\u00e9brer cet anniversaire marquant, Air a d\u00e9cid\u00e9 de redonner vie \u00e0 <\/span><strong><i style=\"font-size: 1.6rem;\">Moon Safar<\/i><\/strong><span style=\"font-size: 1.6rem;\"><strong>i<\/strong> sur sc\u00e8ne pour la premi\u00e8re fois en 2024. Une tourn\u00e9e europ\u00e9enne est pr\u00e9vue, avec une date particuli\u00e8rement attendue \u00e0 L&rsquo;Olympia \u00e0 Paris le 7 mars prochain. Ce sera l&rsquo;occasion pour les fans de revivre l&rsquo;\u00e9pop\u00e9e sonore de cet album mythique qui a su red\u00e9finir le paysage musical \u00e9lectronique tout en inspirant de nombreux d\u2019artistes fran\u00e7ais et internationaux.<\/span><\/p>\n<\/div>\n<\/div>\n<\/div>\n<\/div>\n<\/div>\n<\/div>\n<\/div>\n<\/div>\n<div class=\"aVla3\">\n<div class=\"\">\n<div class=\"GjFKx WWy1F YoK0k\" tabindex=\"-1\">\n<div class=\"jmmB7 Ts94W allowTextSelection\">\n<div class=\"c7KoH\"><div class=\"playListBloc singleBloc\"><div class=\"playListBloc-wrap\">    <div class=\"thumbnail\"><img data-src=\"https:\/\/whatthefrance.org\/wp-content\/uploads\/2018\/11\/WTF-Pochettes_french_touch_5-254x254.jpg\" class=\"lazyload\" alt=\"WTF&#8212;Pochettes_french_touch_5\" \/>    <\/div>    <div class=\"infos\">        <span class=\"tag\">Genres<\/span>        <h2>French Touch 2.0<\/h2>        <span class=\"separator\"><\/span>       <span class=\"desc\">Get your hands on the latest electronic music hits made in France.<\/span><div class=\"share flex flexAlignCenter \">\t<span class=\"label\">Partager<\/span>\t<a href=\"https:\/\/www.facebook.com\/sharer\/sharer.php?u=https:\/\/whatthefrance.org\/fr\/playlists\/french-touch-2-0\/\" class=\"facebook\" target=\"_blank\" rel=\"noreferrer\">Facebook<\/a>\t<a href=\"https:\/\/twitter.com\/intent\/tweet?url=https:\/\/whatthefrance.org\/fr\/playlists\/french-touch-2-0\/&text=French+Touch+2.0&hashtags=WTF\" class=\"twitter\" target=\"_blank\" rel=\"noreferrer\">Twitter<\/a>\t<a href=\"mailto:?subject=What%20the%20France%20%3A%20French%20Touch%202.0&body=https:\/\/whatthefrance.org\/fr\/playlists\/french-touch-2-0\/\" class=\"mail\" target=\"_blank\" rel=\"noreferrer\">Email<\/a><\/div>        <a href=\"#\" class=\"btn btnPlaylist orange playlist-click\" data-id=\"913\">            <svg version=\"1.1\" x=\"0px\" y=\"0px\" width=\"40px\" height=\"40px\" viewBox=\"0 0 213.7 213.7\" enable-background=\"new 0 0 213.7 213.7\" xml:space=\"preserve\">                <polygon class=\"triangle\" fill=\"none\" stroke-width=\"10\" stroke-linecap=\"round\" stroke-linejoin=\"round\" stroke-miterlimit=\"10\" points=\"\n            73.5,62.5 148.5,105.8 73.5,149.1 \"\/>                <circle class=\"circle\" fill=\"none\"  stroke-width=\"8\" stroke-linecap=\"round\" stroke-linejoin=\"round\" stroke-miterlimit=\"10\" cx=\"106.8\" cy=\"106.8\" r=\"103.3\"\/>                <circle class=\"circle-white\" fill=\"none\"  stroke-width=\"8\" stroke-linecap=\"round\" stroke-linejoin=\"round\" stroke-miterlimit=\"10\" cx=\"106.8\" cy=\"106.8\" r=\"103.3\"\/>            <\/svg>Ecouter        <\/a>    <\/div>  <\/div><\/div><\/div>\n<\/div>\n<\/div>\n<\/div>\n<\/div>\n","protected":false},"excerpt":{"rendered":"<p>Le 16 janvier 1998, Air, le duo compos\u00e9 de Nicolas Godin et Jean-Beno\u00eet Dunckel,\u00a0sortait\u00a0Moon Safari, un album qui allait r\u00e9volutionner\u00a0l\u2019\u00e9lectro fran\u00e7aise\u00a0gr\u00e2ce \u00e0\u00a0un mariage r\u00e9ussi\u00a0entre\u00a0la\u00a0musique \u00e9lectronique et\u00a0le\u00a0rock,\u00a0mais aussi \u00e0 cause de\u00a0son\u00a0habile\u00a0utilisation d&rsquo;instruments acoustiques. Les singles \u00ab\u00a0Sexy Boy\u00a0\u00bb et \u00ab\u00a0All I Need\u00a0\u00bb ont \u00e9t\u00e9 les plus gros succ\u00e8s\u00a0de ce disque, qui est consid\u00e9r\u00e9 comme l&rsquo;un des meilleurs [&hellip;]<\/p>\n","protected":false},"author":50,"featured_media":0,"comment_status":"closed","ping_status":"closed","sticky":false,"template":"","format":"standard","meta":{"_acf_changed":false,"footnotes":""},"categories":[213],"tags":[317,323,340],"class_list":["post-65034","post","type-post","status-publish","format-standard","hentry","category-event-fr","tag-dj-fr","tag-electronic-fr","tag-pop-fr"],"acf":[],"yoast_head":"<!-- This site is optimized with the Yoast SEO plugin v27.3 - https:\/\/yoast.com\/product\/yoast-seo-wordpress\/ -->\n<title>Air | Une tourn\u00e9e pour f\u00eater les 25 ans de leur album Moon Safari ! - What the France<\/title>\n<meta name=\"description\" content=\"Le 16 janvier 1998, Air, le duo compos\u00e9 de Nicolas Godin et Jean-Beno\u00eet Dunckel,\u00a0sortait\u00a0Moon Safari, un album...\" \/>\n<meta name=\"robots\" content=\"index, follow, max-snippet:-1, max-image-preview:large, max-video-preview:-1\" \/>\n<link rel=\"canonical\" href=\"https:\/\/whatthefrance.org\/fr\/air-une-tournee-pour-feter-les-25-ans-de-leur-album-moon-safari\/\" \/>\n<meta property=\"og:locale\" content=\"fr_FR\" \/>\n<meta property=\"og:type\" content=\"article\" \/>\n<meta property=\"og:title\" content=\"Air | Une tourn\u00e9e pour f\u00eater les 25 ans de leur album Moon Safari ! - What the France\" \/>\n<meta property=\"og:description\" content=\"Le 16 janvier 1998, Air, le duo compos\u00e9 de Nicolas Godin et Jean-Beno\u00eet Dunckel,\u00a0sortait\u00a0Moon Safari, un album...\" \/>\n<meta property=\"og:url\" content=\"https:\/\/whatthefrance.org\/fr\/air-une-tournee-pour-feter-les-25-ans-de-leur-album-moon-safari\/\" \/>\n<meta property=\"og:site_name\" content=\"What the France\" \/>\n<meta property=\"article:published_time\" content=\"2024-01-18T09:00:20+00:00\" \/>\n<meta property=\"og:image\" content=\"https:\/\/whatthefrance.org\/wp-content\/uploads\/2024\/01\/air_wordpress_what_the_france.png\" \/>\n\t<meta property=\"og:image:width\" content=\"1084\" \/>\n\t<meta property=\"og:image:height\" content=\"452\" \/>\n<meta name=\"author\" content=\"Margot Baffetti\" \/>\n<meta name=\"twitter:card\" content=\"summary_large_image\" \/>\n<meta name=\"twitter:label1\" content=\"\u00c9crit par\" \/>\n\t<meta name=\"twitter:data1\" content=\"Margot Baffetti\" \/>\n\t<meta name=\"twitter:label2\" content=\"Dur\u00e9e de lecture estim\u00e9e\" \/>\n\t<meta name=\"twitter:data2\" content=\"2 minutes\" \/>\n<script type=\"application\/ld+json\" class=\"yoast-schema-graph\">{\"@context\":\"https:\\\/\\\/schema.org\",\"@graph\":[{\"@type\":\"Article\",\"@id\":\"https:\\\/\\\/whatthefrance.org\\\/fr\\\/air-une-tournee-pour-feter-les-25-ans-de-leur-album-moon-safari\\\/#article\",\"isPartOf\":{\"@id\":\"https:\\\/\\\/whatthefrance.org\\\/fr\\\/air-une-tournee-pour-feter-les-25-ans-de-leur-album-moon-safari\\\/\"},\"author\":{\"name\":\"Margot Baffetti\",\"@id\":\"https:\\\/\\\/whatthefrance.org\\\/fr\\\/#\\\/schema\\\/person\\\/3dd4c45aeb9c32c1f8aa773bebcb192f\"},\"headline\":\"Air | Une tourn\u00e9e pour f\u00eater les 25 ans de leur album Moon Safari !\",\"datePublished\":\"2024-01-18T09:00:20+00:00\",\"mainEntityOfPage\":{\"@id\":\"https:\\\/\\\/whatthefrance.org\\\/fr\\\/air-une-tournee-pour-feter-les-25-ans-de-leur-album-moon-safari\\\/\"},\"wordCount\":284,\"publisher\":{\"@id\":\"https:\\\/\\\/whatthefrance.org\\\/fr\\\/#organization\"},\"keywords\":[\"DJ\",\"Electronic\",\"Pop\"],\"articleSection\":[\"Event\"],\"inLanguage\":\"fr-FR\"},{\"@type\":\"WebPage\",\"@id\":\"https:\\\/\\\/whatthefrance.org\\\/fr\\\/air-une-tournee-pour-feter-les-25-ans-de-leur-album-moon-safari\\\/\",\"url\":\"https:\\\/\\\/whatthefrance.org\\\/fr\\\/air-une-tournee-pour-feter-les-25-ans-de-leur-album-moon-safari\\\/\",\"name\":\"Air | Une tourn\u00e9e pour f\u00eater les 25 ans de leur album Moon Safari ! - What the France\",\"isPartOf\":{\"@id\":\"https:\\\/\\\/whatthefrance.org\\\/fr\\\/#website\"},\"datePublished\":\"2024-01-18T09:00:20+00:00\",\"description\":\"Le 16 janvier 1998, Air, le duo compos\u00e9 de Nicolas Godin et Jean-Beno\u00eet Dunckel,\u00a0sortait\u00a0Moon Safari, un album...\",\"breadcrumb\":{\"@id\":\"https:\\\/\\\/whatthefrance.org\\\/fr\\\/air-une-tournee-pour-feter-les-25-ans-de-leur-album-moon-safari\\\/#breadcrumb\"},\"inLanguage\":\"fr-FR\",\"potentialAction\":[{\"@type\":\"ReadAction\",\"target\":[\"https:\\\/\\\/whatthefrance.org\\\/fr\\\/air-une-tournee-pour-feter-les-25-ans-de-leur-album-moon-safari\\\/\"]}]},{\"@type\":\"BreadcrumbList\",\"@id\":\"https:\\\/\\\/whatthefrance.org\\\/fr\\\/air-une-tournee-pour-feter-les-25-ans-de-leur-album-moon-safari\\\/#breadcrumb\",\"itemListElement\":[{\"@type\":\"ListItem\",\"position\":1,\"name\":\"Home\",\"item\":\"https:\\\/\\\/whatthefrance.org\\\/fr\\\/\"},{\"@type\":\"ListItem\",\"position\":2,\"name\":\"Air | Une tourn\u00e9e pour f\u00eater les 25 ans de leur album Moon Safari !\"}]},{\"@type\":\"WebSite\",\"@id\":\"https:\\\/\\\/whatthefrance.org\\\/fr\\\/#website\",\"url\":\"https:\\\/\\\/whatthefrance.org\\\/fr\\\/\",\"name\":\"What the France\",\"description\":\"The finest music made in France !\",\"publisher\":{\"@id\":\"https:\\\/\\\/whatthefrance.org\\\/fr\\\/#organization\"},\"potentialAction\":[{\"@type\":\"SearchAction\",\"target\":{\"@type\":\"EntryPoint\",\"urlTemplate\":\"https:\\\/\\\/whatthefrance.org\\\/fr\\\/?s={search_term_string}\"},\"query-input\":{\"@type\":\"PropertyValueSpecification\",\"valueRequired\":true,\"valueName\":\"search_term_string\"}}],\"inLanguage\":\"fr-FR\"},{\"@type\":\"Organization\",\"@id\":\"https:\\\/\\\/whatthefrance.org\\\/fr\\\/#organization\",\"name\":\"What The France\",\"url\":\"https:\\\/\\\/whatthefrance.org\\\/fr\\\/\",\"logo\":{\"@type\":\"ImageObject\",\"inLanguage\":\"fr-FR\",\"@id\":\"https:\\\/\\\/whatthefrance.org\\\/fr\\\/#\\\/schema\\\/logo\\\/image\\\/\",\"url\":\"https:\\\/\\\/whatthefrance.org\\\/wp-content\\\/uploads\\\/2019\\\/12\\\/44688719_2251580388408837_694180218134331392_n-e1577679609190.png\",\"contentUrl\":\"https:\\\/\\\/whatthefrance.org\\\/wp-content\\\/uploads\\\/2019\\\/12\\\/44688719_2251580388408837_694180218134331392_n-e1577679609190.png\",\"width\":200,\"height\":200,\"caption\":\"What The France\"},\"image\":{\"@id\":\"https:\\\/\\\/whatthefrance.org\\\/fr\\\/#\\\/schema\\\/logo\\\/image\\\/\"}},{\"@type\":\"Person\",\"@id\":\"https:\\\/\\\/whatthefrance.org\\\/fr\\\/#\\\/schema\\\/person\\\/3dd4c45aeb9c32c1f8aa773bebcb192f\",\"name\":\"Margot Baffetti\",\"image\":{\"@type\":\"ImageObject\",\"inLanguage\":\"fr-FR\",\"@id\":\"https:\\\/\\\/secure.gravatar.com\\\/avatar\\\/be9cb5019a90167e06d9f9c815e99926ffa9dbed341d7fb8e62390e796081d27?s=96&d=mm&r=g\",\"url\":\"https:\\\/\\\/secure.gravatar.com\\\/avatar\\\/be9cb5019a90167e06d9f9c815e99926ffa9dbed341d7fb8e62390e796081d27?s=96&d=mm&r=g\",\"contentUrl\":\"https:\\\/\\\/secure.gravatar.com\\\/avatar\\\/be9cb5019a90167e06d9f9c815e99926ffa9dbed341d7fb8e62390e796081d27?s=96&d=mm&r=g\",\"caption\":\"Margot Baffetti\"}}]}<\/script>\n<!-- \/ Yoast SEO plugin. -->","yoast_head_json":{"title":"Air | Une tourn\u00e9e pour f\u00eater les 25 ans de leur album Moon Safari ! - What the France","description":"Le 16 janvier 1998, Air, le duo compos\u00e9 de Nicolas Godin et Jean-Beno\u00eet Dunckel,\u00a0sortait\u00a0Moon Safari, un album...","robots":{"index":"index","follow":"follow","max-snippet":"max-snippet:-1","max-image-preview":"max-image-preview:large","max-video-preview":"max-video-preview:-1"},"canonical":"https:\/\/whatthefrance.org\/fr\/air-une-tournee-pour-feter-les-25-ans-de-leur-album-moon-safari\/","og_locale":"fr_FR","og_type":"article","og_title":"Air | Une tourn\u00e9e pour f\u00eater les 25 ans de leur album Moon Safari ! - What the France","og_description":"Le 16 janvier 1998, Air, le duo compos\u00e9 de Nicolas Godin et Jean-Beno\u00eet Dunckel,\u00a0sortait\u00a0Moon Safari, un album...","og_url":"https:\/\/whatthefrance.org\/fr\/air-une-tournee-pour-feter-les-25-ans-de-leur-album-moon-safari\/","og_site_name":"What the France","article_published_time":"2024-01-18T09:00:20+00:00","og_image":[{"url":"https:\/\/whatthefrance.org\/wp-content\/uploads\/2024\/01\/air_wordpress_what_the_france.png","height":452,"width":1084,"type":""}],"author":"Margot Baffetti","twitter_card":"summary_large_image","twitter_misc":{"\u00c9crit par":"Margot Baffetti","Dur\u00e9e de lecture estim\u00e9e":"2 minutes"},"schema":{"@context":"https:\/\/schema.org","@graph":[{"@type":"Article","@id":"https:\/\/whatthefrance.org\/fr\/air-une-tournee-pour-feter-les-25-ans-de-leur-album-moon-safari\/#article","isPartOf":{"@id":"https:\/\/whatthefrance.org\/fr\/air-une-tournee-pour-feter-les-25-ans-de-leur-album-moon-safari\/"},"author":{"name":"Margot Baffetti","@id":"https:\/\/whatthefrance.org\/fr\/#\/schema\/person\/3dd4c45aeb9c32c1f8aa773bebcb192f"},"headline":"Air | Une tourn\u00e9e pour f\u00eater les 25 ans de leur album Moon Safari !","datePublished":"2024-01-18T09:00:20+00:00","mainEntityOfPage":{"@id":"https:\/\/whatthefrance.org\/fr\/air-une-tournee-pour-feter-les-25-ans-de-leur-album-moon-safari\/"},"wordCount":284,"publisher":{"@id":"https:\/\/whatthefrance.org\/fr\/#organization"},"keywords":["DJ","Electronic","Pop"],"articleSection":["Event"],"inLanguage":"fr-FR"},{"@type":"WebPage","@id":"https:\/\/whatthefrance.org\/fr\/air-une-tournee-pour-feter-les-25-ans-de-leur-album-moon-safari\/","url":"https:\/\/whatthefrance.org\/fr\/air-une-tournee-pour-feter-les-25-ans-de-leur-album-moon-safari\/","name":"Air | Une tourn\u00e9e pour f\u00eater les 25 ans de leur album Moon Safari ! - What the France","isPartOf":{"@id":"https:\/\/whatthefrance.org\/fr\/#website"},"datePublished":"2024-01-18T09:00:20+00:00","description":"Le 16 janvier 1998, Air, le duo compos\u00e9 de Nicolas Godin et Jean-Beno\u00eet Dunckel,\u00a0sortait\u00a0Moon Safari, un album...","breadcrumb":{"@id":"https:\/\/whatthefrance.org\/fr\/air-une-tournee-pour-feter-les-25-ans-de-leur-album-moon-safari\/#breadcrumb"},"inLanguage":"fr-FR","potentialAction":[{"@type":"ReadAction","target":["https:\/\/whatthefrance.org\/fr\/air-une-tournee-pour-feter-les-25-ans-de-leur-album-moon-safari\/"]}]},{"@type":"BreadcrumbList","@id":"https:\/\/whatthefrance.org\/fr\/air-une-tournee-pour-feter-les-25-ans-de-leur-album-moon-safari\/#breadcrumb","itemListElement":[{"@type":"ListItem","position":1,"name":"Home","item":"https:\/\/whatthefrance.org\/fr\/"},{"@type":"ListItem","position":2,"name":"Air | Une tourn\u00e9e pour f\u00eater les 25 ans de leur album Moon Safari !"}]},{"@type":"WebSite","@id":"https:\/\/whatthefrance.org\/fr\/#website","url":"https:\/\/whatthefrance.org\/fr\/","name":"What the France","description":"The finest music made in France !","publisher":{"@id":"https:\/\/whatthefrance.org\/fr\/#organization"},"potentialAction":[{"@type":"SearchAction","target":{"@type":"EntryPoint","urlTemplate":"https:\/\/whatthefrance.org\/fr\/?s={search_term_string}"},"query-input":{"@type":"PropertyValueSpecification","valueRequired":true,"valueName":"search_term_string"}}],"inLanguage":"fr-FR"},{"@type":"Organization","@id":"https:\/\/whatthefrance.org\/fr\/#organization","name":"What The France","url":"https:\/\/whatthefrance.org\/fr\/","logo":{"@type":"ImageObject","inLanguage":"fr-FR","@id":"https:\/\/whatthefrance.org\/fr\/#\/schema\/logo\/image\/","url":"https:\/\/whatthefrance.org\/wp-content\/uploads\/2019\/12\/44688719_2251580388408837_694180218134331392_n-e1577679609190.png","contentUrl":"https:\/\/whatthefrance.org\/wp-content\/uploads\/2019\/12\/44688719_2251580388408837_694180218134331392_n-e1577679609190.png","width":200,"height":200,"caption":"What The France"},"image":{"@id":"https:\/\/whatthefrance.org\/fr\/#\/schema\/logo\/image\/"}},{"@type":"Person","@id":"https:\/\/whatthefrance.org\/fr\/#\/schema\/person\/3dd4c45aeb9c32c1f8aa773bebcb192f","name":"Margot Baffetti","image":{"@type":"ImageObject","inLanguage":"fr-FR","@id":"https:\/\/secure.gravatar.com\/avatar\/be9cb5019a90167e06d9f9c815e99926ffa9dbed341d7fb8e62390e796081d27?s=96&d=mm&r=g","url":"https:\/\/secure.gravatar.com\/avatar\/be9cb5019a90167e06d9f9c815e99926ffa9dbed341d7fb8e62390e796081d27?s=96&d=mm&r=g","contentUrl":"https:\/\/secure.gravatar.com\/avatar\/be9cb5019a90167e06d9f9c815e99926ffa9dbed341d7fb8e62390e796081d27?s=96&d=mm&r=g","caption":"Margot Baffetti"}}]}},"_links":{"self":[{"href":"https:\/\/whatthefrance.org\/fr\/wp-json\/wp\/v2\/posts\/65034","targetHints":{"allow":["GET"]}}],"collection":[{"href":"https:\/\/whatthefrance.org\/fr\/wp-json\/wp\/v2\/posts"}],"about":[{"href":"https:\/\/whatthefrance.org\/fr\/wp-json\/wp\/v2\/types\/post"}],"author":[{"embeddable":true,"href":"https:\/\/whatthefrance.org\/fr\/wp-json\/wp\/v2\/users\/50"}],"replies":[{"embeddable":true,"href":"https:\/\/whatthefrance.org\/fr\/wp-json\/wp\/v2\/comments?post=65034"}],"version-history":[{"count":4,"href":"https:\/\/whatthefrance.org\/fr\/wp-json\/wp\/v2\/posts\/65034\/revisions"}],"predecessor-version":[{"id":65110,"href":"https:\/\/whatthefrance.org\/fr\/wp-json\/wp\/v2\/posts\/65034\/revisions\/65110"}],"wp:attachment":[{"href":"https:\/\/whatthefrance.org\/fr\/wp-json\/wp\/v2\/media?parent=65034"}],"wp:term":[{"taxonomy":"category","embeddable":true,"href":"https:\/\/whatthefrance.org\/fr\/wp-json\/wp\/v2\/categories?post=65034"},{"taxonomy":"post_tag","embeddable":true,"href":"https:\/\/whatthefrance.org\/fr\/wp-json\/wp\/v2\/tags?post=65034"}],"curies":[{"name":"wp","href":"https:\/\/api.w.org\/{rel}","templated":true}]}}