{"id":65344,"date":"2024-01-30T10:00:57","date_gmt":"2024-01-30T09:00:57","guid":{"rendered":"https:\/\/whatthefrance.org\/?p=65344"},"modified":"2024-01-30T17:00:27","modified_gmt":"2024-01-30T16:00:27","slug":"el-gato-negro-un-nouvel-album-et-une-playlist-exclusive","status":"publish","type":"post","link":"https:\/\/whatthefrance.org\/fr\/el-gato-negro-un-nouvel-album-et-une-playlist-exclusive\/","title":{"rendered":"El Gato Negro | Un nouvel album et une playlist exclusive !"},"content":{"rendered":"<p class=\"x_MsoNormal\">Axel Matrod, alias <a href=\"https:\/\/www.instagram.com\/elgatonegrotropical\/\">El Gato Negro<\/a>, est un chanteur\/compositeur et multi-instrumentiste fran\u00e7ais, qui a pass\u00e9 les quinze derni\u00e8res ann\u00e9es de sa vie \u00e0 entreprendre un voyage musical \u00e0 travers le monde afin de s\u2019immerger dans les traditions musicales les plus diverses. En 2012, il enregistre son premier album,\u00a0<i>Guitarra y Sombrero<\/i>, suivi de\u00a0<i>Cumbia Libre\u00a0<\/i>(2015) et\u00a0<i>Ouvre la Porte<\/i>\u00a0(2019), ce dernier en partenariat avec Amnesty International.\u00a0In\u00e9puisable voyageur, c\u2019est \u00e0 Dakar qu\u2019il s\u2019est arr\u00eat\u00e9 cette fois-ci pour enregistrer son nouvel album, baptis\u00e9\u00a0<i>Tigre Qui Pleure<\/i>. Brassage de musiciens d\u2019Afrique de l\u2019Ouest et de Cuba, sous la fl\u00fbte colombienne du f\u00e9lin, le jazz s\u2019y m\u00eale au hip hop, le traditionnel au digital, le fran\u00e7ais au wolof et \u00e0 l\u2019espagnol. Ce quatri\u00e8me opus, r\u00e9alis\u00e9 par Guts, o\u00f9 El Gato Negro collabore avec de nombreux invit\u00e9s (Florian Pellissier, Kumar, Orchestra Baobab, Cucurucho Vald\u00e9s, Pat Kalla, Cyril Atef, iZem ou Djeuhdjoah &amp; Lieutenant Nicholson), est disponible depuis le 26 janvier dernier sur le label parisien X-Ray Production.<\/p>\n<p class=\"x_MsoNormal\">A l\u2019occasion de la sortie de son nouvel album, El Gato Negro a mis au point une playlist exclusive pour What the France, regroupant quelques-uns de ses coups de c\u0153ur \u00ab\u00a0made in France\u00a0\u00bb. Au programme, des titres sign\u00e9s Blundetto, La Dame Blanche, La Chica, iZem &amp; Lucas Santtana, Mathieu Des Longchamps, The Bongo Hop, Martina Camargo, Parranda La Cruz, Zanmari Bar\u00e9, Blick Bassy, Roseaux, Fran\u00e7ois Puyalto, Kolinga, Mat\u00e9o Langlois, Pat Kall &amp; Le Super Mojo, S\u00e9verin, Melissa Laveaux, Natascha Rogers, Victor D\u00e9m\u00e9, Eug\u00e8ne Mona, Fixi &amp; Nicolas Giraud, Voilaaa, The Dutch Benglos, Dowdelin, Cannibale, Cotonetet &amp; Leron Thomas, David Walters, Daniel Forestal Et Sa Guitare ou Manno Charlemagne.<\/p>\n<div class=\"playListBloc singleBloc\"><div class=\"playListBloc-wrap\">    <div class=\"thumbnail\"><img data-src=\"https:\/\/whatthefrance.org\/wp-content\/uploads\/2024\/01\/WTF-Cover-Collab_El_Gato_negro-254x254.jpg\" class=\"lazyload\" alt=\"WTF &#8212;Cover-Collab_El_Gato_negro\" \/>    <\/div>    <div class=\"infos\">        <span class=\"tag\">Curators<\/span>        <h2>A Made In France Selection By El Gato Negro<\/h2>        <span class=\"separator\"><\/span>       <span class=\"desc\">Listen to a selection of made in France tracks, handpicked by El Gato Negro !<\/span><div class=\"share flex flexAlignCenter \">\t<span class=\"label\">Partager<\/span>\t<a href=\"https:\/\/www.facebook.com\/sharer\/sharer.php?u=https:\/\/whatthefrance.org\/fr\/playlists\/a-made-in-france-selection-by-el-gato-negro\/\" class=\"facebook\" target=\"_blank\" rel=\"noreferrer\">Facebook<\/a>\t<a href=\"https:\/\/twitter.com\/intent\/tweet?url=https:\/\/whatthefrance.org\/fr\/playlists\/a-made-in-france-selection-by-el-gato-negro\/&text=A+Made+In+France+Selection+By+El+Gato+Negro&hashtags=WTF\" class=\"twitter\" target=\"_blank\" rel=\"noreferrer\">Twitter<\/a>\t<a href=\"mailto:?subject=What%20the%20France%20%3A%20A%20Made%20In%20France%20Selection%20By%20El%20Gato%20Negro&body=https:\/\/whatthefrance.org\/fr\/playlists\/a-made-in-france-selection-by-el-gato-negro\/\" class=\"mail\" target=\"_blank\" rel=\"noreferrer\">Email<\/a><\/div>        <a href=\"#\" class=\"btn btnPlaylist orange playlist-click\" data-id=\"65377\">            <svg version=\"1.1\" x=\"0px\" y=\"0px\" width=\"40px\" height=\"40px\" viewBox=\"0 0 213.7 213.7\" enable-background=\"new 0 0 213.7 213.7\" xml:space=\"preserve\">                <polygon class=\"triangle\" fill=\"none\" stroke-width=\"10\" stroke-linecap=\"round\" stroke-linejoin=\"round\" stroke-miterlimit=\"10\" points=\"\n            73.5,62.5 148.5,105.8 73.5,149.1 \"\/>                <circle class=\"circle\" fill=\"none\"  stroke-width=\"8\" stroke-linecap=\"round\" stroke-linejoin=\"round\" stroke-miterlimit=\"10\" cx=\"106.8\" cy=\"106.8\" r=\"103.3\"\/>                <circle class=\"circle-white\" fill=\"none\"  stroke-width=\"8\" stroke-linecap=\"round\" stroke-linejoin=\"round\" stroke-miterlimit=\"10\" cx=\"106.8\" cy=\"106.8\" r=\"103.3\"\/>            <\/svg>Ecouter        <\/a>    <\/div>  <\/div><\/div>\n","protected":false},"excerpt":{"rendered":"<p>Axel Matrod, alias El Gato Negro, est un chanteur\/compositeur et multi-instrumentiste fran\u00e7ais, qui a pass\u00e9 les quinze derni\u00e8res ann\u00e9es de sa vie \u00e0 entreprendre un voyage musical \u00e0 travers le monde afin de s\u2019immerger dans les traditions musicales les plus diverses. En 2012, il enregistre son premier album,\u00a0Guitarra y Sombrero, suivi de\u00a0Cumbia Libre\u00a0(2015) et\u00a0Ouvre la [&hellip;]<\/p>\n","protected":false},"author":50,"featured_media":0,"comment_status":"closed","ping_status":"closed","sticky":false,"template":"","format":"standard","meta":{"_acf_changed":false,"footnotes":""},"categories":[213],"tags":[323],"class_list":["post-65344","post","type-post","status-publish","format-standard","hentry","category-event-fr","tag-electronic-fr"],"acf":[],"yoast_head":"<!-- This site is optimized with the Yoast SEO plugin v27.3 - https:\/\/yoast.com\/product\/yoast-seo-wordpress\/ -->\n<title>El Gato Negro | Un nouvel album et une playlist exclusive ! - What the France<\/title>\n<meta name=\"description\" content=\"Axel Matrod, alias El Gato Negro, est un chanteur\/compositeur et multi-instrumentiste fran\u00e7ais, qui a pass\u00e9 les quinze derni\u00e8res ann\u00e9es de...\" \/>\n<meta name=\"robots\" content=\"index, follow, max-snippet:-1, max-image-preview:large, max-video-preview:-1\" \/>\n<link rel=\"canonical\" href=\"https:\/\/whatthefrance.org\/fr\/el-gato-negro-un-nouvel-album-et-une-playlist-exclusive\/\" \/>\n<meta property=\"og:locale\" content=\"fr_FR\" \/>\n<meta property=\"og:type\" content=\"article\" \/>\n<meta property=\"og:title\" content=\"El Gato Negro | Un nouvel album et une playlist exclusive ! - What the France\" \/>\n<meta property=\"og:description\" content=\"Axel Matrod, alias El Gato Negro, est un chanteur\/compositeur et multi-instrumentiste fran\u00e7ais, qui a pass\u00e9 les quinze derni\u00e8res ann\u00e9es de...\" \/>\n<meta property=\"og:url\" content=\"https:\/\/whatthefrance.org\/fr\/el-gato-negro-un-nouvel-album-et-une-playlist-exclusive\/\" \/>\n<meta property=\"og:site_name\" content=\"What the France\" \/>\n<meta property=\"article:published_time\" content=\"2024-01-30T09:00:57+00:00\" \/>\n<meta property=\"article:modified_time\" content=\"2024-01-30T16:00:27+00:00\" \/>\n<meta property=\"og:image\" content=\"https:\/\/whatthefrance.org\/wp-content\/uploads\/2024\/01\/el_gato_negro_wordpress_what_the_france.png\" \/>\n\t<meta property=\"og:image:width\" content=\"1084\" \/>\n\t<meta property=\"og:image:height\" content=\"452\" \/>\n<meta name=\"author\" content=\"Margot Baffetti\" \/>\n<meta name=\"twitter:card\" content=\"summary_large_image\" \/>\n<meta name=\"twitter:label1\" content=\"\u00c9crit par\" \/>\n\t<meta name=\"twitter:data1\" content=\"Margot Baffetti\" \/>\n\t<meta name=\"twitter:label2\" content=\"Dur\u00e9e de lecture estim\u00e9e\" \/>\n\t<meta name=\"twitter:data2\" content=\"2 minutes\" \/>\n<script type=\"application\/ld+json\" class=\"yoast-schema-graph\">{\"@context\":\"https:\\\/\\\/schema.org\",\"@graph\":[{\"@type\":\"Article\",\"@id\":\"https:\\\/\\\/whatthefrance.org\\\/fr\\\/el-gato-negro-un-nouvel-album-et-une-playlist-exclusive\\\/#article\",\"isPartOf\":{\"@id\":\"https:\\\/\\\/whatthefrance.org\\\/fr\\\/el-gato-negro-un-nouvel-album-et-une-playlist-exclusive\\\/\"},\"author\":{\"name\":\"Margot Baffetti\",\"@id\":\"https:\\\/\\\/whatthefrance.org\\\/fr\\\/#\\\/schema\\\/person\\\/3dd4c45aeb9c32c1f8aa773bebcb192f\"},\"headline\":\"El Gato Negro | Un nouvel album et une playlist exclusive !\",\"datePublished\":\"2024-01-30T09:00:57+00:00\",\"dateModified\":\"2024-01-30T16:00:27+00:00\",\"mainEntityOfPage\":{\"@id\":\"https:\\\/\\\/whatthefrance.org\\\/fr\\\/el-gato-negro-un-nouvel-album-et-une-playlist-exclusive\\\/\"},\"wordCount\":307,\"publisher\":{\"@id\":\"https:\\\/\\\/whatthefrance.org\\\/fr\\\/#organization\"},\"keywords\":[\"Electronic\"],\"articleSection\":[\"Event\"],\"inLanguage\":\"fr-FR\"},{\"@type\":\"WebPage\",\"@id\":\"https:\\\/\\\/whatthefrance.org\\\/fr\\\/el-gato-negro-un-nouvel-album-et-une-playlist-exclusive\\\/\",\"url\":\"https:\\\/\\\/whatthefrance.org\\\/fr\\\/el-gato-negro-un-nouvel-album-et-une-playlist-exclusive\\\/\",\"name\":\"El Gato Negro | Un nouvel album et une playlist exclusive ! - What the France\",\"isPartOf\":{\"@id\":\"https:\\\/\\\/whatthefrance.org\\\/fr\\\/#website\"},\"datePublished\":\"2024-01-30T09:00:57+00:00\",\"dateModified\":\"2024-01-30T16:00:27+00:00\",\"description\":\"Axel Matrod, alias El Gato Negro, est un chanteur\\\/compositeur et multi-instrumentiste fran\u00e7ais, qui a pass\u00e9 les quinze derni\u00e8res ann\u00e9es de...\",\"breadcrumb\":{\"@id\":\"https:\\\/\\\/whatthefrance.org\\\/fr\\\/el-gato-negro-un-nouvel-album-et-une-playlist-exclusive\\\/#breadcrumb\"},\"inLanguage\":\"fr-FR\",\"potentialAction\":[{\"@type\":\"ReadAction\",\"target\":[\"https:\\\/\\\/whatthefrance.org\\\/fr\\\/el-gato-negro-un-nouvel-album-et-une-playlist-exclusive\\\/\"]}]},{\"@type\":\"BreadcrumbList\",\"@id\":\"https:\\\/\\\/whatthefrance.org\\\/fr\\\/el-gato-negro-un-nouvel-album-et-une-playlist-exclusive\\\/#breadcrumb\",\"itemListElement\":[{\"@type\":\"ListItem\",\"position\":1,\"name\":\"Home\",\"item\":\"https:\\\/\\\/whatthefrance.org\\\/fr\\\/\"},{\"@type\":\"ListItem\",\"position\":2,\"name\":\"El Gato Negro | Un nouvel album et une playlist exclusive !\"}]},{\"@type\":\"WebSite\",\"@id\":\"https:\\\/\\\/whatthefrance.org\\\/fr\\\/#website\",\"url\":\"https:\\\/\\\/whatthefrance.org\\\/fr\\\/\",\"name\":\"What the France\",\"description\":\"The finest music made in France !\",\"publisher\":{\"@id\":\"https:\\\/\\\/whatthefrance.org\\\/fr\\\/#organization\"},\"potentialAction\":[{\"@type\":\"SearchAction\",\"target\":{\"@type\":\"EntryPoint\",\"urlTemplate\":\"https:\\\/\\\/whatthefrance.org\\\/fr\\\/?s={search_term_string}\"},\"query-input\":{\"@type\":\"PropertyValueSpecification\",\"valueRequired\":true,\"valueName\":\"search_term_string\"}}],\"inLanguage\":\"fr-FR\"},{\"@type\":\"Organization\",\"@id\":\"https:\\\/\\\/whatthefrance.org\\\/fr\\\/#organization\",\"name\":\"What The France\",\"url\":\"https:\\\/\\\/whatthefrance.org\\\/fr\\\/\",\"logo\":{\"@type\":\"ImageObject\",\"inLanguage\":\"fr-FR\",\"@id\":\"https:\\\/\\\/whatthefrance.org\\\/fr\\\/#\\\/schema\\\/logo\\\/image\\\/\",\"url\":\"https:\\\/\\\/whatthefrance.org\\\/wp-content\\\/uploads\\\/2019\\\/12\\\/44688719_2251580388408837_694180218134331392_n-e1577679609190.png\",\"contentUrl\":\"https:\\\/\\\/whatthefrance.org\\\/wp-content\\\/uploads\\\/2019\\\/12\\\/44688719_2251580388408837_694180218134331392_n-e1577679609190.png\",\"width\":200,\"height\":200,\"caption\":\"What The France\"},\"image\":{\"@id\":\"https:\\\/\\\/whatthefrance.org\\\/fr\\\/#\\\/schema\\\/logo\\\/image\\\/\"}},{\"@type\":\"Person\",\"@id\":\"https:\\\/\\\/whatthefrance.org\\\/fr\\\/#\\\/schema\\\/person\\\/3dd4c45aeb9c32c1f8aa773bebcb192f\",\"name\":\"Margot Baffetti\",\"image\":{\"@type\":\"ImageObject\",\"inLanguage\":\"fr-FR\",\"@id\":\"https:\\\/\\\/secure.gravatar.com\\\/avatar\\\/be9cb5019a90167e06d9f9c815e99926ffa9dbed341d7fb8e62390e796081d27?s=96&d=mm&r=g\",\"url\":\"https:\\\/\\\/secure.gravatar.com\\\/avatar\\\/be9cb5019a90167e06d9f9c815e99926ffa9dbed341d7fb8e62390e796081d27?s=96&d=mm&r=g\",\"contentUrl\":\"https:\\\/\\\/secure.gravatar.com\\\/avatar\\\/be9cb5019a90167e06d9f9c815e99926ffa9dbed341d7fb8e62390e796081d27?s=96&d=mm&r=g\",\"caption\":\"Margot Baffetti\"}}]}<\/script>\n<!-- \/ Yoast SEO plugin. -->","yoast_head_json":{"title":"El Gato Negro | Un nouvel album et une playlist exclusive ! - What the France","description":"Axel Matrod, alias El Gato Negro, est un chanteur\/compositeur et multi-instrumentiste fran\u00e7ais, qui a pass\u00e9 les quinze derni\u00e8res ann\u00e9es de...","robots":{"index":"index","follow":"follow","max-snippet":"max-snippet:-1","max-image-preview":"max-image-preview:large","max-video-preview":"max-video-preview:-1"},"canonical":"https:\/\/whatthefrance.org\/fr\/el-gato-negro-un-nouvel-album-et-une-playlist-exclusive\/","og_locale":"fr_FR","og_type":"article","og_title":"El Gato Negro | Un nouvel album et une playlist exclusive ! - What the France","og_description":"Axel Matrod, alias El Gato Negro, est un chanteur\/compositeur et multi-instrumentiste fran\u00e7ais, qui a pass\u00e9 les quinze derni\u00e8res ann\u00e9es de...","og_url":"https:\/\/whatthefrance.org\/fr\/el-gato-negro-un-nouvel-album-et-une-playlist-exclusive\/","og_site_name":"What the France","article_published_time":"2024-01-30T09:00:57+00:00","article_modified_time":"2024-01-30T16:00:27+00:00","og_image":[{"url":"https:\/\/whatthefrance.org\/wp-content\/uploads\/2024\/01\/el_gato_negro_wordpress_what_the_france.png","height":452,"width":1084,"type":""}],"author":"Margot Baffetti","twitter_card":"summary_large_image","twitter_misc":{"\u00c9crit par":"Margot Baffetti","Dur\u00e9e de lecture estim\u00e9e":"2 minutes"},"schema":{"@context":"https:\/\/schema.org","@graph":[{"@type":"Article","@id":"https:\/\/whatthefrance.org\/fr\/el-gato-negro-un-nouvel-album-et-une-playlist-exclusive\/#article","isPartOf":{"@id":"https:\/\/whatthefrance.org\/fr\/el-gato-negro-un-nouvel-album-et-une-playlist-exclusive\/"},"author":{"name":"Margot Baffetti","@id":"https:\/\/whatthefrance.org\/fr\/#\/schema\/person\/3dd4c45aeb9c32c1f8aa773bebcb192f"},"headline":"El Gato Negro | Un nouvel album et une playlist exclusive !","datePublished":"2024-01-30T09:00:57+00:00","dateModified":"2024-01-30T16:00:27+00:00","mainEntityOfPage":{"@id":"https:\/\/whatthefrance.org\/fr\/el-gato-negro-un-nouvel-album-et-une-playlist-exclusive\/"},"wordCount":307,"publisher":{"@id":"https:\/\/whatthefrance.org\/fr\/#organization"},"keywords":["Electronic"],"articleSection":["Event"],"inLanguage":"fr-FR"},{"@type":"WebPage","@id":"https:\/\/whatthefrance.org\/fr\/el-gato-negro-un-nouvel-album-et-une-playlist-exclusive\/","url":"https:\/\/whatthefrance.org\/fr\/el-gato-negro-un-nouvel-album-et-une-playlist-exclusive\/","name":"El Gato Negro | Un nouvel album et une playlist exclusive ! - What the France","isPartOf":{"@id":"https:\/\/whatthefrance.org\/fr\/#website"},"datePublished":"2024-01-30T09:00:57+00:00","dateModified":"2024-01-30T16:00:27+00:00","description":"Axel Matrod, alias El Gato Negro, est un chanteur\/compositeur et multi-instrumentiste fran\u00e7ais, qui a pass\u00e9 les quinze derni\u00e8res ann\u00e9es de...","breadcrumb":{"@id":"https:\/\/whatthefrance.org\/fr\/el-gato-negro-un-nouvel-album-et-une-playlist-exclusive\/#breadcrumb"},"inLanguage":"fr-FR","potentialAction":[{"@type":"ReadAction","target":["https:\/\/whatthefrance.org\/fr\/el-gato-negro-un-nouvel-album-et-une-playlist-exclusive\/"]}]},{"@type":"BreadcrumbList","@id":"https:\/\/whatthefrance.org\/fr\/el-gato-negro-un-nouvel-album-et-une-playlist-exclusive\/#breadcrumb","itemListElement":[{"@type":"ListItem","position":1,"name":"Home","item":"https:\/\/whatthefrance.org\/fr\/"},{"@type":"ListItem","position":2,"name":"El Gato Negro | Un nouvel album et une playlist exclusive !"}]},{"@type":"WebSite","@id":"https:\/\/whatthefrance.org\/fr\/#website","url":"https:\/\/whatthefrance.org\/fr\/","name":"What the France","description":"The finest music made in France !","publisher":{"@id":"https:\/\/whatthefrance.org\/fr\/#organization"},"potentialAction":[{"@type":"SearchAction","target":{"@type":"EntryPoint","urlTemplate":"https:\/\/whatthefrance.org\/fr\/?s={search_term_string}"},"query-input":{"@type":"PropertyValueSpecification","valueRequired":true,"valueName":"search_term_string"}}],"inLanguage":"fr-FR"},{"@type":"Organization","@id":"https:\/\/whatthefrance.org\/fr\/#organization","name":"What The France","url":"https:\/\/whatthefrance.org\/fr\/","logo":{"@type":"ImageObject","inLanguage":"fr-FR","@id":"https:\/\/whatthefrance.org\/fr\/#\/schema\/logo\/image\/","url":"https:\/\/whatthefrance.org\/wp-content\/uploads\/2019\/12\/44688719_2251580388408837_694180218134331392_n-e1577679609190.png","contentUrl":"https:\/\/whatthefrance.org\/wp-content\/uploads\/2019\/12\/44688719_2251580388408837_694180218134331392_n-e1577679609190.png","width":200,"height":200,"caption":"What The France"},"image":{"@id":"https:\/\/whatthefrance.org\/fr\/#\/schema\/logo\/image\/"}},{"@type":"Person","@id":"https:\/\/whatthefrance.org\/fr\/#\/schema\/person\/3dd4c45aeb9c32c1f8aa773bebcb192f","name":"Margot Baffetti","image":{"@type":"ImageObject","inLanguage":"fr-FR","@id":"https:\/\/secure.gravatar.com\/avatar\/be9cb5019a90167e06d9f9c815e99926ffa9dbed341d7fb8e62390e796081d27?s=96&d=mm&r=g","url":"https:\/\/secure.gravatar.com\/avatar\/be9cb5019a90167e06d9f9c815e99926ffa9dbed341d7fb8e62390e796081d27?s=96&d=mm&r=g","contentUrl":"https:\/\/secure.gravatar.com\/avatar\/be9cb5019a90167e06d9f9c815e99926ffa9dbed341d7fb8e62390e796081d27?s=96&d=mm&r=g","caption":"Margot Baffetti"}}]}},"_links":{"self":[{"href":"https:\/\/whatthefrance.org\/fr\/wp-json\/wp\/v2\/posts\/65344","targetHints":{"allow":["GET"]}}],"collection":[{"href":"https:\/\/whatthefrance.org\/fr\/wp-json\/wp\/v2\/posts"}],"about":[{"href":"https:\/\/whatthefrance.org\/fr\/wp-json\/wp\/v2\/types\/post"}],"author":[{"embeddable":true,"href":"https:\/\/whatthefrance.org\/fr\/wp-json\/wp\/v2\/users\/50"}],"replies":[{"embeddable":true,"href":"https:\/\/whatthefrance.org\/fr\/wp-json\/wp\/v2\/comments?post=65344"}],"version-history":[{"count":3,"href":"https:\/\/whatthefrance.org\/fr\/wp-json\/wp\/v2\/posts\/65344\/revisions"}],"predecessor-version":[{"id":65389,"href":"https:\/\/whatthefrance.org\/fr\/wp-json\/wp\/v2\/posts\/65344\/revisions\/65389"}],"wp:attachment":[{"href":"https:\/\/whatthefrance.org\/fr\/wp-json\/wp\/v2\/media?parent=65344"}],"wp:term":[{"taxonomy":"category","embeddable":true,"href":"https:\/\/whatthefrance.org\/fr\/wp-json\/wp\/v2\/categories?post=65344"},{"taxonomy":"post_tag","embeddable":true,"href":"https:\/\/whatthefrance.org\/fr\/wp-json\/wp\/v2\/tags?post=65344"}],"curies":[{"name":"wp","href":"https:\/\/api.w.org\/{rel}","templated":true}]}}