{"id":65560,"date":"2024-02-05T14:03:44","date_gmt":"2024-02-05T13:03:44","guid":{"rendered":"https:\/\/whatthefrance.org\/?p=65560"},"modified":"2024-02-06T10:17:08","modified_gmt":"2024-02-06T09:17:08","slug":"rone-lelectro-rencontre-lorchestre-pour-une-symphonie-inedite","status":"publish","type":"post","link":"https:\/\/whatthefrance.org\/fr\/rone-lelectro-rencontre-lorchestre-pour-une-symphonie-inedite\/","title":{"rendered":"Rone | L&rsquo;\u00e9lectro rencontre l&rsquo;orchestre pour une symphonie in\u00e9dite !"},"content":{"rendered":"<p>Dans l&rsquo;univers musical, les alliances audacieuses forgent souvent les cr\u00e9ations les plus m\u00e9morables, et l&rsquo;histoire de<a href=\"https:\/\/www.facebook.com\/roneofficial\/\"> Rone<\/a>, le maestro \u00e9lectro fran\u00e7ais, en est une illustration parfaite.<\/p>\n<p>En 2017, la Philharmonie de Paris lui ouvre les portes d&rsquo;une fusion entre son \u00e9lectro captivante et la grandeur d&rsquo;un orchestre. Face \u00e0 l&rsquo;initiale h\u00e9sitation du musicien autodidacte et bricoleur, Rone trouve en Romain Allender, compositeur et arrangeur \u00e9m\u00e9rite, le collaborateur id\u00e9al. Ce dernier a notamment d\u00e9j\u00e0 \u00e9t\u00e9 impliqu\u00e9 dans des films acclam\u00e9s tels que \u00ab\u00a0The Grand Budapest Hotel\u00a0\u00bb ou \u00ab\u00a0The Shape of Water\u00a0\u00bb. Leur premi\u00e8re symphonie commune, \u00ab\u00a0Motion,\u00a0\u00bb enregistr\u00e9e avec l&rsquo;orchestre Les Si\u00e8cles, \u00e9claire le chemin o\u00f9 l&rsquo;\u00e9lectro danse harmonieusement avec l&rsquo;acoustique.<\/p>\n<p>Port\u00e9s par cette r\u00e9ussite, Rone et Romain Allender cr\u00e9ent <i>L(oo)ping<\/i> avec l&rsquo;Orchestre National de Lyon. Ce spectacle, tiss\u00e9 d&rsquo;ombres et de lumi\u00e8res, d&rsquo;envol\u00e9es grandioses et d&rsquo;intimit\u00e9, s\u00e9duit un public captiv\u00e9 \u00e0 l&rsquo;auditorium. Le film \u00e9ponyme, enregistr\u00e9 en Dolby Atmos, offre une immersion totale dans cette alchimie musicale.<\/p>\n<p>L&rsquo;aventure musicale captivante de Rone prend d\u00e9sormais une nouvelle dimension alors qu&rsquo;il se pr\u00e9pare \u00e0 conqu\u00e9rir <strong>Londres le 10 mars<\/strong> prochain. Accompagn\u00e9 du London Contemporary Orchestra et dirig\u00e9 par Robert Ames, Rone pr\u00e9sentera la premi\u00e8re britannique de son dernier album,<i> L(oo)ping <\/i>au <strong>Barbican Center le 10 mars prochain<\/strong>. Une soir\u00e9e qui promet une exp\u00e9rience musicale exceptionnelle, alliant l&rsquo;\u00e9lectro distinctif de Rone \u00e0 la puissance \u00e9vocatrice d&rsquo;un orchestre en direct.<\/p>\n<p>Le producteur fran\u00e7ais de musique \u00e9lectronique, devenu un pilier de la sc\u00e8ne fran\u00e7aise en moins d&rsquo;une d\u00e9cennie, a su repousser les limites de son genre en collaborant avec des artistes de renom tels que The National, \u00c9tienne Daho, Jean-Michel Jarre, Michel Gondry, Fran\u00e7ois Atlas ou Alain Damasio. Mais c&rsquo;est gr\u00e2ce \u00e0 sa collaboration fructueuse avec le compositeur Romain Allender, que Rone a finalement franchi la fronti\u00e8re entre l&rsquo;\u00e9lectronique et l&rsquo;orchestral pour le plus grand bonheur de tous.<\/p>\n<p>En revisitant le r\u00e9pertoire de Rone pour le projet\u00a0<i>L(oo)ping<\/i>, Allender a fa\u00e7onn\u00e9 des arrangements qui ont donn\u00e9 une nouvelle vie \u00e0 la musique du producteur \u00e9lectronique. L&rsquo;album a pris vie lors d&rsquo;un concert \u00e9lectro-classique en France en juin 2021, r\u00e9coltant des acclamations enthousiastes et une reconnaissance critique g\u00e9n\u00e9ralis\u00e9e. Son enregistrement en direct en 2023 a ajout\u00e9 une nouvelle couche \u00e0 l&rsquo;\u0153uvre collaborative de Rone et Allender.<\/p>\n<p>La performance londonienne du <strong>10 mars<\/strong> s&rsquo;annonce comme une soir\u00e9e m\u00e9morable, marquant une \u00e9tape cl\u00e9 dans le parcours musical audacieux de Rone et confirmant sa position de pionnier dans l&rsquo;exploration novatrice de la fusion entre l&rsquo;\u00e9lectro et\u00a0la musique d&rsquo;orchestre.<\/p>\n<p>En attendant, vous pouvez\u00a0retrouver le titre \u00ab\u00a0Bora vocal \u2013 Live with ONL \u00bb de Rone dans notre playlist <strong>\u00ab\u00a0Keep It Classique\u00a0\u00bb<\/strong>\u00a0!<\/p>\n<div class=\"playListBloc singleBloc\"><div class=\"playListBloc-wrap\">    <div class=\"thumbnail\"><img data-src=\"https:\/\/whatthefrance.org\/wp-content\/uploads\/2018\/11\/WTF-Pochettes_classique_4-254x254.jpg\" class=\"lazyload\" alt=\"WTF&#8212;Pochettes_classique_4\" \/>    <\/div>    <div class=\"infos\">        <span class=\"tag\">Genres<\/span>        <h2>Keep it Classique<\/h2>        <span class=\"separator\"><\/span>       <span class=\"desc\">Check out the latest classical music hits made in France.<\/span><div class=\"share flex flexAlignCenter \">\t<span class=\"label\">Partager<\/span>\t<a href=\"https:\/\/www.facebook.com\/sharer\/sharer.php?u=https:\/\/whatthefrance.org\/fr\/playlists\/keep-it-classique\/\" class=\"facebook\" target=\"_blank\" rel=\"noreferrer\">Facebook<\/a>\t<a href=\"https:\/\/twitter.com\/intent\/tweet?url=https:\/\/whatthefrance.org\/fr\/playlists\/keep-it-classique\/&text=Keep+it+Classique&hashtags=WTF\" class=\"twitter\" target=\"_blank\" rel=\"noreferrer\">Twitter<\/a>\t<a href=\"mailto:?subject=What%20the%20France%20%3A%20Keep%20it%20Classique&body=https:\/\/whatthefrance.org\/fr\/playlists\/keep-it-classique\/\" class=\"mail\" target=\"_blank\" rel=\"noreferrer\">Email<\/a><\/div>        <a href=\"#\" class=\"btn btnPlaylist orange playlist-click\" data-id=\"894\">            <svg version=\"1.1\" x=\"0px\" y=\"0px\" width=\"40px\" height=\"40px\" viewBox=\"0 0 213.7 213.7\" enable-background=\"new 0 0 213.7 213.7\" xml:space=\"preserve\">                <polygon class=\"triangle\" fill=\"none\" stroke-width=\"10\" stroke-linecap=\"round\" stroke-linejoin=\"round\" stroke-miterlimit=\"10\" points=\"\n            73.5,62.5 148.5,105.8 73.5,149.1 \"\/>                <circle class=\"circle\" fill=\"none\"  stroke-width=\"8\" stroke-linecap=\"round\" stroke-linejoin=\"round\" stroke-miterlimit=\"10\" cx=\"106.8\" cy=\"106.8\" r=\"103.3\"\/>                <circle class=\"circle-white\" fill=\"none\"  stroke-width=\"8\" stroke-linecap=\"round\" stroke-linejoin=\"round\" stroke-miterlimit=\"10\" cx=\"106.8\" cy=\"106.8\" r=\"103.3\"\/>            <\/svg>Ecouter        <\/a>    <\/div>  <\/div><\/div>\n<p>&nbsp;<\/p>\n","protected":false},"excerpt":{"rendered":"<p>Dans l&rsquo;univers musical, les alliances audacieuses forgent souvent les cr\u00e9ations les plus m\u00e9morables, et l&rsquo;histoire de Rone, le maestro \u00e9lectro fran\u00e7ais, en est une illustration parfaite. En 2017, la Philharmonie de Paris lui ouvre les portes d&rsquo;une fusion entre son \u00e9lectro captivante et la grandeur d&rsquo;un orchestre. Face \u00e0 l&rsquo;initiale h\u00e9sitation du musicien autodidacte et [&hellip;]<\/p>\n","protected":false},"author":50,"featured_media":0,"comment_status":"closed","ping_status":"closed","sticky":false,"template":"","format":"standard","meta":{"_acf_changed":false,"footnotes":""},"categories":[213],"tags":[309,323],"class_list":["post-65560","post","type-post","status-publish","format-standard","hentry","category-event-fr","tag-classical-fr","tag-electronic-fr"],"acf":[],"yoast_head":"<!-- This site is optimized with the Yoast SEO plugin v27.3 - https:\/\/yoast.com\/product\/yoast-seo-wordpress\/ -->\n<title>Rone | L&#039;\u00e9lectro rencontre l&#039;orchestre pour une symphonie in\u00e9dite ! - What the France<\/title>\n<meta name=\"description\" content=\"L&#039;aventure musicale captivante de Rone prend d\u00e9sormais une nouvelle dimension alors qu&#039;il se pr\u00e9pare \u00e0 conqu\u00e9rir Londres le 10 mars prochain.\" \/>\n<meta name=\"robots\" content=\"index, follow, max-snippet:-1, max-image-preview:large, max-video-preview:-1\" \/>\n<link rel=\"canonical\" href=\"https:\/\/whatthefrance.org\/fr\/rone-lelectro-rencontre-lorchestre-pour-une-symphonie-inedite\/\" \/>\n<meta property=\"og:locale\" content=\"fr_FR\" \/>\n<meta property=\"og:type\" content=\"article\" \/>\n<meta property=\"og:title\" content=\"Rone | L&#039;\u00e9lectro rencontre l&#039;orchestre pour une symphonie in\u00e9dite ! - What the France\" \/>\n<meta property=\"og:description\" content=\"L&#039;aventure musicale captivante de Rone prend d\u00e9sormais une nouvelle dimension alors qu&#039;il se pr\u00e9pare \u00e0 conqu\u00e9rir Londres le 10 mars prochain.\" \/>\n<meta property=\"og:url\" content=\"https:\/\/whatthefrance.org\/fr\/rone-lelectro-rencontre-lorchestre-pour-une-symphonie-inedite\/\" \/>\n<meta property=\"og:site_name\" content=\"What the France\" \/>\n<meta property=\"article:published_time\" content=\"2024-02-05T13:03:44+00:00\" \/>\n<meta property=\"article:modified_time\" content=\"2024-02-06T09:17:08+00:00\" \/>\n<meta property=\"og:image\" content=\"https:\/\/whatthefrance.org\/wp-content\/uploads\/2024\/02\/rone_wordpress_what_the_france-1.png\" \/>\n\t<meta property=\"og:image:width\" content=\"1084\" \/>\n\t<meta property=\"og:image:height\" content=\"452\" \/>\n<meta name=\"author\" content=\"Margot Baffetti\" \/>\n<meta name=\"twitter:card\" content=\"summary_large_image\" \/>\n<meta name=\"twitter:label1\" content=\"\u00c9crit par\" \/>\n\t<meta name=\"twitter:data1\" content=\"Margot Baffetti\" \/>\n\t<meta name=\"twitter:label2\" content=\"Dur\u00e9e de lecture estim\u00e9e\" \/>\n\t<meta name=\"twitter:data2\" content=\"2 minutes\" \/>\n<script type=\"application\/ld+json\" class=\"yoast-schema-graph\">{\"@context\":\"https:\\\/\\\/schema.org\",\"@graph\":[{\"@type\":\"Article\",\"@id\":\"https:\\\/\\\/whatthefrance.org\\\/fr\\\/rone-lelectro-rencontre-lorchestre-pour-une-symphonie-inedite\\\/#article\",\"isPartOf\":{\"@id\":\"https:\\\/\\\/whatthefrance.org\\\/fr\\\/rone-lelectro-rencontre-lorchestre-pour-une-symphonie-inedite\\\/\"},\"author\":{\"name\":\"Margot Baffetti\",\"@id\":\"https:\\\/\\\/whatthefrance.org\\\/fr\\\/#\\\/schema\\\/person\\\/3dd4c45aeb9c32c1f8aa773bebcb192f\"},\"headline\":\"Rone | L&rsquo;\u00e9lectro rencontre l&rsquo;orchestre pour une symphonie in\u00e9dite !\",\"datePublished\":\"2024-02-05T13:03:44+00:00\",\"dateModified\":\"2024-02-06T09:17:08+00:00\",\"mainEntityOfPage\":{\"@id\":\"https:\\\/\\\/whatthefrance.org\\\/fr\\\/rone-lelectro-rencontre-lorchestre-pour-une-symphonie-inedite\\\/\"},\"wordCount\":503,\"publisher\":{\"@id\":\"https:\\\/\\\/whatthefrance.org\\\/fr\\\/#organization\"},\"keywords\":[\"Classical\",\"Electronic\"],\"articleSection\":[\"Event\"],\"inLanguage\":\"fr-FR\"},{\"@type\":\"WebPage\",\"@id\":\"https:\\\/\\\/whatthefrance.org\\\/fr\\\/rone-lelectro-rencontre-lorchestre-pour-une-symphonie-inedite\\\/\",\"url\":\"https:\\\/\\\/whatthefrance.org\\\/fr\\\/rone-lelectro-rencontre-lorchestre-pour-une-symphonie-inedite\\\/\",\"name\":\"Rone | L'\u00e9lectro rencontre l'orchestre pour une symphonie in\u00e9dite ! - What the France\",\"isPartOf\":{\"@id\":\"https:\\\/\\\/whatthefrance.org\\\/fr\\\/#website\"},\"datePublished\":\"2024-02-05T13:03:44+00:00\",\"dateModified\":\"2024-02-06T09:17:08+00:00\",\"description\":\"L'aventure musicale captivante de Rone prend d\u00e9sormais une nouvelle dimension alors qu'il se pr\u00e9pare \u00e0 conqu\u00e9rir Londres le 10 mars prochain.\",\"breadcrumb\":{\"@id\":\"https:\\\/\\\/whatthefrance.org\\\/fr\\\/rone-lelectro-rencontre-lorchestre-pour-une-symphonie-inedite\\\/#breadcrumb\"},\"inLanguage\":\"fr-FR\",\"potentialAction\":[{\"@type\":\"ReadAction\",\"target\":[\"https:\\\/\\\/whatthefrance.org\\\/fr\\\/rone-lelectro-rencontre-lorchestre-pour-une-symphonie-inedite\\\/\"]}]},{\"@type\":\"BreadcrumbList\",\"@id\":\"https:\\\/\\\/whatthefrance.org\\\/fr\\\/rone-lelectro-rencontre-lorchestre-pour-une-symphonie-inedite\\\/#breadcrumb\",\"itemListElement\":[{\"@type\":\"ListItem\",\"position\":1,\"name\":\"Home\",\"item\":\"https:\\\/\\\/whatthefrance.org\\\/fr\\\/\"},{\"@type\":\"ListItem\",\"position\":2,\"name\":\"Rone | L&rsquo;\u00e9lectro rencontre l&rsquo;orchestre pour une symphonie in\u00e9dite !\"}]},{\"@type\":\"WebSite\",\"@id\":\"https:\\\/\\\/whatthefrance.org\\\/fr\\\/#website\",\"url\":\"https:\\\/\\\/whatthefrance.org\\\/fr\\\/\",\"name\":\"What the France\",\"description\":\"The finest music made in France !\",\"publisher\":{\"@id\":\"https:\\\/\\\/whatthefrance.org\\\/fr\\\/#organization\"},\"potentialAction\":[{\"@type\":\"SearchAction\",\"target\":{\"@type\":\"EntryPoint\",\"urlTemplate\":\"https:\\\/\\\/whatthefrance.org\\\/fr\\\/?s={search_term_string}\"},\"query-input\":{\"@type\":\"PropertyValueSpecification\",\"valueRequired\":true,\"valueName\":\"search_term_string\"}}],\"inLanguage\":\"fr-FR\"},{\"@type\":\"Organization\",\"@id\":\"https:\\\/\\\/whatthefrance.org\\\/fr\\\/#organization\",\"name\":\"What The France\",\"url\":\"https:\\\/\\\/whatthefrance.org\\\/fr\\\/\",\"logo\":{\"@type\":\"ImageObject\",\"inLanguage\":\"fr-FR\",\"@id\":\"https:\\\/\\\/whatthefrance.org\\\/fr\\\/#\\\/schema\\\/logo\\\/image\\\/\",\"url\":\"https:\\\/\\\/whatthefrance.org\\\/wp-content\\\/uploads\\\/2019\\\/12\\\/44688719_2251580388408837_694180218134331392_n-e1577679609190.png\",\"contentUrl\":\"https:\\\/\\\/whatthefrance.org\\\/wp-content\\\/uploads\\\/2019\\\/12\\\/44688719_2251580388408837_694180218134331392_n-e1577679609190.png\",\"width\":200,\"height\":200,\"caption\":\"What The France\"},\"image\":{\"@id\":\"https:\\\/\\\/whatthefrance.org\\\/fr\\\/#\\\/schema\\\/logo\\\/image\\\/\"}},{\"@type\":\"Person\",\"@id\":\"https:\\\/\\\/whatthefrance.org\\\/fr\\\/#\\\/schema\\\/person\\\/3dd4c45aeb9c32c1f8aa773bebcb192f\",\"name\":\"Margot Baffetti\",\"image\":{\"@type\":\"ImageObject\",\"inLanguage\":\"fr-FR\",\"@id\":\"https:\\\/\\\/secure.gravatar.com\\\/avatar\\\/be9cb5019a90167e06d9f9c815e99926ffa9dbed341d7fb8e62390e796081d27?s=96&d=mm&r=g\",\"url\":\"https:\\\/\\\/secure.gravatar.com\\\/avatar\\\/be9cb5019a90167e06d9f9c815e99926ffa9dbed341d7fb8e62390e796081d27?s=96&d=mm&r=g\",\"contentUrl\":\"https:\\\/\\\/secure.gravatar.com\\\/avatar\\\/be9cb5019a90167e06d9f9c815e99926ffa9dbed341d7fb8e62390e796081d27?s=96&d=mm&r=g\",\"caption\":\"Margot Baffetti\"}}]}<\/script>\n<!-- \/ Yoast SEO plugin. -->","yoast_head_json":{"title":"Rone | L'\u00e9lectro rencontre l'orchestre pour une symphonie in\u00e9dite ! - What the France","description":"L'aventure musicale captivante de Rone prend d\u00e9sormais une nouvelle dimension alors qu'il se pr\u00e9pare \u00e0 conqu\u00e9rir Londres le 10 mars prochain.","robots":{"index":"index","follow":"follow","max-snippet":"max-snippet:-1","max-image-preview":"max-image-preview:large","max-video-preview":"max-video-preview:-1"},"canonical":"https:\/\/whatthefrance.org\/fr\/rone-lelectro-rencontre-lorchestre-pour-une-symphonie-inedite\/","og_locale":"fr_FR","og_type":"article","og_title":"Rone | L'\u00e9lectro rencontre l'orchestre pour une symphonie in\u00e9dite ! - What the France","og_description":"L'aventure musicale captivante de Rone prend d\u00e9sormais une nouvelle dimension alors qu'il se pr\u00e9pare \u00e0 conqu\u00e9rir Londres le 10 mars prochain.","og_url":"https:\/\/whatthefrance.org\/fr\/rone-lelectro-rencontre-lorchestre-pour-une-symphonie-inedite\/","og_site_name":"What the France","article_published_time":"2024-02-05T13:03:44+00:00","article_modified_time":"2024-02-06T09:17:08+00:00","og_image":[{"url":"https:\/\/whatthefrance.org\/wp-content\/uploads\/2024\/02\/rone_wordpress_what_the_france-1.png","height":452,"width":1084,"type":""}],"author":"Margot Baffetti","twitter_card":"summary_large_image","twitter_misc":{"\u00c9crit par":"Margot Baffetti","Dur\u00e9e de lecture estim\u00e9e":"2 minutes"},"schema":{"@context":"https:\/\/schema.org","@graph":[{"@type":"Article","@id":"https:\/\/whatthefrance.org\/fr\/rone-lelectro-rencontre-lorchestre-pour-une-symphonie-inedite\/#article","isPartOf":{"@id":"https:\/\/whatthefrance.org\/fr\/rone-lelectro-rencontre-lorchestre-pour-une-symphonie-inedite\/"},"author":{"name":"Margot Baffetti","@id":"https:\/\/whatthefrance.org\/fr\/#\/schema\/person\/3dd4c45aeb9c32c1f8aa773bebcb192f"},"headline":"Rone | L&rsquo;\u00e9lectro rencontre l&rsquo;orchestre pour une symphonie in\u00e9dite !","datePublished":"2024-02-05T13:03:44+00:00","dateModified":"2024-02-06T09:17:08+00:00","mainEntityOfPage":{"@id":"https:\/\/whatthefrance.org\/fr\/rone-lelectro-rencontre-lorchestre-pour-une-symphonie-inedite\/"},"wordCount":503,"publisher":{"@id":"https:\/\/whatthefrance.org\/fr\/#organization"},"keywords":["Classical","Electronic"],"articleSection":["Event"],"inLanguage":"fr-FR"},{"@type":"WebPage","@id":"https:\/\/whatthefrance.org\/fr\/rone-lelectro-rencontre-lorchestre-pour-une-symphonie-inedite\/","url":"https:\/\/whatthefrance.org\/fr\/rone-lelectro-rencontre-lorchestre-pour-une-symphonie-inedite\/","name":"Rone | L'\u00e9lectro rencontre l'orchestre pour une symphonie in\u00e9dite ! - What the France","isPartOf":{"@id":"https:\/\/whatthefrance.org\/fr\/#website"},"datePublished":"2024-02-05T13:03:44+00:00","dateModified":"2024-02-06T09:17:08+00:00","description":"L'aventure musicale captivante de Rone prend d\u00e9sormais une nouvelle dimension alors qu'il se pr\u00e9pare \u00e0 conqu\u00e9rir Londres le 10 mars prochain.","breadcrumb":{"@id":"https:\/\/whatthefrance.org\/fr\/rone-lelectro-rencontre-lorchestre-pour-une-symphonie-inedite\/#breadcrumb"},"inLanguage":"fr-FR","potentialAction":[{"@type":"ReadAction","target":["https:\/\/whatthefrance.org\/fr\/rone-lelectro-rencontre-lorchestre-pour-une-symphonie-inedite\/"]}]},{"@type":"BreadcrumbList","@id":"https:\/\/whatthefrance.org\/fr\/rone-lelectro-rencontre-lorchestre-pour-une-symphonie-inedite\/#breadcrumb","itemListElement":[{"@type":"ListItem","position":1,"name":"Home","item":"https:\/\/whatthefrance.org\/fr\/"},{"@type":"ListItem","position":2,"name":"Rone | L&rsquo;\u00e9lectro rencontre l&rsquo;orchestre pour une symphonie in\u00e9dite !"}]},{"@type":"WebSite","@id":"https:\/\/whatthefrance.org\/fr\/#website","url":"https:\/\/whatthefrance.org\/fr\/","name":"What the France","description":"The finest music made in France !","publisher":{"@id":"https:\/\/whatthefrance.org\/fr\/#organization"},"potentialAction":[{"@type":"SearchAction","target":{"@type":"EntryPoint","urlTemplate":"https:\/\/whatthefrance.org\/fr\/?s={search_term_string}"},"query-input":{"@type":"PropertyValueSpecification","valueRequired":true,"valueName":"search_term_string"}}],"inLanguage":"fr-FR"},{"@type":"Organization","@id":"https:\/\/whatthefrance.org\/fr\/#organization","name":"What The France","url":"https:\/\/whatthefrance.org\/fr\/","logo":{"@type":"ImageObject","inLanguage":"fr-FR","@id":"https:\/\/whatthefrance.org\/fr\/#\/schema\/logo\/image\/","url":"https:\/\/whatthefrance.org\/wp-content\/uploads\/2019\/12\/44688719_2251580388408837_694180218134331392_n-e1577679609190.png","contentUrl":"https:\/\/whatthefrance.org\/wp-content\/uploads\/2019\/12\/44688719_2251580388408837_694180218134331392_n-e1577679609190.png","width":200,"height":200,"caption":"What The France"},"image":{"@id":"https:\/\/whatthefrance.org\/fr\/#\/schema\/logo\/image\/"}},{"@type":"Person","@id":"https:\/\/whatthefrance.org\/fr\/#\/schema\/person\/3dd4c45aeb9c32c1f8aa773bebcb192f","name":"Margot Baffetti","image":{"@type":"ImageObject","inLanguage":"fr-FR","@id":"https:\/\/secure.gravatar.com\/avatar\/be9cb5019a90167e06d9f9c815e99926ffa9dbed341d7fb8e62390e796081d27?s=96&d=mm&r=g","url":"https:\/\/secure.gravatar.com\/avatar\/be9cb5019a90167e06d9f9c815e99926ffa9dbed341d7fb8e62390e796081d27?s=96&d=mm&r=g","contentUrl":"https:\/\/secure.gravatar.com\/avatar\/be9cb5019a90167e06d9f9c815e99926ffa9dbed341d7fb8e62390e796081d27?s=96&d=mm&r=g","caption":"Margot Baffetti"}}]}},"_links":{"self":[{"href":"https:\/\/whatthefrance.org\/fr\/wp-json\/wp\/v2\/posts\/65560","targetHints":{"allow":["GET"]}}],"collection":[{"href":"https:\/\/whatthefrance.org\/fr\/wp-json\/wp\/v2\/posts"}],"about":[{"href":"https:\/\/whatthefrance.org\/fr\/wp-json\/wp\/v2\/types\/post"}],"author":[{"embeddable":true,"href":"https:\/\/whatthefrance.org\/fr\/wp-json\/wp\/v2\/users\/50"}],"replies":[{"embeddable":true,"href":"https:\/\/whatthefrance.org\/fr\/wp-json\/wp\/v2\/comments?post=65560"}],"version-history":[{"count":3,"href":"https:\/\/whatthefrance.org\/fr\/wp-json\/wp\/v2\/posts\/65560\/revisions"}],"predecessor-version":[{"id":65577,"href":"https:\/\/whatthefrance.org\/fr\/wp-json\/wp\/v2\/posts\/65560\/revisions\/65577"}],"wp:attachment":[{"href":"https:\/\/whatthefrance.org\/fr\/wp-json\/wp\/v2\/media?parent=65560"}],"wp:term":[{"taxonomy":"category","embeddable":true,"href":"https:\/\/whatthefrance.org\/fr\/wp-json\/wp\/v2\/categories?post=65560"},{"taxonomy":"post_tag","embeddable":true,"href":"https:\/\/whatthefrance.org\/fr\/wp-json\/wp\/v2\/tags?post=65560"}],"curies":[{"name":"wp","href":"https:\/\/api.w.org\/{rel}","templated":true}]}}