{"id":65922,"date":"2024-02-15T12:45:54","date_gmt":"2024-02-15T11:45:54","guid":{"rendered":"https:\/\/whatthefrance.org\/?p=65922"},"modified":"2024-02-19T14:50:48","modified_gmt":"2024-02-19T13:50:48","slug":"lewis-ofman-un-nouvel-album-qui-marque-une-evolution-elactante","status":"publish","type":"post","link":"https:\/\/whatthefrance.org\/fr\/lewis-ofman-un-nouvel-album-qui-marque-une-evolution-elactante\/","title":{"rendered":"Lewis OfMan |  Un nouvel album qui marque une \u00e9volution \u00e9clatante !"},"content":{"rendered":"<div class=\"aVla3\">\n<div class=\"\">\n<div>\n<div class=\"wide-content-host\">\n<div class=\"SlLx9 WWy1F byzS1 WWy1F\" tabindex=\"-1\" aria-label=\"Courrier \u00e9lectronique\">\n<div class=\"wnVEW\">\n<div class=\"Yy5or GNqVo allowTextSelection OuGoX\" tabindex=\"-1\" role=\"document\" aria-label=\"Corps du message\">\n<div>\n<div>\n<div lang=\"fr\">\n<div>\n<p>La sortie du nouvel album de<a href=\"https:\/\/www.instagram.com\/lewisofman\/\"> Lewis OfMan<\/a> \u00ab\u00a0Cristal Medium Blue\u00a0\u00bb marque une nouvelle \u00e9volution de l\u2019univers musical de cet artiste au parcours singulier.<\/p>\n<p>A l\u2019age de onze ans, Lewis OfMan transformait l&rsquo;iPad familial en studio d&rsquo;enregistrement, explorant les subtilit\u00e9s de GarageBand. En 2017, \u00e0 vingt ans, il fait ses d\u00e9buts avec l&rsquo;EP \u00ab\u00a0Yo Bene\u00a0\u00bb. Cinq ans plus tard, la sortie de son premier album Sonic Poems (2022) est acclam\u00e9e par la critique et attire l\u2019attention de l\u2019industrie musicale<\/p>\n<\/div>\n<\/div>\n<\/div>\n<\/div>\n<\/div>\n<\/div>\n<div class=\"wnVEW\">\n<div class=\"T31hC GNqVo allowTextSelection OuGoX\" tabindex=\"-1\" role=\"document\" aria-label=\"Corps du message\">\n<div>\n<div>\n<div lang=\"fr\">\n<div>\n<p>OfMan s&rsquo;est rapidement impos\u00e9 comme un outsider intrigant, collaborant avec des ic\u00f4nes pop telles que Carly Rae Jepsen et des marques de renom comme Gucci, J Weston, et Nike. Ses tourn\u00e9es mondiales l&rsquo;ont conduit jusqu&rsquo;aux \u00c9tats-Unis, o\u00f9 il a partag\u00e9 la sc\u00e8ne avec des artistes renomm\u00e9s avant de se produire \u00e0 Coachella en 2023.<\/p>\n<\/div>\n<\/div>\n<\/div>\n<\/div>\n<\/div>\n<\/div>\n<div class=\"wnVEW\">\n<div class=\"Yy5or GNqVo allowTextSelection OuGoX\" tabindex=\"-1\" role=\"document\" aria-label=\"Corps du message\">\n<div>\n<div>\n<div lang=\"fr\">\n<div>\n<p>Le nouvel album tire son essence d&rsquo;exp\u00e9riences personnelles d\u00e9cisives. Apr\u00e8s une p\u00e9riode intense de tourn\u00e9es, Lewis OfMan a v\u00e9cu une s\u00e9paration\u00a0\u00e0 l\u2019\u00e9t\u00e9 2022, suivie d&rsquo;un retour chez ses parents en Gr\u00e8ce. C&rsquo;est l\u00e0 qu&rsquo;il se\u00a0plonge\u00a0dans les classiques musicaux de son adolescence et\u00a0red\u00e9couvre\u00a0le rock psych\u00e9d\u00e9lique. Arm\u00e9 d&rsquo;une guitare nylon et d&rsquo;un sampler Ensoniq, il commence\u00a0\u00e0 composer en contemplant la M\u00e9diterran\u00e9e.<\/p>\n<p>L\u2019album,\u00a0qui\u00a0comprend\u00a0des collaborations avec des artistes tels qu&rsquo;Empress of, Gabriela Richardson, Camille Jansen et Sofie Royer, est con\u00e7ue comme une invitation \u00e0 r\u00eaver,\u00a0\u00e0 revivre des moments sp\u00e9ciaux.<\/p>\n<p>\u201cCristal Medium Blue\u201d marque une \u00e9tape significative dans le parcours musical de Lewis OfMan, r\u00e9v\u00e9latrice de son \u00e9volution artistique et personnelle. Une exp\u00e9rience sensorielle captivante \u00e0 d\u00e9couvrir, disponible depuis le 9 f\u00e9vrier.<\/p>\n<\/div>\n<\/div>\n<\/div>\n<\/div>\n<\/div>\n<\/div>\n<\/div>\n<\/div>\n<\/div>\n<\/div>\n<\/div>\n<div class=\"aVla3\">\n<div class=\"\">\n<div class=\"GjFKx WWy1F YoK0k\" tabindex=\"-1\">\n<div class=\"jmmB7 Ts94W allowTextSelection\">\n<div class=\"c7KoH\">\u00a0<div class=\"playListBloc singleBloc\"><div class=\"playListBloc-wrap\">    <div class=\"thumbnail\"><img data-src=\"https:\/\/whatthefrance.org\/wp-content\/uploads\/2018\/11\/TEMPLATE-POCHETTE-GENRE-pop-Louane-254x254.jpg\" class=\"lazyload\" alt=\"TEMPLATE POCHETTE GENRE &#8211; pop &#8211; Louane\" \/>    <\/div>    <div class=\"infos\">        <span class=\"tag\">Genres<\/span>        <h2>Pop The Champagne<\/h2>        <span class=\"separator\"><\/span>       <span class=\"desc\">Listen to the latest pop music hits made in France.<\/span><div class=\"share flex flexAlignCenter \">\t<span class=\"label\">Partager<\/span>\t<a href=\"https:\/\/www.facebook.com\/sharer\/sharer.php?u=https:\/\/whatthefrance.org\/fr\/playlists\/pop-the-champagne\/\" class=\"facebook\" target=\"_blank\" rel=\"noreferrer\">Facebook<\/a>\t<a href=\"https:\/\/twitter.com\/intent\/tweet?url=https:\/\/whatthefrance.org\/fr\/playlists\/pop-the-champagne\/&text=Pop+The+Champagne&hashtags=WTF\" class=\"twitter\" target=\"_blank\" rel=\"noreferrer\">Twitter<\/a>\t<a href=\"mailto:?subject=What%20the%20France%20%3A%20Pop%20The%20Champagne&body=https:\/\/whatthefrance.org\/fr\/playlists\/pop-the-champagne\/\" class=\"mail\" target=\"_blank\" rel=\"noreferrer\">Email<\/a><\/div>        <a href=\"#\" class=\"btn btnPlaylist orange playlist-click\" data-id=\"910\">            <svg version=\"1.1\" x=\"0px\" y=\"0px\" width=\"40px\" height=\"40px\" viewBox=\"0 0 213.7 213.7\" enable-background=\"new 0 0 213.7 213.7\" xml:space=\"preserve\">                <polygon class=\"triangle\" fill=\"none\" stroke-width=\"10\" stroke-linecap=\"round\" stroke-linejoin=\"round\" stroke-miterlimit=\"10\" points=\"\n            73.5,62.5 148.5,105.8 73.5,149.1 \"\/>                <circle class=\"circle\" fill=\"none\"  stroke-width=\"8\" stroke-linecap=\"round\" stroke-linejoin=\"round\" stroke-miterlimit=\"10\" cx=\"106.8\" cy=\"106.8\" r=\"103.3\"\/>                <circle class=\"circle-white\" fill=\"none\"  stroke-width=\"8\" stroke-linecap=\"round\" stroke-linejoin=\"round\" stroke-miterlimit=\"10\" cx=\"106.8\" cy=\"106.8\" r=\"103.3\"\/>            <\/svg>Ecouter        <\/a>    <\/div>  <\/div><\/div><\/div>\n<\/div>\n<\/div>\n<\/div>\n<\/div>\n","protected":false},"excerpt":{"rendered":"<p>La sortie du nouvel album de Lewis OfMan \u00ab\u00a0Cristal Medium Blue\u00a0\u00bb marque une nouvelle \u00e9volution de l\u2019univers musical de cet artiste au parcours singulier. A l\u2019age de onze ans, Lewis OfMan transformait l&rsquo;iPad familial en studio d&rsquo;enregistrement, explorant les subtilit\u00e9s de GarageBand. En 2017, \u00e0 vingt ans, il fait ses d\u00e9buts avec l&rsquo;EP \u00ab\u00a0Yo Bene\u00a0\u00bb. [&hellip;]<\/p>\n","protected":false},"author":50,"featured_media":0,"comment_status":"closed","ping_status":"closed","sticky":false,"template":"","format":"standard","meta":{"_acf_changed":false,"footnotes":""},"categories":[213],"tags":[1003],"class_list":["post-65922","post","type-post","status-publish","format-standard","hentry","category-event-fr","tag-synth-pop-fr"],"acf":[],"yoast_head":"<!-- This site is optimized with the Yoast SEO plugin v27.3 - https:\/\/yoast.com\/product\/yoast-seo-wordpress\/ -->\n<title>Lewis OfMan | Un nouvel album qui marque une \u00e9volution \u00e9clatante ! - What the France<\/title>\n<meta name=\"robots\" content=\"index, follow, max-snippet:-1, max-image-preview:large, max-video-preview:-1\" \/>\n<link rel=\"canonical\" href=\"https:\/\/whatthefrance.org\/fr\/lewis-ofman-un-nouvel-album-qui-marque-une-evolution-elactante\/\" \/>\n<meta property=\"og:locale\" content=\"fr_FR\" \/>\n<meta property=\"og:type\" content=\"article\" \/>\n<meta property=\"og:title\" content=\"Lewis OfMan | Un nouvel album qui marque une \u00e9volution \u00e9clatante ! - What the France\" \/>\n<meta property=\"og:description\" content=\"La sortie du nouvel album de Lewis OfMan \u00ab\u00a0Cristal Medium Blue\u00a0\u00bb marque une nouvelle \u00e9volution de l\u2019univers musical de cet artiste au parcours singulier. A l\u2019age de onze ans, Lewis OfMan transformait l&rsquo;iPad familial en studio d&rsquo;enregistrement, explorant les subtilit\u00e9s de GarageBand. En 2017, \u00e0 vingt ans, il fait ses d\u00e9buts avec l&rsquo;EP \u00ab\u00a0Yo Bene\u00a0\u00bb. [&hellip;]\" \/>\n<meta property=\"og:url\" content=\"https:\/\/whatthefrance.org\/fr\/lewis-ofman-un-nouvel-album-qui-marque-une-evolution-elactante\/\" \/>\n<meta property=\"og:site_name\" content=\"What the France\" \/>\n<meta property=\"article:published_time\" content=\"2024-02-15T11:45:54+00:00\" \/>\n<meta property=\"article:modified_time\" content=\"2024-02-19T13:50:48+00:00\" \/>\n<meta property=\"og:image\" content=\"https:\/\/whatthefrance.org\/wp-content\/uploads\/2023\/11\/lewis_ofman_wordpress_what_the_france.png\" \/>\n\t<meta property=\"og:image:width\" content=\"1084\" \/>\n\t<meta property=\"og:image:height\" content=\"452\" \/>\n<meta name=\"author\" content=\"Margot Baffetti\" \/>\n<meta name=\"twitter:card\" content=\"summary_large_image\" \/>\n<meta name=\"twitter:label1\" content=\"\u00c9crit par\" \/>\n\t<meta name=\"twitter:data1\" content=\"Margot Baffetti\" \/>\n\t<meta name=\"twitter:label2\" content=\"Dur\u00e9e de lecture estim\u00e9e\" \/>\n\t<meta name=\"twitter:data2\" content=\"2 minutes\" \/>\n<script type=\"application\/ld+json\" class=\"yoast-schema-graph\">{\"@context\":\"https:\\\/\\\/schema.org\",\"@graph\":[{\"@type\":\"Article\",\"@id\":\"https:\\\/\\\/whatthefrance.org\\\/fr\\\/lewis-ofman-un-nouvel-album-qui-marque-une-evolution-elactante\\\/#article\",\"isPartOf\":{\"@id\":\"https:\\\/\\\/whatthefrance.org\\\/fr\\\/lewis-ofman-un-nouvel-album-qui-marque-une-evolution-elactante\\\/\"},\"author\":{\"name\":\"Margot Baffetti\",\"@id\":\"https:\\\/\\\/whatthefrance.org\\\/fr\\\/#\\\/schema\\\/person\\\/3dd4c45aeb9c32c1f8aa773bebcb192f\"},\"headline\":\"Lewis OfMan | Un nouvel album qui marque une \u00e9volution \u00e9clatante !\",\"datePublished\":\"2024-02-15T11:45:54+00:00\",\"dateModified\":\"2024-02-19T13:50:48+00:00\",\"mainEntityOfPage\":{\"@id\":\"https:\\\/\\\/whatthefrance.org\\\/fr\\\/lewis-ofman-un-nouvel-album-qui-marque-une-evolution-elactante\\\/\"},\"wordCount\":307,\"publisher\":{\"@id\":\"https:\\\/\\\/whatthefrance.org\\\/fr\\\/#organization\"},\"keywords\":[\"Synth Pop\"],\"articleSection\":[\"Event\"],\"inLanguage\":\"fr-FR\"},{\"@type\":\"WebPage\",\"@id\":\"https:\\\/\\\/whatthefrance.org\\\/fr\\\/lewis-ofman-un-nouvel-album-qui-marque-une-evolution-elactante\\\/\",\"url\":\"https:\\\/\\\/whatthefrance.org\\\/fr\\\/lewis-ofman-un-nouvel-album-qui-marque-une-evolution-elactante\\\/\",\"name\":\"Lewis OfMan | Un nouvel album qui marque une \u00e9volution \u00e9clatante ! - What the France\",\"isPartOf\":{\"@id\":\"https:\\\/\\\/whatthefrance.org\\\/fr\\\/#website\"},\"datePublished\":\"2024-02-15T11:45:54+00:00\",\"dateModified\":\"2024-02-19T13:50:48+00:00\",\"breadcrumb\":{\"@id\":\"https:\\\/\\\/whatthefrance.org\\\/fr\\\/lewis-ofman-un-nouvel-album-qui-marque-une-evolution-elactante\\\/#breadcrumb\"},\"inLanguage\":\"fr-FR\",\"potentialAction\":[{\"@type\":\"ReadAction\",\"target\":[\"https:\\\/\\\/whatthefrance.org\\\/fr\\\/lewis-ofman-un-nouvel-album-qui-marque-une-evolution-elactante\\\/\"]}]},{\"@type\":\"BreadcrumbList\",\"@id\":\"https:\\\/\\\/whatthefrance.org\\\/fr\\\/lewis-ofman-un-nouvel-album-qui-marque-une-evolution-elactante\\\/#breadcrumb\",\"itemListElement\":[{\"@type\":\"ListItem\",\"position\":1,\"name\":\"Home\",\"item\":\"https:\\\/\\\/whatthefrance.org\\\/fr\\\/\"},{\"@type\":\"ListItem\",\"position\":2,\"name\":\"Lewis OfMan | Un nouvel album qui marque une \u00e9volution \u00e9clatante !\"}]},{\"@type\":\"WebSite\",\"@id\":\"https:\\\/\\\/whatthefrance.org\\\/fr\\\/#website\",\"url\":\"https:\\\/\\\/whatthefrance.org\\\/fr\\\/\",\"name\":\"What the France\",\"description\":\"The finest music made in France !\",\"publisher\":{\"@id\":\"https:\\\/\\\/whatthefrance.org\\\/fr\\\/#organization\"},\"potentialAction\":[{\"@type\":\"SearchAction\",\"target\":{\"@type\":\"EntryPoint\",\"urlTemplate\":\"https:\\\/\\\/whatthefrance.org\\\/fr\\\/?s={search_term_string}\"},\"query-input\":{\"@type\":\"PropertyValueSpecification\",\"valueRequired\":true,\"valueName\":\"search_term_string\"}}],\"inLanguage\":\"fr-FR\"},{\"@type\":\"Organization\",\"@id\":\"https:\\\/\\\/whatthefrance.org\\\/fr\\\/#organization\",\"name\":\"What The France\",\"url\":\"https:\\\/\\\/whatthefrance.org\\\/fr\\\/\",\"logo\":{\"@type\":\"ImageObject\",\"inLanguage\":\"fr-FR\",\"@id\":\"https:\\\/\\\/whatthefrance.org\\\/fr\\\/#\\\/schema\\\/logo\\\/image\\\/\",\"url\":\"https:\\\/\\\/whatthefrance.org\\\/wp-content\\\/uploads\\\/2019\\\/12\\\/44688719_2251580388408837_694180218134331392_n-e1577679609190.png\",\"contentUrl\":\"https:\\\/\\\/whatthefrance.org\\\/wp-content\\\/uploads\\\/2019\\\/12\\\/44688719_2251580388408837_694180218134331392_n-e1577679609190.png\",\"width\":200,\"height\":200,\"caption\":\"What The France\"},\"image\":{\"@id\":\"https:\\\/\\\/whatthefrance.org\\\/fr\\\/#\\\/schema\\\/logo\\\/image\\\/\"}},{\"@type\":\"Person\",\"@id\":\"https:\\\/\\\/whatthefrance.org\\\/fr\\\/#\\\/schema\\\/person\\\/3dd4c45aeb9c32c1f8aa773bebcb192f\",\"name\":\"Margot Baffetti\",\"image\":{\"@type\":\"ImageObject\",\"inLanguage\":\"fr-FR\",\"@id\":\"https:\\\/\\\/secure.gravatar.com\\\/avatar\\\/be9cb5019a90167e06d9f9c815e99926ffa9dbed341d7fb8e62390e796081d27?s=96&d=mm&r=g\",\"url\":\"https:\\\/\\\/secure.gravatar.com\\\/avatar\\\/be9cb5019a90167e06d9f9c815e99926ffa9dbed341d7fb8e62390e796081d27?s=96&d=mm&r=g\",\"contentUrl\":\"https:\\\/\\\/secure.gravatar.com\\\/avatar\\\/be9cb5019a90167e06d9f9c815e99926ffa9dbed341d7fb8e62390e796081d27?s=96&d=mm&r=g\",\"caption\":\"Margot Baffetti\"}}]}<\/script>\n<!-- \/ Yoast SEO plugin. -->","yoast_head_json":{"title":"Lewis OfMan | Un nouvel album qui marque une \u00e9volution \u00e9clatante ! - What the France","robots":{"index":"index","follow":"follow","max-snippet":"max-snippet:-1","max-image-preview":"max-image-preview:large","max-video-preview":"max-video-preview:-1"},"canonical":"https:\/\/whatthefrance.org\/fr\/lewis-ofman-un-nouvel-album-qui-marque-une-evolution-elactante\/","og_locale":"fr_FR","og_type":"article","og_title":"Lewis OfMan | Un nouvel album qui marque une \u00e9volution \u00e9clatante ! - What the France","og_description":"La sortie du nouvel album de Lewis OfMan \u00ab\u00a0Cristal Medium Blue\u00a0\u00bb marque une nouvelle \u00e9volution de l\u2019univers musical de cet artiste au parcours singulier. A l\u2019age de onze ans, Lewis OfMan transformait l&rsquo;iPad familial en studio d&rsquo;enregistrement, explorant les subtilit\u00e9s de GarageBand. En 2017, \u00e0 vingt ans, il fait ses d\u00e9buts avec l&rsquo;EP \u00ab\u00a0Yo Bene\u00a0\u00bb. [&hellip;]","og_url":"https:\/\/whatthefrance.org\/fr\/lewis-ofman-un-nouvel-album-qui-marque-une-evolution-elactante\/","og_site_name":"What the France","article_published_time":"2024-02-15T11:45:54+00:00","article_modified_time":"2024-02-19T13:50:48+00:00","og_image":[{"url":"https:\/\/whatthefrance.org\/wp-content\/uploads\/2023\/11\/lewis_ofman_wordpress_what_the_france.png","height":452,"width":1084,"type":""}],"author":"Margot Baffetti","twitter_card":"summary_large_image","twitter_misc":{"\u00c9crit par":"Margot Baffetti","Dur\u00e9e de lecture estim\u00e9e":"2 minutes"},"schema":{"@context":"https:\/\/schema.org","@graph":[{"@type":"Article","@id":"https:\/\/whatthefrance.org\/fr\/lewis-ofman-un-nouvel-album-qui-marque-une-evolution-elactante\/#article","isPartOf":{"@id":"https:\/\/whatthefrance.org\/fr\/lewis-ofman-un-nouvel-album-qui-marque-une-evolution-elactante\/"},"author":{"name":"Margot Baffetti","@id":"https:\/\/whatthefrance.org\/fr\/#\/schema\/person\/3dd4c45aeb9c32c1f8aa773bebcb192f"},"headline":"Lewis OfMan | Un nouvel album qui marque une \u00e9volution \u00e9clatante !","datePublished":"2024-02-15T11:45:54+00:00","dateModified":"2024-02-19T13:50:48+00:00","mainEntityOfPage":{"@id":"https:\/\/whatthefrance.org\/fr\/lewis-ofman-un-nouvel-album-qui-marque-une-evolution-elactante\/"},"wordCount":307,"publisher":{"@id":"https:\/\/whatthefrance.org\/fr\/#organization"},"keywords":["Synth Pop"],"articleSection":["Event"],"inLanguage":"fr-FR"},{"@type":"WebPage","@id":"https:\/\/whatthefrance.org\/fr\/lewis-ofman-un-nouvel-album-qui-marque-une-evolution-elactante\/","url":"https:\/\/whatthefrance.org\/fr\/lewis-ofman-un-nouvel-album-qui-marque-une-evolution-elactante\/","name":"Lewis OfMan | Un nouvel album qui marque une \u00e9volution \u00e9clatante ! - What the France","isPartOf":{"@id":"https:\/\/whatthefrance.org\/fr\/#website"},"datePublished":"2024-02-15T11:45:54+00:00","dateModified":"2024-02-19T13:50:48+00:00","breadcrumb":{"@id":"https:\/\/whatthefrance.org\/fr\/lewis-ofman-un-nouvel-album-qui-marque-une-evolution-elactante\/#breadcrumb"},"inLanguage":"fr-FR","potentialAction":[{"@type":"ReadAction","target":["https:\/\/whatthefrance.org\/fr\/lewis-ofman-un-nouvel-album-qui-marque-une-evolution-elactante\/"]}]},{"@type":"BreadcrumbList","@id":"https:\/\/whatthefrance.org\/fr\/lewis-ofman-un-nouvel-album-qui-marque-une-evolution-elactante\/#breadcrumb","itemListElement":[{"@type":"ListItem","position":1,"name":"Home","item":"https:\/\/whatthefrance.org\/fr\/"},{"@type":"ListItem","position":2,"name":"Lewis OfMan | Un nouvel album qui marque une \u00e9volution \u00e9clatante !"}]},{"@type":"WebSite","@id":"https:\/\/whatthefrance.org\/fr\/#website","url":"https:\/\/whatthefrance.org\/fr\/","name":"What the France","description":"The finest music made in France !","publisher":{"@id":"https:\/\/whatthefrance.org\/fr\/#organization"},"potentialAction":[{"@type":"SearchAction","target":{"@type":"EntryPoint","urlTemplate":"https:\/\/whatthefrance.org\/fr\/?s={search_term_string}"},"query-input":{"@type":"PropertyValueSpecification","valueRequired":true,"valueName":"search_term_string"}}],"inLanguage":"fr-FR"},{"@type":"Organization","@id":"https:\/\/whatthefrance.org\/fr\/#organization","name":"What The France","url":"https:\/\/whatthefrance.org\/fr\/","logo":{"@type":"ImageObject","inLanguage":"fr-FR","@id":"https:\/\/whatthefrance.org\/fr\/#\/schema\/logo\/image\/","url":"https:\/\/whatthefrance.org\/wp-content\/uploads\/2019\/12\/44688719_2251580388408837_694180218134331392_n-e1577679609190.png","contentUrl":"https:\/\/whatthefrance.org\/wp-content\/uploads\/2019\/12\/44688719_2251580388408837_694180218134331392_n-e1577679609190.png","width":200,"height":200,"caption":"What The France"},"image":{"@id":"https:\/\/whatthefrance.org\/fr\/#\/schema\/logo\/image\/"}},{"@type":"Person","@id":"https:\/\/whatthefrance.org\/fr\/#\/schema\/person\/3dd4c45aeb9c32c1f8aa773bebcb192f","name":"Margot Baffetti","image":{"@type":"ImageObject","inLanguage":"fr-FR","@id":"https:\/\/secure.gravatar.com\/avatar\/be9cb5019a90167e06d9f9c815e99926ffa9dbed341d7fb8e62390e796081d27?s=96&d=mm&r=g","url":"https:\/\/secure.gravatar.com\/avatar\/be9cb5019a90167e06d9f9c815e99926ffa9dbed341d7fb8e62390e796081d27?s=96&d=mm&r=g","contentUrl":"https:\/\/secure.gravatar.com\/avatar\/be9cb5019a90167e06d9f9c815e99926ffa9dbed341d7fb8e62390e796081d27?s=96&d=mm&r=g","caption":"Margot Baffetti"}}]}},"_links":{"self":[{"href":"https:\/\/whatthefrance.org\/fr\/wp-json\/wp\/v2\/posts\/65922","targetHints":{"allow":["GET"]}}],"collection":[{"href":"https:\/\/whatthefrance.org\/fr\/wp-json\/wp\/v2\/posts"}],"about":[{"href":"https:\/\/whatthefrance.org\/fr\/wp-json\/wp\/v2\/types\/post"}],"author":[{"embeddable":true,"href":"https:\/\/whatthefrance.org\/fr\/wp-json\/wp\/v2\/users\/50"}],"replies":[{"embeddable":true,"href":"https:\/\/whatthefrance.org\/fr\/wp-json\/wp\/v2\/comments?post=65922"}],"version-history":[{"count":2,"href":"https:\/\/whatthefrance.org\/fr\/wp-json\/wp\/v2\/posts\/65922\/revisions"}],"predecessor-version":[{"id":65990,"href":"https:\/\/whatthefrance.org\/fr\/wp-json\/wp\/v2\/posts\/65922\/revisions\/65990"}],"wp:attachment":[{"href":"https:\/\/whatthefrance.org\/fr\/wp-json\/wp\/v2\/media?parent=65922"}],"wp:term":[{"taxonomy":"category","embeddable":true,"href":"https:\/\/whatthefrance.org\/fr\/wp-json\/wp\/v2\/categories?post=65922"},{"taxonomy":"post_tag","embeddable":true,"href":"https:\/\/whatthefrance.org\/fr\/wp-json\/wp\/v2\/tags?post=65922"}],"curies":[{"name":"wp","href":"https:\/\/api.w.org\/{rel}","templated":true}]}}