{"id":66099,"date":"2024-02-23T13:32:58","date_gmt":"2024-02-23T12:32:58","guid":{"rendered":"https:\/\/whatthefrance.org\/?p=66099"},"modified":"2024-03-12T14:24:00","modified_gmt":"2024-03-12T13:24:00","slug":"malted-milk-un-nouvel-album-pour-leur-20-ans","status":"publish","type":"post","link":"https:\/\/whatthefrance.org\/fr\/malted-milk-un-nouvel-album-pour-leur-20-ans\/","title":{"rendered":"Malted Milk | Un nouvel album pour leurs 20 ans"},"content":{"rendered":"<p>Duo blues \u00e0 ses d\u00e9buts, Malted Milk est devenu un v\u00e9ritable soul band qui apr\u00e8s avoir r\u00e9cemment f\u00eat\u00e9 20 ann\u00e9es de carri\u00e8re \u00e9lectrise toujours la sc\u00e8ne par sa cr\u00e9ativit\u00e9. Le groupe revient ce vendredi 23 f\u00e9vrier avec un nouvel album, \u00ab\u00a01975\u00a0\u00bb<\/p>\n<p>Projet profond\u00e9ment intime, \u00ab\u00a01975\u00a0\u00bb explore les histoires et le point de vue du chanteur principal. Partant d\u2019une perspective personnelle, il explore des th\u00e8mes soci\u00e9taux marqu\u00e9s par les abus des puissants, l\u2019indiff\u00e9rence et des questionnements autour de la libert\u00e9.<\/p>\n<p>Les tonalit\u00e9s de l&rsquo;album oscillent entre lucidit\u00e9, col\u00e8re et optimisme, sur des morceaux d&rsquo;inspiration soul et funk influenc\u00e9s par des genres plus modernes comme la disco et le folk-world.<\/p>\n<p>Un album qui marque un tournant pour le groupe, qui s&rsquo;engage \u00e0 \u00ab\u00a0aborder ouvertement des sujets inconfortables et \u00e0 refl\u00e9ter honn\u00eatement sa passion pour la musique am\u00e9ricaine et populaire\u00a0\u00bb.<\/p>\n<div class=\"playListBloc singleBloc\"><div class=\"playListBloc-wrap\">    <div class=\"thumbnail\"><img data-src=\"https:\/\/whatthefrance.org\/wp-content\/uploads\/2018\/11\/Design-sans-titre-254x254.jpg\" class=\"lazyload\" alt=\"Design sans titre\" \/>    <\/div>    <div class=\"infos\">        <span class=\"tag\">Genres<\/span>        <h2>Kiss my Jazz<\/h2>        <span class=\"separator\"><\/span>       <span class=\"desc\">Jam to the latest jazz hits made in France.<\/span><div class=\"share flex flexAlignCenter \">\t<span class=\"label\">Partager<\/span>\t<a href=\"https:\/\/www.facebook.com\/sharer\/sharer.php?u=https:\/\/whatthefrance.org\/fr\/playlists\/kiss-my-jazz\/\" class=\"facebook\" target=\"_blank\" rel=\"noreferrer\">Facebook<\/a>\t<a href=\"https:\/\/twitter.com\/intent\/tweet?url=https:\/\/whatthefrance.org\/fr\/playlists\/kiss-my-jazz\/&text=Kiss+my+Jazz&hashtags=WTF\" class=\"twitter\" target=\"_blank\" rel=\"noreferrer\">Twitter<\/a>\t<a href=\"mailto:?subject=What%20the%20France%20%3A%20Kiss%20my%20Jazz&body=https:\/\/whatthefrance.org\/fr\/playlists\/kiss-my-jazz\/\" class=\"mail\" target=\"_blank\" rel=\"noreferrer\">Email<\/a><\/div>        <a href=\"#\" class=\"btn btnPlaylist orange playlist-click\" data-id=\"897\">            <svg version=\"1.1\" x=\"0px\" y=\"0px\" width=\"40px\" height=\"40px\" viewBox=\"0 0 213.7 213.7\" enable-background=\"new 0 0 213.7 213.7\" xml:space=\"preserve\">                <polygon class=\"triangle\" fill=\"none\" stroke-width=\"10\" stroke-linecap=\"round\" stroke-linejoin=\"round\" stroke-miterlimit=\"10\" points=\"\n            73.5,62.5 148.5,105.8 73.5,149.1 \"\/>                <circle class=\"circle\" fill=\"none\"  stroke-width=\"8\" stroke-linecap=\"round\" stroke-linejoin=\"round\" stroke-miterlimit=\"10\" cx=\"106.8\" cy=\"106.8\" r=\"103.3\"\/>                <circle class=\"circle-white\" fill=\"none\"  stroke-width=\"8\" stroke-linecap=\"round\" stroke-linejoin=\"round\" stroke-miterlimit=\"10\" cx=\"106.8\" cy=\"106.8\" r=\"103.3\"\/>            <\/svg>Ecouter        <\/a>    <\/div>  <\/div><\/div>\n","protected":false},"excerpt":{"rendered":"<p>Duo blues \u00e0 ses d\u00e9buts, Malted Milk est devenu un v\u00e9ritable soul band qui apr\u00e8s avoir r\u00e9cemment f\u00eat\u00e9 20 ann\u00e9es de carri\u00e8re \u00e9lectrise toujours la sc\u00e8ne par sa cr\u00e9ativit\u00e9. Le groupe revient ce vendredi 23 f\u00e9vrier avec un nouvel album, \u00ab\u00a01975\u00a0\u00bb Projet profond\u00e9ment intime, \u00ab\u00a01975\u00a0\u00bb explore les histoires et le point de vue du chanteur [&hellip;]<\/p>\n","protected":false},"author":50,"featured_media":0,"comment_status":"closed","ping_status":"closed","sticky":false,"template":"","format":"standard","meta":{"_acf_changed":false,"footnotes":""},"categories":[213],"tags":[327],"class_list":["post-66099","post","type-post","status-publish","format-standard","hentry","category-event-fr","tag-folk-fr"],"acf":[],"yoast_head":"<!-- This site is optimized with the Yoast SEO plugin v27.3 - https:\/\/yoast.com\/product\/yoast-seo-wordpress\/ -->\n<title>Malted Milk | Un nouvel album pour leurs 20 ans - What the France<\/title>\n<meta name=\"robots\" content=\"index, follow, max-snippet:-1, max-image-preview:large, max-video-preview:-1\" \/>\n<link rel=\"canonical\" href=\"https:\/\/whatthefrance.org\/fr\/malted-milk-un-nouvel-album-pour-leur-20-ans\/\" \/>\n<meta property=\"og:locale\" content=\"fr_FR\" \/>\n<meta property=\"og:type\" content=\"article\" \/>\n<meta property=\"og:title\" content=\"Malted Milk | Un nouvel album pour leurs 20 ans - What the France\" \/>\n<meta property=\"og:description\" content=\"Duo blues \u00e0 ses d\u00e9buts, Malted Milk est devenu un v\u00e9ritable soul band qui apr\u00e8s avoir r\u00e9cemment f\u00eat\u00e9 20 ann\u00e9es de carri\u00e8re \u00e9lectrise toujours la sc\u00e8ne par sa cr\u00e9ativit\u00e9. Le groupe revient ce vendredi 23 f\u00e9vrier avec un nouvel album, \u00ab\u00a01975\u00a0\u00bb Projet profond\u00e9ment intime, \u00ab\u00a01975\u00a0\u00bb explore les histoires et le point de vue du chanteur [&hellip;]\" \/>\n<meta property=\"og:url\" content=\"https:\/\/whatthefrance.org\/fr\/malted-milk-un-nouvel-album-pour-leur-20-ans\/\" \/>\n<meta property=\"og:site_name\" content=\"What the France\" \/>\n<meta property=\"article:published_time\" content=\"2024-02-23T12:32:58+00:00\" \/>\n<meta property=\"article:modified_time\" content=\"2024-03-12T13:24:00+00:00\" \/>\n<meta property=\"og:image\" content=\"https:\/\/whatthefrance.org\/wp-content\/uploads\/2024\/02\/malted_milk_wordpress_what_the_france.png\" \/>\n\t<meta property=\"og:image:width\" content=\"1084\" \/>\n\t<meta property=\"og:image:height\" content=\"452\" \/>\n<meta name=\"author\" content=\"Margot Baffetti\" \/>\n<meta name=\"twitter:card\" content=\"summary_large_image\" \/>\n<meta name=\"twitter:label1\" content=\"\u00c9crit par\" \/>\n\t<meta name=\"twitter:data1\" content=\"Margot Baffetti\" \/>\n\t<meta name=\"twitter:label2\" content=\"Dur\u00e9e de lecture estim\u00e9e\" \/>\n\t<meta name=\"twitter:data2\" content=\"1 minute\" \/>\n<script type=\"application\/ld+json\" class=\"yoast-schema-graph\">{\"@context\":\"https:\\\/\\\/schema.org\",\"@graph\":[{\"@type\":\"Article\",\"@id\":\"https:\\\/\\\/whatthefrance.org\\\/fr\\\/malted-milk-un-nouvel-album-pour-leur-20-ans\\\/#article\",\"isPartOf\":{\"@id\":\"https:\\\/\\\/whatthefrance.org\\\/fr\\\/malted-milk-un-nouvel-album-pour-leur-20-ans\\\/\"},\"author\":{\"name\":\"Margot Baffetti\",\"@id\":\"https:\\\/\\\/whatthefrance.org\\\/fr\\\/#\\\/schema\\\/person\\\/3dd4c45aeb9c32c1f8aa773bebcb192f\"},\"headline\":\"Malted Milk | Un nouvel album pour leurs 20 ans\",\"datePublished\":\"2024-02-23T12:32:58+00:00\",\"dateModified\":\"2024-03-12T13:24:00+00:00\",\"mainEntityOfPage\":{\"@id\":\"https:\\\/\\\/whatthefrance.org\\\/fr\\\/malted-milk-un-nouvel-album-pour-leur-20-ans\\\/\"},\"wordCount\":166,\"publisher\":{\"@id\":\"https:\\\/\\\/whatthefrance.org\\\/fr\\\/#organization\"},\"keywords\":[\"Folk\"],\"articleSection\":[\"Event\"],\"inLanguage\":\"fr-FR\"},{\"@type\":\"WebPage\",\"@id\":\"https:\\\/\\\/whatthefrance.org\\\/fr\\\/malted-milk-un-nouvel-album-pour-leur-20-ans\\\/\",\"url\":\"https:\\\/\\\/whatthefrance.org\\\/fr\\\/malted-milk-un-nouvel-album-pour-leur-20-ans\\\/\",\"name\":\"Malted Milk | Un nouvel album pour leurs 20 ans - What the France\",\"isPartOf\":{\"@id\":\"https:\\\/\\\/whatthefrance.org\\\/fr\\\/#website\"},\"datePublished\":\"2024-02-23T12:32:58+00:00\",\"dateModified\":\"2024-03-12T13:24:00+00:00\",\"breadcrumb\":{\"@id\":\"https:\\\/\\\/whatthefrance.org\\\/fr\\\/malted-milk-un-nouvel-album-pour-leur-20-ans\\\/#breadcrumb\"},\"inLanguage\":\"fr-FR\",\"potentialAction\":[{\"@type\":\"ReadAction\",\"target\":[\"https:\\\/\\\/whatthefrance.org\\\/fr\\\/malted-milk-un-nouvel-album-pour-leur-20-ans\\\/\"]}]},{\"@type\":\"BreadcrumbList\",\"@id\":\"https:\\\/\\\/whatthefrance.org\\\/fr\\\/malted-milk-un-nouvel-album-pour-leur-20-ans\\\/#breadcrumb\",\"itemListElement\":[{\"@type\":\"ListItem\",\"position\":1,\"name\":\"Home\",\"item\":\"https:\\\/\\\/whatthefrance.org\\\/fr\\\/\"},{\"@type\":\"ListItem\",\"position\":2,\"name\":\"Malted Milk | Un nouvel album pour leurs 20 ans\"}]},{\"@type\":\"WebSite\",\"@id\":\"https:\\\/\\\/whatthefrance.org\\\/fr\\\/#website\",\"url\":\"https:\\\/\\\/whatthefrance.org\\\/fr\\\/\",\"name\":\"What the France\",\"description\":\"The finest music made in France !\",\"publisher\":{\"@id\":\"https:\\\/\\\/whatthefrance.org\\\/fr\\\/#organization\"},\"potentialAction\":[{\"@type\":\"SearchAction\",\"target\":{\"@type\":\"EntryPoint\",\"urlTemplate\":\"https:\\\/\\\/whatthefrance.org\\\/fr\\\/?s={search_term_string}\"},\"query-input\":{\"@type\":\"PropertyValueSpecification\",\"valueRequired\":true,\"valueName\":\"search_term_string\"}}],\"inLanguage\":\"fr-FR\"},{\"@type\":\"Organization\",\"@id\":\"https:\\\/\\\/whatthefrance.org\\\/fr\\\/#organization\",\"name\":\"What The France\",\"url\":\"https:\\\/\\\/whatthefrance.org\\\/fr\\\/\",\"logo\":{\"@type\":\"ImageObject\",\"inLanguage\":\"fr-FR\",\"@id\":\"https:\\\/\\\/whatthefrance.org\\\/fr\\\/#\\\/schema\\\/logo\\\/image\\\/\",\"url\":\"https:\\\/\\\/whatthefrance.org\\\/wp-content\\\/uploads\\\/2019\\\/12\\\/44688719_2251580388408837_694180218134331392_n-e1577679609190.png\",\"contentUrl\":\"https:\\\/\\\/whatthefrance.org\\\/wp-content\\\/uploads\\\/2019\\\/12\\\/44688719_2251580388408837_694180218134331392_n-e1577679609190.png\",\"width\":200,\"height\":200,\"caption\":\"What The France\"},\"image\":{\"@id\":\"https:\\\/\\\/whatthefrance.org\\\/fr\\\/#\\\/schema\\\/logo\\\/image\\\/\"}},{\"@type\":\"Person\",\"@id\":\"https:\\\/\\\/whatthefrance.org\\\/fr\\\/#\\\/schema\\\/person\\\/3dd4c45aeb9c32c1f8aa773bebcb192f\",\"name\":\"Margot Baffetti\",\"image\":{\"@type\":\"ImageObject\",\"inLanguage\":\"fr-FR\",\"@id\":\"https:\\\/\\\/secure.gravatar.com\\\/avatar\\\/be9cb5019a90167e06d9f9c815e99926ffa9dbed341d7fb8e62390e796081d27?s=96&d=mm&r=g\",\"url\":\"https:\\\/\\\/secure.gravatar.com\\\/avatar\\\/be9cb5019a90167e06d9f9c815e99926ffa9dbed341d7fb8e62390e796081d27?s=96&d=mm&r=g\",\"contentUrl\":\"https:\\\/\\\/secure.gravatar.com\\\/avatar\\\/be9cb5019a90167e06d9f9c815e99926ffa9dbed341d7fb8e62390e796081d27?s=96&d=mm&r=g\",\"caption\":\"Margot Baffetti\"}}]}<\/script>\n<!-- \/ Yoast SEO plugin. -->","yoast_head_json":{"title":"Malted Milk | Un nouvel album pour leurs 20 ans - What the France","robots":{"index":"index","follow":"follow","max-snippet":"max-snippet:-1","max-image-preview":"max-image-preview:large","max-video-preview":"max-video-preview:-1"},"canonical":"https:\/\/whatthefrance.org\/fr\/malted-milk-un-nouvel-album-pour-leur-20-ans\/","og_locale":"fr_FR","og_type":"article","og_title":"Malted Milk | Un nouvel album pour leurs 20 ans - What the France","og_description":"Duo blues \u00e0 ses d\u00e9buts, Malted Milk est devenu un v\u00e9ritable soul band qui apr\u00e8s avoir r\u00e9cemment f\u00eat\u00e9 20 ann\u00e9es de carri\u00e8re \u00e9lectrise toujours la sc\u00e8ne par sa cr\u00e9ativit\u00e9. Le groupe revient ce vendredi 23 f\u00e9vrier avec un nouvel album, \u00ab\u00a01975\u00a0\u00bb Projet profond\u00e9ment intime, \u00ab\u00a01975\u00a0\u00bb explore les histoires et le point de vue du chanteur [&hellip;]","og_url":"https:\/\/whatthefrance.org\/fr\/malted-milk-un-nouvel-album-pour-leur-20-ans\/","og_site_name":"What the France","article_published_time":"2024-02-23T12:32:58+00:00","article_modified_time":"2024-03-12T13:24:00+00:00","og_image":[{"url":"https:\/\/whatthefrance.org\/wp-content\/uploads\/2024\/02\/malted_milk_wordpress_what_the_france.png","height":452,"width":1084,"type":""}],"author":"Margot Baffetti","twitter_card":"summary_large_image","twitter_misc":{"\u00c9crit par":"Margot Baffetti","Dur\u00e9e de lecture estim\u00e9e":"1 minute"},"schema":{"@context":"https:\/\/schema.org","@graph":[{"@type":"Article","@id":"https:\/\/whatthefrance.org\/fr\/malted-milk-un-nouvel-album-pour-leur-20-ans\/#article","isPartOf":{"@id":"https:\/\/whatthefrance.org\/fr\/malted-milk-un-nouvel-album-pour-leur-20-ans\/"},"author":{"name":"Margot Baffetti","@id":"https:\/\/whatthefrance.org\/fr\/#\/schema\/person\/3dd4c45aeb9c32c1f8aa773bebcb192f"},"headline":"Malted Milk | Un nouvel album pour leurs 20 ans","datePublished":"2024-02-23T12:32:58+00:00","dateModified":"2024-03-12T13:24:00+00:00","mainEntityOfPage":{"@id":"https:\/\/whatthefrance.org\/fr\/malted-milk-un-nouvel-album-pour-leur-20-ans\/"},"wordCount":166,"publisher":{"@id":"https:\/\/whatthefrance.org\/fr\/#organization"},"keywords":["Folk"],"articleSection":["Event"],"inLanguage":"fr-FR"},{"@type":"WebPage","@id":"https:\/\/whatthefrance.org\/fr\/malted-milk-un-nouvel-album-pour-leur-20-ans\/","url":"https:\/\/whatthefrance.org\/fr\/malted-milk-un-nouvel-album-pour-leur-20-ans\/","name":"Malted Milk | Un nouvel album pour leurs 20 ans - What the France","isPartOf":{"@id":"https:\/\/whatthefrance.org\/fr\/#website"},"datePublished":"2024-02-23T12:32:58+00:00","dateModified":"2024-03-12T13:24:00+00:00","breadcrumb":{"@id":"https:\/\/whatthefrance.org\/fr\/malted-milk-un-nouvel-album-pour-leur-20-ans\/#breadcrumb"},"inLanguage":"fr-FR","potentialAction":[{"@type":"ReadAction","target":["https:\/\/whatthefrance.org\/fr\/malted-milk-un-nouvel-album-pour-leur-20-ans\/"]}]},{"@type":"BreadcrumbList","@id":"https:\/\/whatthefrance.org\/fr\/malted-milk-un-nouvel-album-pour-leur-20-ans\/#breadcrumb","itemListElement":[{"@type":"ListItem","position":1,"name":"Home","item":"https:\/\/whatthefrance.org\/fr\/"},{"@type":"ListItem","position":2,"name":"Malted Milk | Un nouvel album pour leurs 20 ans"}]},{"@type":"WebSite","@id":"https:\/\/whatthefrance.org\/fr\/#website","url":"https:\/\/whatthefrance.org\/fr\/","name":"What the France","description":"The finest music made in France !","publisher":{"@id":"https:\/\/whatthefrance.org\/fr\/#organization"},"potentialAction":[{"@type":"SearchAction","target":{"@type":"EntryPoint","urlTemplate":"https:\/\/whatthefrance.org\/fr\/?s={search_term_string}"},"query-input":{"@type":"PropertyValueSpecification","valueRequired":true,"valueName":"search_term_string"}}],"inLanguage":"fr-FR"},{"@type":"Organization","@id":"https:\/\/whatthefrance.org\/fr\/#organization","name":"What The France","url":"https:\/\/whatthefrance.org\/fr\/","logo":{"@type":"ImageObject","inLanguage":"fr-FR","@id":"https:\/\/whatthefrance.org\/fr\/#\/schema\/logo\/image\/","url":"https:\/\/whatthefrance.org\/wp-content\/uploads\/2019\/12\/44688719_2251580388408837_694180218134331392_n-e1577679609190.png","contentUrl":"https:\/\/whatthefrance.org\/wp-content\/uploads\/2019\/12\/44688719_2251580388408837_694180218134331392_n-e1577679609190.png","width":200,"height":200,"caption":"What The France"},"image":{"@id":"https:\/\/whatthefrance.org\/fr\/#\/schema\/logo\/image\/"}},{"@type":"Person","@id":"https:\/\/whatthefrance.org\/fr\/#\/schema\/person\/3dd4c45aeb9c32c1f8aa773bebcb192f","name":"Margot Baffetti","image":{"@type":"ImageObject","inLanguage":"fr-FR","@id":"https:\/\/secure.gravatar.com\/avatar\/be9cb5019a90167e06d9f9c815e99926ffa9dbed341d7fb8e62390e796081d27?s=96&d=mm&r=g","url":"https:\/\/secure.gravatar.com\/avatar\/be9cb5019a90167e06d9f9c815e99926ffa9dbed341d7fb8e62390e796081d27?s=96&d=mm&r=g","contentUrl":"https:\/\/secure.gravatar.com\/avatar\/be9cb5019a90167e06d9f9c815e99926ffa9dbed341d7fb8e62390e796081d27?s=96&d=mm&r=g","caption":"Margot Baffetti"}}]}},"_links":{"self":[{"href":"https:\/\/whatthefrance.org\/fr\/wp-json\/wp\/v2\/posts\/66099","targetHints":{"allow":["GET"]}}],"collection":[{"href":"https:\/\/whatthefrance.org\/fr\/wp-json\/wp\/v2\/posts"}],"about":[{"href":"https:\/\/whatthefrance.org\/fr\/wp-json\/wp\/v2\/types\/post"}],"author":[{"embeddable":true,"href":"https:\/\/whatthefrance.org\/fr\/wp-json\/wp\/v2\/users\/50"}],"replies":[{"embeddable":true,"href":"https:\/\/whatthefrance.org\/fr\/wp-json\/wp\/v2\/comments?post=66099"}],"version-history":[{"count":4,"href":"https:\/\/whatthefrance.org\/fr\/wp-json\/wp\/v2\/posts\/66099\/revisions"}],"predecessor-version":[{"id":66805,"href":"https:\/\/whatthefrance.org\/fr\/wp-json\/wp\/v2\/posts\/66099\/revisions\/66805"}],"wp:attachment":[{"href":"https:\/\/whatthefrance.org\/fr\/wp-json\/wp\/v2\/media?parent=66099"}],"wp:term":[{"taxonomy":"category","embeddable":true,"href":"https:\/\/whatthefrance.org\/fr\/wp-json\/wp\/v2\/categories?post=66099"},{"taxonomy":"post_tag","embeddable":true,"href":"https:\/\/whatthefrance.org\/fr\/wp-json\/wp\/v2\/tags?post=66099"}],"curies":[{"name":"wp","href":"https:\/\/api.w.org\/{rel}","templated":true}]}}