{"id":66440,"date":"2025-03-08T11:00:20","date_gmt":"2025-03-08T10:00:20","guid":{"rendered":"https:\/\/whatthefrance.org\/?p=66440"},"modified":"2025-03-19T11:31:46","modified_gmt":"2025-03-19T10:31:46","slug":"elles-celebrez-toute-la-creativite-des-artistes-femmes-avec-what-the-france-2","status":"publish","type":"post","link":"https:\/\/whatthefrance.org\/fr\/elles-celebrez-toute-la-creativite-des-artistes-femmes-avec-what-the-france-2\/","title":{"rendered":"\u00ab\u00a0ELLES \u00a0\u00bb | C\u00e9l\u00e9brez toute la cr\u00e9ativit\u00e9 des artistes femmes avec What the France !"},"content":{"rendered":"<p>A l\u2019occasion de la journ\u00e9e internationale des droits des femmes, le samedi 8 mars What the France c\u00e9l\u00e8bre les artistes f\u00e9minines \u00ab made in France \u00bb dans sa playlist \u00ab <span class=\"markhw95ui0c5\" data-markjs=\"true\" data-ogac=\"\" data-ogab=\"\" data-ogsc=\"\" data-ogsb=\"\">Elles<\/span>\u00a0\u00bb.<\/p>\n<p class=\"x_MsoNormal\"><span data-olk-copy-source=\"MessageBody\">D\u00e9couvrez une s\u00e9lection d\u2019incontournables et de p\u00e9pites de celles qui composent, interpr\u00e8tent, produisent ou orchestrent la musique hexagonale. Les voix de Zaho de Sagazan, Aya Nakamura, Clara Luciani, Zaz, Linh, Santa, Pomme, Indila, Louane ou Nej se m\u00ealent aux compositions classiques de Rita Strohl et H\u00e9l\u00e8ne de Montgeroult, ainsi qu\u2019au rock des Oracle Sisters, au jazz de Gabi Hartmann et Na\u00efssam Jalal ou Lila-May, en passant par les productions \u00e9lectro de DeLaurentis ou Sierra qui font \u00e9cho aux cr\u00e9ations pop de Jain, Helena ou Ad\u00e8le Castillon et aux titres urbains de Bamby, Theodora, Maureen et Tracy De S\u00e1.<\/span><\/p>\n<p class=\"x_MsoNormal\">Ecoutez ces cr\u00e9atrices en tout genre, de tous styles et de tous temps avec un seul d\u00e9nominateur commun : le talent !<\/p>\n<div class=\"playListBloc singleBloc\"><div class=\"playListBloc-wrap\">    <div class=\"thumbnail\"><img data-src=\"https:\/\/whatthefrance.org\/wp-content\/uploads\/2021\/02\/WTF-Pochettes_ELLES-254x254.jpg\" class=\"lazyload\" alt=\"WTF &#8211; Pochettes_ELLES\" \/>    <\/div>    <div class=\"infos\">        <span class=\"tag\">Themes<\/span>        <h2>Elles &#8211; International Women&rsquo;s Day ...<\/h2>        <span class=\"separator\"><\/span>       <span class=\"desc\">A selection of \"made in France\" female vocalists to celebrate the International Women's...<\/span><div class=\"share flex flexAlignCenter \">\t<span class=\"label\">Partager<\/span>\t<a href=\"https:\/\/www.facebook.com\/sharer\/sharer.php?u=https:\/\/whatthefrance.org\/fr\/playlists\/elles-international-womens-day-selection-by-what-the-france\/\" class=\"facebook\" target=\"_blank\" rel=\"noreferrer\">Facebook<\/a>\t<a href=\"https:\/\/twitter.com\/intent\/tweet?url=https:\/\/whatthefrance.org\/fr\/playlists\/elles-international-womens-day-selection-by-what-the-france\/&text=Elles+-+International+Women%27s+Day+Selection+By+What+the+France&hashtags=WTF\" class=\"twitter\" target=\"_blank\" rel=\"noreferrer\">Twitter<\/a>\t<a href=\"mailto:?subject=What%20the%20France%20%3A%20Elles%20-%20International%20Women%27s%20Day%20Selection%20By%20What%20the%20France&body=https:\/\/whatthefrance.org\/fr\/playlists\/elles-international-womens-day-selection-by-what-the-france\/\" class=\"mail\" target=\"_blank\" rel=\"noreferrer\">Email<\/a><\/div>        <a href=\"#\" class=\"btn btnPlaylist orange playlist-click\" data-id=\"26313\">            <svg version=\"1.1\" x=\"0px\" y=\"0px\" width=\"40px\" height=\"40px\" viewBox=\"0 0 213.7 213.7\" enable-background=\"new 0 0 213.7 213.7\" xml:space=\"preserve\">                <polygon class=\"triangle\" fill=\"none\" stroke-width=\"10\" stroke-linecap=\"round\" stroke-linejoin=\"round\" stroke-miterlimit=\"10\" points=\"\n            73.5,62.5 148.5,105.8 73.5,149.1 \"\/>                <circle class=\"circle\" fill=\"none\"  stroke-width=\"8\" stroke-linecap=\"round\" stroke-linejoin=\"round\" stroke-miterlimit=\"10\" cx=\"106.8\" cy=\"106.8\" r=\"103.3\"\/>                <circle class=\"circle-white\" fill=\"none\"  stroke-width=\"8\" stroke-linecap=\"round\" stroke-linejoin=\"round\" stroke-miterlimit=\"10\" cx=\"106.8\" cy=\"106.8\" r=\"103.3\"\/>            <\/svg>Ecouter        <\/a>    <\/div>  <\/div><\/div>\n","protected":false},"excerpt":{"rendered":"<p>A l\u2019occasion de la journ\u00e9e internationale des droits des femmes, le samedi 8 mars What the France c\u00e9l\u00e8bre les artistes f\u00e9minines \u00ab made in France \u00bb dans sa playlist \u00ab Elles\u00a0\u00bb. D\u00e9couvrez une s\u00e9lection d\u2019incontournables et de p\u00e9pites de celles qui composent, interpr\u00e8tent, produisent ou orchestrent la musique hexagonale. Les voix de Zaho de Sagazan, [&hellip;]<\/p>\n","protected":false},"author":50,"featured_media":0,"comment_status":"closed","ping_status":"closed","sticky":false,"template":"","format":"standard","meta":{"_acf_changed":false,"footnotes":""},"categories":[206],"tags":[307,309,323,340,361],"class_list":["post-66440","post","type-post","status-publish","format-standard","hentry","category-playlist-fr","tag-chanson-fr","tag-classical-fr","tag-electronic-fr","tag-pop-fr","tag-world-fr"],"acf":[],"yoast_head":"<!-- This site is optimized with the Yoast SEO plugin v27.3 - https:\/\/yoast.com\/product\/yoast-seo-wordpress\/ -->\n<title>&quot;ELLES &quot; | C\u00e9l\u00e9brez toute la cr\u00e9ativit\u00e9 des artistes femmes avec What the France ! - What the France<\/title>\n<meta name=\"robots\" content=\"index, follow, max-snippet:-1, max-image-preview:large, max-video-preview:-1\" \/>\n<link rel=\"canonical\" href=\"https:\/\/whatthefrance.org\/fr\/elles-celebrez-toute-la-creativite-des-artistes-femmes-avec-what-the-france-2\/\" \/>\n<meta property=\"og:locale\" content=\"fr_FR\" \/>\n<meta property=\"og:type\" content=\"article\" \/>\n<meta property=\"og:title\" content=\"&quot;ELLES &quot; | C\u00e9l\u00e9brez toute la cr\u00e9ativit\u00e9 des artistes femmes avec What the France ! - What the France\" \/>\n<meta property=\"og:description\" content=\"A l\u2019occasion de la journ\u00e9e internationale des droits des femmes, le samedi 8 mars What the France c\u00e9l\u00e8bre les artistes f\u00e9minines \u00ab made in France \u00bb dans sa playlist \u00ab Elles\u00a0\u00bb. D\u00e9couvrez une s\u00e9lection d\u2019incontournables et de p\u00e9pites de celles qui composent, interpr\u00e8tent, produisent ou orchestrent la musique hexagonale. Les voix de Zaho de Sagazan, [&hellip;]\" \/>\n<meta property=\"og:url\" content=\"https:\/\/whatthefrance.org\/fr\/elles-celebrez-toute-la-creativite-des-artistes-femmes-avec-what-the-france-2\/\" \/>\n<meta property=\"og:site_name\" content=\"What the France\" \/>\n<meta property=\"article:published_time\" content=\"2025-03-08T10:00:20+00:00\" \/>\n<meta property=\"article:modified_time\" content=\"2025-03-19T10:31:46+00:00\" \/>\n<meta property=\"og:image\" content=\"https:\/\/whatthefrance.org\/wp-content\/uploads\/2025\/03\/ARTICLES-COVER-WORDPRESS.jpg\" \/>\n\t<meta property=\"og:image:width\" content=\"1084\" \/>\n\t<meta property=\"og:image:height\" content=\"452\" \/>\n<meta name=\"author\" content=\"Margot Baffetti\" \/>\n<meta name=\"twitter:card\" content=\"summary_large_image\" \/>\n<meta name=\"twitter:label1\" content=\"\u00c9crit par\" \/>\n\t<meta name=\"twitter:data1\" content=\"Margot Baffetti\" \/>\n\t<meta name=\"twitter:label2\" content=\"Dur\u00e9e de lecture estim\u00e9e\" \/>\n\t<meta name=\"twitter:data2\" content=\"1 minute\" \/>\n<script type=\"application\/ld+json\" class=\"yoast-schema-graph\">{\"@context\":\"https:\\\/\\\/schema.org\",\"@graph\":[{\"@type\":\"Article\",\"@id\":\"https:\\\/\\\/whatthefrance.org\\\/fr\\\/elles-celebrez-toute-la-creativite-des-artistes-femmes-avec-what-the-france-2\\\/#article\",\"isPartOf\":{\"@id\":\"https:\\\/\\\/whatthefrance.org\\\/fr\\\/elles-celebrez-toute-la-creativite-des-artistes-femmes-avec-what-the-france-2\\\/\"},\"author\":{\"name\":\"Margot Baffetti\",\"@id\":\"https:\\\/\\\/whatthefrance.org\\\/fr\\\/#\\\/schema\\\/person\\\/3dd4c45aeb9c32c1f8aa773bebcb192f\"},\"headline\":\"\u00ab\u00a0ELLES \u00a0\u00bb | C\u00e9l\u00e9brez toute la cr\u00e9ativit\u00e9 des artistes femmes avec What the France !\",\"datePublished\":\"2025-03-08T10:00:20+00:00\",\"dateModified\":\"2025-03-19T10:31:46+00:00\",\"mainEntityOfPage\":{\"@id\":\"https:\\\/\\\/whatthefrance.org\\\/fr\\\/elles-celebrez-toute-la-creativite-des-artistes-femmes-avec-what-the-france-2\\\/\"},\"wordCount\":181,\"publisher\":{\"@id\":\"https:\\\/\\\/whatthefrance.org\\\/fr\\\/#organization\"},\"keywords\":[\"Chanson\",\"Classical\",\"Electronic\",\"Pop\",\"World\"],\"articleSection\":[\"Playlist\"],\"inLanguage\":\"fr-FR\"},{\"@type\":\"WebPage\",\"@id\":\"https:\\\/\\\/whatthefrance.org\\\/fr\\\/elles-celebrez-toute-la-creativite-des-artistes-femmes-avec-what-the-france-2\\\/\",\"url\":\"https:\\\/\\\/whatthefrance.org\\\/fr\\\/elles-celebrez-toute-la-creativite-des-artistes-femmes-avec-what-the-france-2\\\/\",\"name\":\"\\\"ELLES \\\" | C\u00e9l\u00e9brez toute la cr\u00e9ativit\u00e9 des artistes femmes avec What the France ! - What the France\",\"isPartOf\":{\"@id\":\"https:\\\/\\\/whatthefrance.org\\\/fr\\\/#website\"},\"datePublished\":\"2025-03-08T10:00:20+00:00\",\"dateModified\":\"2025-03-19T10:31:46+00:00\",\"breadcrumb\":{\"@id\":\"https:\\\/\\\/whatthefrance.org\\\/fr\\\/elles-celebrez-toute-la-creativite-des-artistes-femmes-avec-what-the-france-2\\\/#breadcrumb\"},\"inLanguage\":\"fr-FR\",\"potentialAction\":[{\"@type\":\"ReadAction\",\"target\":[\"https:\\\/\\\/whatthefrance.org\\\/fr\\\/elles-celebrez-toute-la-creativite-des-artistes-femmes-avec-what-the-france-2\\\/\"]}]},{\"@type\":\"BreadcrumbList\",\"@id\":\"https:\\\/\\\/whatthefrance.org\\\/fr\\\/elles-celebrez-toute-la-creativite-des-artistes-femmes-avec-what-the-france-2\\\/#breadcrumb\",\"itemListElement\":[{\"@type\":\"ListItem\",\"position\":1,\"name\":\"Home\",\"item\":\"https:\\\/\\\/whatthefrance.org\\\/fr\\\/\"},{\"@type\":\"ListItem\",\"position\":2,\"name\":\"\u00ab\u00a0ELLES \u00a0\u00bb | C\u00e9l\u00e9brez toute la cr\u00e9ativit\u00e9 des artistes femmes avec What the France !\"}]},{\"@type\":\"WebSite\",\"@id\":\"https:\\\/\\\/whatthefrance.org\\\/fr\\\/#website\",\"url\":\"https:\\\/\\\/whatthefrance.org\\\/fr\\\/\",\"name\":\"What the France\",\"description\":\"The finest music made in France !\",\"publisher\":{\"@id\":\"https:\\\/\\\/whatthefrance.org\\\/fr\\\/#organization\"},\"potentialAction\":[{\"@type\":\"SearchAction\",\"target\":{\"@type\":\"EntryPoint\",\"urlTemplate\":\"https:\\\/\\\/whatthefrance.org\\\/fr\\\/?s={search_term_string}\"},\"query-input\":{\"@type\":\"PropertyValueSpecification\",\"valueRequired\":true,\"valueName\":\"search_term_string\"}}],\"inLanguage\":\"fr-FR\"},{\"@type\":\"Organization\",\"@id\":\"https:\\\/\\\/whatthefrance.org\\\/fr\\\/#organization\",\"name\":\"What The France\",\"url\":\"https:\\\/\\\/whatthefrance.org\\\/fr\\\/\",\"logo\":{\"@type\":\"ImageObject\",\"inLanguage\":\"fr-FR\",\"@id\":\"https:\\\/\\\/whatthefrance.org\\\/fr\\\/#\\\/schema\\\/logo\\\/image\\\/\",\"url\":\"https:\\\/\\\/whatthefrance.org\\\/wp-content\\\/uploads\\\/2019\\\/12\\\/44688719_2251580388408837_694180218134331392_n-e1577679609190.png\",\"contentUrl\":\"https:\\\/\\\/whatthefrance.org\\\/wp-content\\\/uploads\\\/2019\\\/12\\\/44688719_2251580388408837_694180218134331392_n-e1577679609190.png\",\"width\":200,\"height\":200,\"caption\":\"What The France\"},\"image\":{\"@id\":\"https:\\\/\\\/whatthefrance.org\\\/fr\\\/#\\\/schema\\\/logo\\\/image\\\/\"}},{\"@type\":\"Person\",\"@id\":\"https:\\\/\\\/whatthefrance.org\\\/fr\\\/#\\\/schema\\\/person\\\/3dd4c45aeb9c32c1f8aa773bebcb192f\",\"name\":\"Margot Baffetti\",\"image\":{\"@type\":\"ImageObject\",\"inLanguage\":\"fr-FR\",\"@id\":\"https:\\\/\\\/secure.gravatar.com\\\/avatar\\\/be9cb5019a90167e06d9f9c815e99926ffa9dbed341d7fb8e62390e796081d27?s=96&d=mm&r=g\",\"url\":\"https:\\\/\\\/secure.gravatar.com\\\/avatar\\\/be9cb5019a90167e06d9f9c815e99926ffa9dbed341d7fb8e62390e796081d27?s=96&d=mm&r=g\",\"contentUrl\":\"https:\\\/\\\/secure.gravatar.com\\\/avatar\\\/be9cb5019a90167e06d9f9c815e99926ffa9dbed341d7fb8e62390e796081d27?s=96&d=mm&r=g\",\"caption\":\"Margot Baffetti\"}}]}<\/script>\n<!-- \/ Yoast SEO plugin. -->","yoast_head_json":{"title":"\"ELLES \" | C\u00e9l\u00e9brez toute la cr\u00e9ativit\u00e9 des artistes femmes avec What the France ! - What the France","robots":{"index":"index","follow":"follow","max-snippet":"max-snippet:-1","max-image-preview":"max-image-preview:large","max-video-preview":"max-video-preview:-1"},"canonical":"https:\/\/whatthefrance.org\/fr\/elles-celebrez-toute-la-creativite-des-artistes-femmes-avec-what-the-france-2\/","og_locale":"fr_FR","og_type":"article","og_title":"\"ELLES \" | C\u00e9l\u00e9brez toute la cr\u00e9ativit\u00e9 des artistes femmes avec What the France ! - What the France","og_description":"A l\u2019occasion de la journ\u00e9e internationale des droits des femmes, le samedi 8 mars What the France c\u00e9l\u00e8bre les artistes f\u00e9minines \u00ab made in France \u00bb dans sa playlist \u00ab Elles\u00a0\u00bb. D\u00e9couvrez une s\u00e9lection d\u2019incontournables et de p\u00e9pites de celles qui composent, interpr\u00e8tent, produisent ou orchestrent la musique hexagonale. Les voix de Zaho de Sagazan, [&hellip;]","og_url":"https:\/\/whatthefrance.org\/fr\/elles-celebrez-toute-la-creativite-des-artistes-femmes-avec-what-the-france-2\/","og_site_name":"What the France","article_published_time":"2025-03-08T10:00:20+00:00","article_modified_time":"2025-03-19T10:31:46+00:00","og_image":[{"url":"https:\/\/whatthefrance.org\/wp-content\/uploads\/2025\/03\/ARTICLES-COVER-WORDPRESS.jpg","height":452,"width":1084,"type":""}],"author":"Margot Baffetti","twitter_card":"summary_large_image","twitter_misc":{"\u00c9crit par":"Margot Baffetti","Dur\u00e9e de lecture estim\u00e9e":"1 minute"},"schema":{"@context":"https:\/\/schema.org","@graph":[{"@type":"Article","@id":"https:\/\/whatthefrance.org\/fr\/elles-celebrez-toute-la-creativite-des-artistes-femmes-avec-what-the-france-2\/#article","isPartOf":{"@id":"https:\/\/whatthefrance.org\/fr\/elles-celebrez-toute-la-creativite-des-artistes-femmes-avec-what-the-france-2\/"},"author":{"name":"Margot Baffetti","@id":"https:\/\/whatthefrance.org\/fr\/#\/schema\/person\/3dd4c45aeb9c32c1f8aa773bebcb192f"},"headline":"\u00ab\u00a0ELLES \u00a0\u00bb | C\u00e9l\u00e9brez toute la cr\u00e9ativit\u00e9 des artistes femmes avec What the France !","datePublished":"2025-03-08T10:00:20+00:00","dateModified":"2025-03-19T10:31:46+00:00","mainEntityOfPage":{"@id":"https:\/\/whatthefrance.org\/fr\/elles-celebrez-toute-la-creativite-des-artistes-femmes-avec-what-the-france-2\/"},"wordCount":181,"publisher":{"@id":"https:\/\/whatthefrance.org\/fr\/#organization"},"keywords":["Chanson","Classical","Electronic","Pop","World"],"articleSection":["Playlist"],"inLanguage":"fr-FR"},{"@type":"WebPage","@id":"https:\/\/whatthefrance.org\/fr\/elles-celebrez-toute-la-creativite-des-artistes-femmes-avec-what-the-france-2\/","url":"https:\/\/whatthefrance.org\/fr\/elles-celebrez-toute-la-creativite-des-artistes-femmes-avec-what-the-france-2\/","name":"\"ELLES \" | C\u00e9l\u00e9brez toute la cr\u00e9ativit\u00e9 des artistes femmes avec What the France ! - What the France","isPartOf":{"@id":"https:\/\/whatthefrance.org\/fr\/#website"},"datePublished":"2025-03-08T10:00:20+00:00","dateModified":"2025-03-19T10:31:46+00:00","breadcrumb":{"@id":"https:\/\/whatthefrance.org\/fr\/elles-celebrez-toute-la-creativite-des-artistes-femmes-avec-what-the-france-2\/#breadcrumb"},"inLanguage":"fr-FR","potentialAction":[{"@type":"ReadAction","target":["https:\/\/whatthefrance.org\/fr\/elles-celebrez-toute-la-creativite-des-artistes-femmes-avec-what-the-france-2\/"]}]},{"@type":"BreadcrumbList","@id":"https:\/\/whatthefrance.org\/fr\/elles-celebrez-toute-la-creativite-des-artistes-femmes-avec-what-the-france-2\/#breadcrumb","itemListElement":[{"@type":"ListItem","position":1,"name":"Home","item":"https:\/\/whatthefrance.org\/fr\/"},{"@type":"ListItem","position":2,"name":"\u00ab\u00a0ELLES \u00a0\u00bb | C\u00e9l\u00e9brez toute la cr\u00e9ativit\u00e9 des artistes femmes avec What the France !"}]},{"@type":"WebSite","@id":"https:\/\/whatthefrance.org\/fr\/#website","url":"https:\/\/whatthefrance.org\/fr\/","name":"What the France","description":"The finest music made in France !","publisher":{"@id":"https:\/\/whatthefrance.org\/fr\/#organization"},"potentialAction":[{"@type":"SearchAction","target":{"@type":"EntryPoint","urlTemplate":"https:\/\/whatthefrance.org\/fr\/?s={search_term_string}"},"query-input":{"@type":"PropertyValueSpecification","valueRequired":true,"valueName":"search_term_string"}}],"inLanguage":"fr-FR"},{"@type":"Organization","@id":"https:\/\/whatthefrance.org\/fr\/#organization","name":"What The France","url":"https:\/\/whatthefrance.org\/fr\/","logo":{"@type":"ImageObject","inLanguage":"fr-FR","@id":"https:\/\/whatthefrance.org\/fr\/#\/schema\/logo\/image\/","url":"https:\/\/whatthefrance.org\/wp-content\/uploads\/2019\/12\/44688719_2251580388408837_694180218134331392_n-e1577679609190.png","contentUrl":"https:\/\/whatthefrance.org\/wp-content\/uploads\/2019\/12\/44688719_2251580388408837_694180218134331392_n-e1577679609190.png","width":200,"height":200,"caption":"What The France"},"image":{"@id":"https:\/\/whatthefrance.org\/fr\/#\/schema\/logo\/image\/"}},{"@type":"Person","@id":"https:\/\/whatthefrance.org\/fr\/#\/schema\/person\/3dd4c45aeb9c32c1f8aa773bebcb192f","name":"Margot Baffetti","image":{"@type":"ImageObject","inLanguage":"fr-FR","@id":"https:\/\/secure.gravatar.com\/avatar\/be9cb5019a90167e06d9f9c815e99926ffa9dbed341d7fb8e62390e796081d27?s=96&d=mm&r=g","url":"https:\/\/secure.gravatar.com\/avatar\/be9cb5019a90167e06d9f9c815e99926ffa9dbed341d7fb8e62390e796081d27?s=96&d=mm&r=g","contentUrl":"https:\/\/secure.gravatar.com\/avatar\/be9cb5019a90167e06d9f9c815e99926ffa9dbed341d7fb8e62390e796081d27?s=96&d=mm&r=g","caption":"Margot Baffetti"}}]}},"_links":{"self":[{"href":"https:\/\/whatthefrance.org\/fr\/wp-json\/wp\/v2\/posts\/66440","targetHints":{"allow":["GET"]}}],"collection":[{"href":"https:\/\/whatthefrance.org\/fr\/wp-json\/wp\/v2\/posts"}],"about":[{"href":"https:\/\/whatthefrance.org\/fr\/wp-json\/wp\/v2\/types\/post"}],"author":[{"embeddable":true,"href":"https:\/\/whatthefrance.org\/fr\/wp-json\/wp\/v2\/users\/50"}],"replies":[{"embeddable":true,"href":"https:\/\/whatthefrance.org\/fr\/wp-json\/wp\/v2\/comments?post=66440"}],"version-history":[{"count":4,"href":"https:\/\/whatthefrance.org\/fr\/wp-json\/wp\/v2\/posts\/66440\/revisions"}],"predecessor-version":[{"id":74101,"href":"https:\/\/whatthefrance.org\/fr\/wp-json\/wp\/v2\/posts\/66440\/revisions\/74101"}],"wp:attachment":[{"href":"https:\/\/whatthefrance.org\/fr\/wp-json\/wp\/v2\/media?parent=66440"}],"wp:term":[{"taxonomy":"category","embeddable":true,"href":"https:\/\/whatthefrance.org\/fr\/wp-json\/wp\/v2\/categories?post=66440"},{"taxonomy":"post_tag","embeddable":true,"href":"https:\/\/whatthefrance.org\/fr\/wp-json\/wp\/v2\/tags?post=66440"}],"curies":[{"name":"wp","href":"https:\/\/api.w.org\/{rel}","templated":true}]}}