{"id":6974,"date":"2019-04-26T16:40:44","date_gmt":"2019-04-26T14:40:44","guid":{"rendered":"https:\/\/whatthefrance.org\/?p=6974"},"modified":"2019-05-02T17:21:27","modified_gmt":"2019-05-02T15:21:27","slug":"ibeyi-rock-in-rio-2019","status":"publish","type":"post","link":"https:\/\/whatthefrance.org\/fr\/ibeyi-rock-in-rio-2019\/","title":{"rendered":"Ibeyi | Rock in Rio 2019"},"content":{"rendered":"<p><span class=\"em-orange\">Le rappeur br\u00e9silien <a href=\"https:\/\/www.facebook.com\/EmicidaOficial\/\" target=\"_blank\" rel=\"noopener noreferrer\">Emicida<\/a> invite <a href=\"https:\/\/www.facebook.com\/ibeyimusic\/\" target=\"_blank\" rel=\"noopener noreferrer\">Ibeyi<\/a> \u00e0 jouer \u00e0 ses c\u00f4t\u00e9s sur la sc\u00e8ne Sunset du <a href=\"http:\/\/rockinrio.com\/rio\/en\" target=\"_blank\" rel=\"noopener noreferrer\">Rock in Rio<\/a> le 03 octobre 2019. Le mythique festival br\u00e9silien se d\u00e9roulera pour sa 34\u00e8me \u00e9dition du 27 au 29 septembre et du 03 au 06 octobre \u00e0 Rio de Janeiro.<\/span><\/p>\n<p>La collaboration entre Emicida et Ibeyi n\u2019est pas nouvelle. Le duo franco-cubain avait d\u00e9j\u00e0 invit\u00e9 le rappeur \u00e0 participer \u00e0 leur concert au Cine Joia \u00e0 S\u00e3o Paulo en janvier 2018, lors de leur tourn\u00e9e br\u00e9silienne. Le point d\u2019orgue de cette collaboration est la<strong> sortie en juin 2018 d\u2019un single:<\/strong> <em><strong>Hacia el Amor<\/strong><\/em>.<\/p>\n<p>Tout en partageant la sc\u00e8ne avec Emicida, Ibeyi interpr\u00e8tera \u00e9galement quelques uns de ses titres. Il s\u2019agit de la<strong> troisi\u00e8me venue d\u2019Ibeyi au Br\u00e9sil<\/strong>, apr\u00e8s une premi\u00e8re tourn\u00e9e en 2016 puis une seconde en 2018.<\/p>\n<p><iframe loading=\"lazy\" title=\"Emicida e Ibeyi - Hacia el amor (Videoclipe Oficial)\" width=\"500\" height=\"281\" src=\"https:\/\/www.youtube.com\/embed\/fyAUgp8oyr0?feature=oembed\" frameborder=\"0\" allow=\"accelerometer; autoplay; clipboard-write; encrypted-media; gyroscope; picture-in-picture; web-share\" referrerpolicy=\"strict-origin-when-cross-origin\" allowfullscreen><\/iframe><\/p>\n<div class=\"playListBloc singleBloc\"><div class=\"playListBloc-wrap\">    <div class=\"thumbnail\"><img data-src=\"https:\/\/whatthefrance.org\/wp-content\/uploads\/2018\/11\/WTF-Cover-Collab_-Ibeyi-1-254x254.jpg\" class=\"lazyload\" alt=\"WTF&#8212;Cover-Collab_ Ibeyi\" \/>    <\/div>    <div class=\"infos\">        <span class=\"tag\">Curators<\/span>        <h2>A Made in France Selection By Ibeyi<\/h2>        <span class=\"separator\"><\/span>       <span class=\"desc\">Listen to a selection of made in France tracks, handpicked by Ibeyi ! <\/span><div class=\"share flex flexAlignCenter \">\t<span class=\"label\">Partager<\/span>\t<a href=\"https:\/\/www.facebook.com\/sharer\/sharer.php?u=https:\/\/whatthefrance.org\/fr\/playlists\/a-made-in-france-selection-by-ibeyi\/\" class=\"facebook\" target=\"_blank\" rel=\"noreferrer\">Facebook<\/a>\t<a href=\"https:\/\/twitter.com\/intent\/tweet?url=https:\/\/whatthefrance.org\/fr\/playlists\/a-made-in-france-selection-by-ibeyi\/&text=A+Made+in+France+Selection+By+Ibeyi&hashtags=WTF\" class=\"twitter\" target=\"_blank\" rel=\"noreferrer\">Twitter<\/a>\t<a href=\"mailto:?subject=What%20the%20France%20%3A%20A%20Made%20in%20France%20Selection%20By%20Ibeyi&body=https:\/\/whatthefrance.org\/fr\/playlists\/a-made-in-france-selection-by-ibeyi\/\" class=\"mail\" target=\"_blank\" rel=\"noreferrer\">Email<\/a><\/div>        <a href=\"#\" class=\"btn btnPlaylist orange playlist-click\" data-id=\"1893\">            <svg version=\"1.1\" x=\"0px\" y=\"0px\" width=\"40px\" height=\"40px\" viewBox=\"0 0 213.7 213.7\" enable-background=\"new 0 0 213.7 213.7\" xml:space=\"preserve\">                <polygon class=\"triangle\" fill=\"none\" stroke-width=\"10\" stroke-linecap=\"round\" stroke-linejoin=\"round\" stroke-miterlimit=\"10\" points=\"\n            73.5,62.5 148.5,105.8 73.5,149.1 \"\/>                <circle class=\"circle\" fill=\"none\"  stroke-width=\"8\" stroke-linecap=\"round\" stroke-linejoin=\"round\" stroke-miterlimit=\"10\" cx=\"106.8\" cy=\"106.8\" r=\"103.3\"\/>                <circle class=\"circle-white\" fill=\"none\"  stroke-width=\"8\" stroke-linecap=\"round\" stroke-linejoin=\"round\" stroke-miterlimit=\"10\" cx=\"106.8\" cy=\"106.8\" r=\"103.3\"\/>            <\/svg>Ecouter        <\/a>    <\/div>  <\/div><\/div>\n<h2>Retrouvez toutes les dates d&rsquo;Ibeyi \u00e0 travers le monde<\/h2>\n","protected":false},"excerpt":{"rendered":"<p>Le rappeur br\u00e9silien Emicida invite Ibeyi \u00e0 jouer \u00e0 ses c\u00f4t\u00e9s sur la sc\u00e8ne Sunset du Rock in Rio le 03 octobre 2019. Le mythique festival br\u00e9silien se d\u00e9roulera pour sa 34\u00e8me \u00e9dition du 27 au 29 septembre et du 03 au 06 octobre \u00e0 Rio de Janeiro. La collaboration entre Emicida et Ibeyi n\u2019est [&hellip;]<\/p>\n","protected":false},"author":6,"featured_media":0,"comment_status":"closed","ping_status":"closed","sticky":false,"template":"","format":"standard","meta":{"_acf_changed":false,"footnotes":""},"categories":[213],"tags":[323,357,361],"class_list":["post-6974","post","type-post","status-publish","format-standard","hentry","category-event-fr","tag-electronic-fr","tag-urban-fr","tag-world-fr"],"acf":[],"yoast_head":"<!-- This site is optimized with the Yoast SEO plugin v27.3 - https:\/\/yoast.com\/product\/yoast-seo-wordpress\/ -->\n<title>Ibeyi | Rock in Rio 2019 - What the France<\/title>\n<meta name=\"robots\" content=\"index, follow, max-snippet:-1, max-image-preview:large, max-video-preview:-1\" \/>\n<link rel=\"canonical\" href=\"https:\/\/whatthefrance.org\/fr\/ibeyi-rock-in-rio-2019\/\" \/>\n<meta property=\"og:locale\" content=\"fr_FR\" \/>\n<meta property=\"og:type\" content=\"article\" \/>\n<meta property=\"og:title\" content=\"Ibeyi | Rock in Rio 2019 - What the France\" \/>\n<meta property=\"og:description\" content=\"Le rappeur br\u00e9silien Emicida invite Ibeyi \u00e0 jouer \u00e0 ses c\u00f4t\u00e9s sur la sc\u00e8ne Sunset du Rock in Rio le 03 octobre 2019. Le mythique festival br\u00e9silien se d\u00e9roulera pour sa 34\u00e8me \u00e9dition du 27 au 29 septembre et du 03 au 06 octobre \u00e0 Rio de Janeiro. La collaboration entre Emicida et Ibeyi n\u2019est [&hellip;]\" \/>\n<meta property=\"og:url\" content=\"https:\/\/whatthefrance.org\/fr\/ibeyi-rock-in-rio-2019\/\" \/>\n<meta property=\"og:site_name\" content=\"What the France\" \/>\n<meta property=\"article:published_time\" content=\"2019-04-26T14:40:44+00:00\" \/>\n<meta property=\"article:modified_time\" content=\"2019-05-02T15:21:27+00:00\" \/>\n<meta property=\"og:image\" content=\"https:\/\/whatthefrance.org\/wp-content\/uploads\/2019\/04\/emicida.png\" \/>\n\t<meta property=\"og:image:width\" content=\"1092\" \/>\n\t<meta property=\"og:image:height\" content=\"630\" \/>\n<meta name=\"author\" content=\"Marie-Sophie Administrateur\" \/>\n<meta name=\"twitter:card\" content=\"summary_large_image\" \/>\n<meta name=\"twitter:label1\" content=\"\u00c9crit par\" \/>\n\t<meta name=\"twitter:data1\" content=\"Marie-Sophie Administrateur\" \/>\n\t<meta name=\"twitter:label2\" content=\"Dur\u00e9e de lecture estim\u00e9e\" \/>\n\t<meta name=\"twitter:data2\" content=\"1 minute\" \/>\n<script type=\"application\/ld+json\" class=\"yoast-schema-graph\">{\"@context\":\"https:\\\/\\\/schema.org\",\"@graph\":[{\"@type\":\"Article\",\"@id\":\"https:\\\/\\\/whatthefrance.org\\\/fr\\\/ibeyi-rock-in-rio-2019\\\/#article\",\"isPartOf\":{\"@id\":\"https:\\\/\\\/whatthefrance.org\\\/fr\\\/ibeyi-rock-in-rio-2019\\\/\"},\"author\":{\"name\":\"Marie-Sophie Administrateur\",\"@id\":\"https:\\\/\\\/whatthefrance.org\\\/fr\\\/#\\\/schema\\\/person\\\/3b7ea6fb70b536503b3e8c909c564a81\"},\"headline\":\"Ibeyi | Rock in Rio 2019\",\"datePublished\":\"2019-04-26T14:40:44+00:00\",\"dateModified\":\"2019-05-02T15:21:27+00:00\",\"mainEntityOfPage\":{\"@id\":\"https:\\\/\\\/whatthefrance.org\\\/fr\\\/ibeyi-rock-in-rio-2019\\\/\"},\"wordCount\":165,\"publisher\":{\"@id\":\"https:\\\/\\\/whatthefrance.org\\\/fr\\\/#organization\"},\"keywords\":[\"Electronic\",\"Urban\",\"World\"],\"articleSection\":[\"Event\"],\"inLanguage\":\"fr-FR\"},{\"@type\":\"WebPage\",\"@id\":\"https:\\\/\\\/whatthefrance.org\\\/fr\\\/ibeyi-rock-in-rio-2019\\\/\",\"url\":\"https:\\\/\\\/whatthefrance.org\\\/fr\\\/ibeyi-rock-in-rio-2019\\\/\",\"name\":\"Ibeyi | Rock in Rio 2019 - What the France\",\"isPartOf\":{\"@id\":\"https:\\\/\\\/whatthefrance.org\\\/fr\\\/#website\"},\"datePublished\":\"2019-04-26T14:40:44+00:00\",\"dateModified\":\"2019-05-02T15:21:27+00:00\",\"breadcrumb\":{\"@id\":\"https:\\\/\\\/whatthefrance.org\\\/fr\\\/ibeyi-rock-in-rio-2019\\\/#breadcrumb\"},\"inLanguage\":\"fr-FR\",\"potentialAction\":[{\"@type\":\"ReadAction\",\"target\":[\"https:\\\/\\\/whatthefrance.org\\\/fr\\\/ibeyi-rock-in-rio-2019\\\/\"]}]},{\"@type\":\"BreadcrumbList\",\"@id\":\"https:\\\/\\\/whatthefrance.org\\\/fr\\\/ibeyi-rock-in-rio-2019\\\/#breadcrumb\",\"itemListElement\":[{\"@type\":\"ListItem\",\"position\":1,\"name\":\"Home\",\"item\":\"https:\\\/\\\/whatthefrance.org\\\/fr\\\/\"},{\"@type\":\"ListItem\",\"position\":2,\"name\":\"Ibeyi | Rock in Rio 2019\"}]},{\"@type\":\"WebSite\",\"@id\":\"https:\\\/\\\/whatthefrance.org\\\/fr\\\/#website\",\"url\":\"https:\\\/\\\/whatthefrance.org\\\/fr\\\/\",\"name\":\"What the France\",\"description\":\"The finest music made in France !\",\"publisher\":{\"@id\":\"https:\\\/\\\/whatthefrance.org\\\/fr\\\/#organization\"},\"potentialAction\":[{\"@type\":\"SearchAction\",\"target\":{\"@type\":\"EntryPoint\",\"urlTemplate\":\"https:\\\/\\\/whatthefrance.org\\\/fr\\\/?s={search_term_string}\"},\"query-input\":{\"@type\":\"PropertyValueSpecification\",\"valueRequired\":true,\"valueName\":\"search_term_string\"}}],\"inLanguage\":\"fr-FR\"},{\"@type\":\"Organization\",\"@id\":\"https:\\\/\\\/whatthefrance.org\\\/fr\\\/#organization\",\"name\":\"What The France\",\"url\":\"https:\\\/\\\/whatthefrance.org\\\/fr\\\/\",\"logo\":{\"@type\":\"ImageObject\",\"inLanguage\":\"fr-FR\",\"@id\":\"https:\\\/\\\/whatthefrance.org\\\/fr\\\/#\\\/schema\\\/logo\\\/image\\\/\",\"url\":\"https:\\\/\\\/whatthefrance.org\\\/wp-content\\\/uploads\\\/2019\\\/12\\\/44688719_2251580388408837_694180218134331392_n-e1577679609190.png\",\"contentUrl\":\"https:\\\/\\\/whatthefrance.org\\\/wp-content\\\/uploads\\\/2019\\\/12\\\/44688719_2251580388408837_694180218134331392_n-e1577679609190.png\",\"width\":200,\"height\":200,\"caption\":\"What The France\"},\"image\":{\"@id\":\"https:\\\/\\\/whatthefrance.org\\\/fr\\\/#\\\/schema\\\/logo\\\/image\\\/\"}},{\"@type\":\"Person\",\"@id\":\"https:\\\/\\\/whatthefrance.org\\\/fr\\\/#\\\/schema\\\/person\\\/3b7ea6fb70b536503b3e8c909c564a81\",\"name\":\"Marie-Sophie Administrateur\",\"image\":{\"@type\":\"ImageObject\",\"inLanguage\":\"fr-FR\",\"@id\":\"https:\\\/\\\/secure.gravatar.com\\\/avatar\\\/d57e4552c73c8713409cd3c2de53bdb5d220ebdd76dc7ba351b2dbae89f5afa9?s=96&d=mm&r=g\",\"url\":\"https:\\\/\\\/secure.gravatar.com\\\/avatar\\\/d57e4552c73c8713409cd3c2de53bdb5d220ebdd76dc7ba351b2dbae89f5afa9?s=96&d=mm&r=g\",\"contentUrl\":\"https:\\\/\\\/secure.gravatar.com\\\/avatar\\\/d57e4552c73c8713409cd3c2de53bdb5d220ebdd76dc7ba351b2dbae89f5afa9?s=96&d=mm&r=g\",\"caption\":\"Marie-Sophie Administrateur\"}}]}<\/script>\n<!-- \/ Yoast SEO plugin. -->","yoast_head_json":{"title":"Ibeyi | Rock in Rio 2019 - What the France","robots":{"index":"index","follow":"follow","max-snippet":"max-snippet:-1","max-image-preview":"max-image-preview:large","max-video-preview":"max-video-preview:-1"},"canonical":"https:\/\/whatthefrance.org\/fr\/ibeyi-rock-in-rio-2019\/","og_locale":"fr_FR","og_type":"article","og_title":"Ibeyi | Rock in Rio 2019 - What the France","og_description":"Le rappeur br\u00e9silien Emicida invite Ibeyi \u00e0 jouer \u00e0 ses c\u00f4t\u00e9s sur la sc\u00e8ne Sunset du Rock in Rio le 03 octobre 2019. Le mythique festival br\u00e9silien se d\u00e9roulera pour sa 34\u00e8me \u00e9dition du 27 au 29 septembre et du 03 au 06 octobre \u00e0 Rio de Janeiro. La collaboration entre Emicida et Ibeyi n\u2019est [&hellip;]","og_url":"https:\/\/whatthefrance.org\/fr\/ibeyi-rock-in-rio-2019\/","og_site_name":"What the France","article_published_time":"2019-04-26T14:40:44+00:00","article_modified_time":"2019-05-02T15:21:27+00:00","og_image":[{"url":"https:\/\/whatthefrance.org\/wp-content\/uploads\/2019\/04\/emicida.png","height":630,"width":1092,"type":""}],"author":"Marie-Sophie Administrateur","twitter_card":"summary_large_image","twitter_misc":{"\u00c9crit par":"Marie-Sophie Administrateur","Dur\u00e9e de lecture estim\u00e9e":"1 minute"},"schema":{"@context":"https:\/\/schema.org","@graph":[{"@type":"Article","@id":"https:\/\/whatthefrance.org\/fr\/ibeyi-rock-in-rio-2019\/#article","isPartOf":{"@id":"https:\/\/whatthefrance.org\/fr\/ibeyi-rock-in-rio-2019\/"},"author":{"name":"Marie-Sophie Administrateur","@id":"https:\/\/whatthefrance.org\/fr\/#\/schema\/person\/3b7ea6fb70b536503b3e8c909c564a81"},"headline":"Ibeyi | Rock in Rio 2019","datePublished":"2019-04-26T14:40:44+00:00","dateModified":"2019-05-02T15:21:27+00:00","mainEntityOfPage":{"@id":"https:\/\/whatthefrance.org\/fr\/ibeyi-rock-in-rio-2019\/"},"wordCount":165,"publisher":{"@id":"https:\/\/whatthefrance.org\/fr\/#organization"},"keywords":["Electronic","Urban","World"],"articleSection":["Event"],"inLanguage":"fr-FR"},{"@type":"WebPage","@id":"https:\/\/whatthefrance.org\/fr\/ibeyi-rock-in-rio-2019\/","url":"https:\/\/whatthefrance.org\/fr\/ibeyi-rock-in-rio-2019\/","name":"Ibeyi | Rock in Rio 2019 - What the France","isPartOf":{"@id":"https:\/\/whatthefrance.org\/fr\/#website"},"datePublished":"2019-04-26T14:40:44+00:00","dateModified":"2019-05-02T15:21:27+00:00","breadcrumb":{"@id":"https:\/\/whatthefrance.org\/fr\/ibeyi-rock-in-rio-2019\/#breadcrumb"},"inLanguage":"fr-FR","potentialAction":[{"@type":"ReadAction","target":["https:\/\/whatthefrance.org\/fr\/ibeyi-rock-in-rio-2019\/"]}]},{"@type":"BreadcrumbList","@id":"https:\/\/whatthefrance.org\/fr\/ibeyi-rock-in-rio-2019\/#breadcrumb","itemListElement":[{"@type":"ListItem","position":1,"name":"Home","item":"https:\/\/whatthefrance.org\/fr\/"},{"@type":"ListItem","position":2,"name":"Ibeyi | Rock in Rio 2019"}]},{"@type":"WebSite","@id":"https:\/\/whatthefrance.org\/fr\/#website","url":"https:\/\/whatthefrance.org\/fr\/","name":"What the France","description":"The finest music made in France !","publisher":{"@id":"https:\/\/whatthefrance.org\/fr\/#organization"},"potentialAction":[{"@type":"SearchAction","target":{"@type":"EntryPoint","urlTemplate":"https:\/\/whatthefrance.org\/fr\/?s={search_term_string}"},"query-input":{"@type":"PropertyValueSpecification","valueRequired":true,"valueName":"search_term_string"}}],"inLanguage":"fr-FR"},{"@type":"Organization","@id":"https:\/\/whatthefrance.org\/fr\/#organization","name":"What The France","url":"https:\/\/whatthefrance.org\/fr\/","logo":{"@type":"ImageObject","inLanguage":"fr-FR","@id":"https:\/\/whatthefrance.org\/fr\/#\/schema\/logo\/image\/","url":"https:\/\/whatthefrance.org\/wp-content\/uploads\/2019\/12\/44688719_2251580388408837_694180218134331392_n-e1577679609190.png","contentUrl":"https:\/\/whatthefrance.org\/wp-content\/uploads\/2019\/12\/44688719_2251580388408837_694180218134331392_n-e1577679609190.png","width":200,"height":200,"caption":"What The France"},"image":{"@id":"https:\/\/whatthefrance.org\/fr\/#\/schema\/logo\/image\/"}},{"@type":"Person","@id":"https:\/\/whatthefrance.org\/fr\/#\/schema\/person\/3b7ea6fb70b536503b3e8c909c564a81","name":"Marie-Sophie Administrateur","image":{"@type":"ImageObject","inLanguage":"fr-FR","@id":"https:\/\/secure.gravatar.com\/avatar\/d57e4552c73c8713409cd3c2de53bdb5d220ebdd76dc7ba351b2dbae89f5afa9?s=96&d=mm&r=g","url":"https:\/\/secure.gravatar.com\/avatar\/d57e4552c73c8713409cd3c2de53bdb5d220ebdd76dc7ba351b2dbae89f5afa9?s=96&d=mm&r=g","contentUrl":"https:\/\/secure.gravatar.com\/avatar\/d57e4552c73c8713409cd3c2de53bdb5d220ebdd76dc7ba351b2dbae89f5afa9?s=96&d=mm&r=g","caption":"Marie-Sophie Administrateur"}}]}},"_links":{"self":[{"href":"https:\/\/whatthefrance.org\/fr\/wp-json\/wp\/v2\/posts\/6974","targetHints":{"allow":["GET"]}}],"collection":[{"href":"https:\/\/whatthefrance.org\/fr\/wp-json\/wp\/v2\/posts"}],"about":[{"href":"https:\/\/whatthefrance.org\/fr\/wp-json\/wp\/v2\/types\/post"}],"author":[{"embeddable":true,"href":"https:\/\/whatthefrance.org\/fr\/wp-json\/wp\/v2\/users\/6"}],"replies":[{"embeddable":true,"href":"https:\/\/whatthefrance.org\/fr\/wp-json\/wp\/v2\/comments?post=6974"}],"version-history":[{"count":9,"href":"https:\/\/whatthefrance.org\/fr\/wp-json\/wp\/v2\/posts\/6974\/revisions"}],"predecessor-version":[{"id":7075,"href":"https:\/\/whatthefrance.org\/fr\/wp-json\/wp\/v2\/posts\/6974\/revisions\/7075"}],"wp:attachment":[{"href":"https:\/\/whatthefrance.org\/fr\/wp-json\/wp\/v2\/media?parent=6974"}],"wp:term":[{"taxonomy":"category","embeddable":true,"href":"https:\/\/whatthefrance.org\/fr\/wp-json\/wp\/v2\/categories?post=6974"},{"taxonomy":"post_tag","embeddable":true,"href":"https:\/\/whatthefrance.org\/fr\/wp-json\/wp\/v2\/tags?post=6974"}],"curies":[{"name":"wp","href":"https:\/\/api.w.org\/{rel}","templated":true}]}}