{"id":73118,"date":"2024-09-24T15:08:49","date_gmt":"2024-09-24T13:08:49","guid":{"rendered":"https:\/\/whatthefrance.org\/?p=73118"},"modified":"2024-09-24T15:12:05","modified_gmt":"2024-09-24T13:12:05","slug":"la-french-touch-a-prague-trois-soirees-culturelles-a-ne-pas-manquer","status":"publish","type":"post","link":"https:\/\/whatthefrance.org\/fr\/la-french-touch-a-prague-trois-soirees-culturelles-a-ne-pas-manquer\/","title":{"rendered":"La French Touch \u00e0 Prague | Trois soir\u00e9es culturelles \u00e0 ne pas manquer"},"content":{"rendered":"<h3>En octobre 2024, Prague accueillera trois \u00e9v\u00e9nements majeurs c\u00e9l\u00e9brant la musique fran\u00e7aise et la French Touch\u00a0! Trois temps forts \u00e0 retenir :<\/h3>\n<p><img decoding=\"async\" class=\"alignnone size-medium wp-image-73122\" src=\"https:\/\/whatthefrance.org\/wp-content\/uploads\/2024\/09\/FT2024_09_AFF-SHOW_TCHEQUIE4-1-205x300.png\" alt=\"\" width=\"205\" height=\"300\" srcset=\"https:\/\/whatthefrance.org\/wp-content\/uploads\/2024\/09\/FT2024_09_AFF-SHOW_TCHEQUIE4-1-205x300.png 205w, https:\/\/whatthefrance.org\/wp-content\/uploads\/2024\/09\/FT2024_09_AFF-SHOW_TCHEQUIE4-1-698x1024.png 698w, https:\/\/whatthefrance.org\/wp-content\/uploads\/2024\/09\/FT2024_09_AFF-SHOW_TCHEQUIE4-1-768x1126.png 768w, https:\/\/whatthefrance.org\/wp-content\/uploads\/2024\/09\/FT2024_09_AFF-SHOW_TCHEQUIE4-1-1047x1536.png 1047w, https:\/\/whatthefrance.org\/wp-content\/uploads\/2024\/09\/FT2024_09_AFF-SHOW_TCHEQUIE4-1-1397x2048.png 1397w\" sizes=\"(max-width: 205px) 100vw, 205px\" \/>\u00a0<img decoding=\"async\" class=\"alignnone size-medium wp-image-73127\" src=\"https:\/\/whatthefrance.org\/wp-content\/uploads\/2024\/09\/Odyssey-pages2-212x300.png\" alt=\"\" width=\"212\" height=\"300\" srcset=\"https:\/\/whatthefrance.org\/wp-content\/uploads\/2024\/09\/Odyssey-pages2-212x300.png 212w, https:\/\/whatthefrance.org\/wp-content\/uploads\/2024\/09\/Odyssey-pages2-724x1024.png 724w, https:\/\/whatthefrance.org\/wp-content\/uploads\/2024\/09\/Odyssey-pages2-768x1086.png 768w, https:\/\/whatthefrance.org\/wp-content\/uploads\/2024\/09\/Odyssey-pages2.png 822w\" sizes=\"(max-width: 212px) 100vw, 212px\" \/>\u00a0<img decoding=\"async\" class=\"alignnone size-medium wp-image-73132\" src=\"https:\/\/whatthefrance.org\/wp-content\/uploads\/2024\/09\/Odyssey-pages-212x300.png\" alt=\"\" width=\"212\" height=\"300\" srcset=\"https:\/\/whatthefrance.org\/wp-content\/uploads\/2024\/09\/Odyssey-pages-212x300.png 212w, https:\/\/whatthefrance.org\/wp-content\/uploads\/2024\/09\/Odyssey-pages-724x1024.png 724w, https:\/\/whatthefrance.org\/wp-content\/uploads\/2024\/09\/Odyssey-pages-768x1086.png 768w, https:\/\/whatthefrance.org\/wp-content\/uploads\/2024\/09\/Odyssey-pages.png 822w\" sizes=\"(max-width: 212px) 100vw, 212px\" \/><\/p>\n<p><strong>Gala Concert T\u00e9l\u00e9vis\u00e9 French Touch \u2013 18 octobre 2024<\/strong><\/p>\n<p>Le 18 octobre, \u00e0 la Maison Municipale de Prague, un Gala exceptionnel r\u00e9unira des artistes fran\u00e7ais en la personne d\u2019<strong>Indochine<\/strong>, <strong>Yann Destal<\/strong> et <strong>Benjamin Diamond<\/strong>, qui se produiront en duo avec des talents tch\u00e8ques tels que <strong>VESNA<\/strong> et <strong>Jordan Haj &amp; Emma Smetana<\/strong>. Diffus\u00e9 en direct sur <strong>\u010cesk\u00e1 Televize<\/strong>, ce concert symbolise, \u00e0 travers la musique, l\u2019amiti\u00e9 franco-tch\u00e8que.<\/p>\n<p><strong>French Touch Odyssey \u2013 A Parisian Night \u2013 17 octobre 2024, Sasazu<\/strong><\/p>\n<p>La premi\u00e8re soir\u00e9e <strong>French Touch Odyssey<\/strong> se tiendra au club Sasazu et proposera des performances \u00ab\u00a0live\u00a0\u00bb de <strong>Daft Funk Live<\/strong>, <strong>Yann Destal<\/strong> et <strong>The Supermen Lovers<\/strong>, pour une immersion totale dans la sc\u00e8ne electro fran\u00e7aise.<\/p>\n<p><strong>French Touch Odyssey \u2013 Electric Paris \u2013 19 octobre 2024, Sasazu<\/strong><\/p>\n<p>Le 19 octobre, <strong>Kavinsky<\/strong>, <strong>Yuksek<\/strong> et <strong>\u00c9tienne de Cr\u00e9cy<\/strong> cl\u00f4tureront cette s\u00e9rie d\u2019\u00e9v\u00e9nements avec une seconde nuit d\u00e9di\u00e9e \u00e0 la musique \u00e9lectronique fran\u00e7aise.<\/p>\n<p>Pour plus d&rsquo;infos et r\u00e9server vos places :<\/p>\n<ul>\n<li><a href=\"https:\/\/fra01.safelinks.protection.outlook.com\/?url=https%3A%2F%2Ffrenchtouchlabellevie.cz%2Fen%2F&amp;data=05%7C02%7Caurelien.castello%40cnm.fr%7Cae12b41a0ddf4ff5c7a208dcdbd553e9%7Cba774e6290394882a8cac4a49ebaf0d1%7C1%7C0%7C638626956483319750%7CUnknown%7CTWFpbGZsb3d8eyJWIjoiMC4wLjAwMDAiLCJQIjoiV2luMzIiLCJBTiI6Ik1haWwiLCJXVCI6Mn0%3D%7C0%7C%7C%7C&amp;sdata=l6tjY5NbZKGdmSCTZfEBzufKkv0i6Il6wcOux1EPDqI%3D&amp;reserved=0\">French Touch La Belle Vie<\/a><\/li>\n<li><a href=\"https:\/\/fra01.safelinks.protection.outlook.com\/?url=https%3A%2F%2Ffrenchtouchodyssey.com%2F%23tickets&amp;data=05%7C02%7Caurelien.castello%40cnm.fr%7Cae12b41a0ddf4ff5c7a208dcdbd553e9%7Cba774e6290394882a8cac4a49ebaf0d1%7C1%7C0%7C638626956483333327%7CUnknown%7CTWFpbGZsb3d8eyJWIjoiMC4wLjAwMDAiLCJQIjoiV2luMzIiLCJBTiI6Ik1haWwiLCJXVCI6Mn0%3D%7C0%7C%7C%7C&amp;sdata=nMLvi6S4Nbi8y%2BDkClc7mBshcfbI%2Fo214MkKjF9DFxg%3D&amp;reserved=0\">French Touch Odyssey<\/a><\/li>\n<\/ul>\n<p>Et pour patienter en musique d\u2019ici l\u00e0, \u00e9coutez la playlist exclusive de Yuksek pour What the France\u00a0!<\/p>\n<div class=\"playListBloc singleBloc\"><div class=\"playListBloc-wrap\">    <div class=\"thumbnail\"><img data-src=\"https:\/\/whatthefrance.org\/wp-content\/uploads\/2018\/11\/WTF-Cover-Collab_Yuksek-254x254.jpg\" class=\"lazyload\" alt=\"WTF&#8212;Cover-Collab_Yuksek\" \/>    <\/div>    <div class=\"infos\">        <span class=\"tag\">Curators<\/span>        <h2>A Made In France Selection By Yuksek<\/h2>        <span class=\"separator\"><\/span>       <span class=\"desc\">Enjoy a selection of made in France tracks handpicked by Yuksek !<\/span><div class=\"share flex flexAlignCenter \">\t<span class=\"label\">Partager<\/span>\t<a href=\"https:\/\/www.facebook.com\/sharer\/sharer.php?u=https:\/\/whatthefrance.org\/fr\/playlists\/a-made-in-france-selection-by-yuksek\/\" class=\"facebook\" target=\"_blank\" rel=\"noreferrer\">Facebook<\/a>\t<a href=\"https:\/\/twitter.com\/intent\/tweet?url=https:\/\/whatthefrance.org\/fr\/playlists\/a-made-in-france-selection-by-yuksek\/&text=A+Made+In+France+Selection+By+Yuksek&hashtags=WTF\" class=\"twitter\" target=\"_blank\" rel=\"noreferrer\">Twitter<\/a>\t<a href=\"mailto:?subject=What%20the%20France%20%3A%20A%20Made%20In%20France%20Selection%20By%20Yuksek&body=https:\/\/whatthefrance.org\/fr\/playlists\/a-made-in-france-selection-by-yuksek\/\" class=\"mail\" target=\"_blank\" rel=\"noreferrer\">Email<\/a><\/div>        <a href=\"#\" class=\"btn btnPlaylist orange playlist-click\" data-id=\"1673\">            <svg version=\"1.1\" x=\"0px\" y=\"0px\" width=\"40px\" height=\"40px\" viewBox=\"0 0 213.7 213.7\" enable-background=\"new 0 0 213.7 213.7\" xml:space=\"preserve\">                <polygon class=\"triangle\" fill=\"none\" stroke-width=\"10\" stroke-linecap=\"round\" stroke-linejoin=\"round\" stroke-miterlimit=\"10\" points=\"\n            73.5,62.5 148.5,105.8 73.5,149.1 \"\/>                <circle class=\"circle\" fill=\"none\"  stroke-width=\"8\" stroke-linecap=\"round\" stroke-linejoin=\"round\" stroke-miterlimit=\"10\" cx=\"106.8\" cy=\"106.8\" r=\"103.3\"\/>                <circle class=\"circle-white\" fill=\"none\"  stroke-width=\"8\" stroke-linecap=\"round\" stroke-linejoin=\"round\" stroke-miterlimit=\"10\" cx=\"106.8\" cy=\"106.8\" r=\"103.3\"\/>            <\/svg>Ecouter        <\/a>    <\/div>  <\/div><\/div>\n","protected":false},"excerpt":{"rendered":"<p>En octobre 2024, Prague accueillera trois \u00e9v\u00e9nements majeurs c\u00e9l\u00e9brant la musique fran\u00e7aise et la French Touch\u00a0! Trois temps forts \u00e0 retenir : \u00a0\u00a0 Gala Concert T\u00e9l\u00e9vis\u00e9 French Touch \u2013 18 octobre 2024 Le 18 octobre, \u00e0 la Maison Municipale de Prague, un Gala exceptionnel r\u00e9unira des artistes fran\u00e7ais en la personne d\u2019Indochine, Yann Destal et [&hellip;]<\/p>\n","protected":false},"author":52,"featured_media":0,"comment_status":"closed","ping_status":"closed","sticky":false,"template":"","format":"standard","meta":{"_acf_changed":false,"footnotes":""},"categories":[213],"tags":[],"class_list":["post-73118","post","type-post","status-publish","format-standard","hentry","category-event-fr"],"acf":[],"yoast_head":"<!-- This site is optimized with the Yoast SEO plugin v27.3 - https:\/\/yoast.com\/product\/yoast-seo-wordpress\/ -->\n<title>La French Touch \u00e0 Prague | Trois soir\u00e9es culturelles \u00e0 ne pas manquer - What the France<\/title>\n<meta name=\"robots\" content=\"index, follow, max-snippet:-1, max-image-preview:large, max-video-preview:-1\" \/>\n<link rel=\"canonical\" href=\"https:\/\/whatthefrance.org\/fr\/la-french-touch-a-prague-trois-soirees-culturelles-a-ne-pas-manquer\/\" \/>\n<meta property=\"og:locale\" content=\"fr_FR\" \/>\n<meta property=\"og:type\" content=\"article\" \/>\n<meta property=\"og:title\" content=\"La French Touch \u00e0 Prague | Trois soir\u00e9es culturelles \u00e0 ne pas manquer - What the France\" \/>\n<meta property=\"og:description\" content=\"En octobre 2024, Prague accueillera trois \u00e9v\u00e9nements majeurs c\u00e9l\u00e9brant la musique fran\u00e7aise et la French Touch\u00a0! Trois temps forts \u00e0 retenir : \u00a0\u00a0 Gala Concert T\u00e9l\u00e9vis\u00e9 French Touch \u2013 18 octobre 2024 Le 18 octobre, \u00e0 la Maison Municipale de Prague, un Gala exceptionnel r\u00e9unira des artistes fran\u00e7ais en la personne d\u2019Indochine, Yann Destal et [&hellip;]\" \/>\n<meta property=\"og:url\" content=\"https:\/\/whatthefrance.org\/fr\/la-french-touch-a-prague-trois-soirees-culturelles-a-ne-pas-manquer\/\" \/>\n<meta property=\"og:site_name\" content=\"What the France\" \/>\n<meta property=\"article:published_time\" content=\"2024-09-24T13:08:49+00:00\" \/>\n<meta property=\"article:modified_time\" content=\"2024-09-24T13:12:05+00:00\" \/>\n<meta property=\"og:image\" content=\"https:\/\/whatthefrance.org\/wp-content\/uploads\/2024\/09\/Events-COVER-WP-french_touch_odyssey-1.png\" \/>\n\t<meta property=\"og:image:width\" content=\"1084\" \/>\n\t<meta property=\"og:image:height\" content=\"452\" \/><meta property=\"og:image\" content=\"https:\/\/whatthefrance.org\/wp-content\/uploads\/2024\/09\/FT2024_09_AFF-SHOW_TCHEQUIE4-1-205x300.png\" \/>\n<meta name=\"author\" content=\"Aurelien Castello\" \/>\n<meta name=\"twitter:card\" content=\"summary_large_image\" \/>\n<meta name=\"twitter:label1\" content=\"\u00c9crit par\" \/>\n\t<meta name=\"twitter:data1\" content=\"Aurelien Castello\" \/>\n\t<meta name=\"twitter:label2\" content=\"Dur\u00e9e de lecture estim\u00e9e\" \/>\n\t<meta name=\"twitter:data2\" content=\"2 minutes\" \/>\n<script type=\"application\/ld+json\" class=\"yoast-schema-graph\">{\"@context\":\"https:\\\/\\\/schema.org\",\"@graph\":[{\"@type\":\"Article\",\"@id\":\"https:\\\/\\\/whatthefrance.org\\\/fr\\\/la-french-touch-a-prague-trois-soirees-culturelles-a-ne-pas-manquer\\\/#article\",\"isPartOf\":{\"@id\":\"https:\\\/\\\/whatthefrance.org\\\/fr\\\/la-french-touch-a-prague-trois-soirees-culturelles-a-ne-pas-manquer\\\/\"},\"author\":{\"name\":\"Aurelien Castello\",\"@id\":\"https:\\\/\\\/whatthefrance.org\\\/fr\\\/#\\\/schema\\\/person\\\/409f1eee0a2c94ed5ec0aa697e689d11\"},\"headline\":\"La French Touch \u00e0 Prague | Trois soir\u00e9es culturelles \u00e0 ne pas manquer\",\"datePublished\":\"2024-09-24T13:08:49+00:00\",\"dateModified\":\"2024-09-24T13:12:05+00:00\",\"mainEntityOfPage\":{\"@id\":\"https:\\\/\\\/whatthefrance.org\\\/fr\\\/la-french-touch-a-prague-trois-soirees-culturelles-a-ne-pas-manquer\\\/\"},\"wordCount\":223,\"publisher\":{\"@id\":\"https:\\\/\\\/whatthefrance.org\\\/fr\\\/#organization\"},\"image\":{\"@id\":\"https:\\\/\\\/whatthefrance.org\\\/fr\\\/la-french-touch-a-prague-trois-soirees-culturelles-a-ne-pas-manquer\\\/#primaryimage\"},\"thumbnailUrl\":\"https:\\\/\\\/whatthefrance.org\\\/wp-content\\\/uploads\\\/2024\\\/09\\\/FT2024_09_AFF-SHOW_TCHEQUIE4-1-205x300.png\",\"articleSection\":[\"Event\"],\"inLanguage\":\"fr-FR\"},{\"@type\":\"WebPage\",\"@id\":\"https:\\\/\\\/whatthefrance.org\\\/fr\\\/la-french-touch-a-prague-trois-soirees-culturelles-a-ne-pas-manquer\\\/\",\"url\":\"https:\\\/\\\/whatthefrance.org\\\/fr\\\/la-french-touch-a-prague-trois-soirees-culturelles-a-ne-pas-manquer\\\/\",\"name\":\"La French Touch \u00e0 Prague | Trois soir\u00e9es culturelles \u00e0 ne pas manquer - What the France\",\"isPartOf\":{\"@id\":\"https:\\\/\\\/whatthefrance.org\\\/fr\\\/#website\"},\"primaryImageOfPage\":{\"@id\":\"https:\\\/\\\/whatthefrance.org\\\/fr\\\/la-french-touch-a-prague-trois-soirees-culturelles-a-ne-pas-manquer\\\/#primaryimage\"},\"image\":{\"@id\":\"https:\\\/\\\/whatthefrance.org\\\/fr\\\/la-french-touch-a-prague-trois-soirees-culturelles-a-ne-pas-manquer\\\/#primaryimage\"},\"thumbnailUrl\":\"https:\\\/\\\/whatthefrance.org\\\/wp-content\\\/uploads\\\/2024\\\/09\\\/FT2024_09_AFF-SHOW_TCHEQUIE4-1-205x300.png\",\"datePublished\":\"2024-09-24T13:08:49+00:00\",\"dateModified\":\"2024-09-24T13:12:05+00:00\",\"breadcrumb\":{\"@id\":\"https:\\\/\\\/whatthefrance.org\\\/fr\\\/la-french-touch-a-prague-trois-soirees-culturelles-a-ne-pas-manquer\\\/#breadcrumb\"},\"inLanguage\":\"fr-FR\",\"potentialAction\":[{\"@type\":\"ReadAction\",\"target\":[\"https:\\\/\\\/whatthefrance.org\\\/fr\\\/la-french-touch-a-prague-trois-soirees-culturelles-a-ne-pas-manquer\\\/\"]}]},{\"@type\":\"ImageObject\",\"inLanguage\":\"fr-FR\",\"@id\":\"https:\\\/\\\/whatthefrance.org\\\/fr\\\/la-french-touch-a-prague-trois-soirees-culturelles-a-ne-pas-manquer\\\/#primaryimage\",\"url\":\"https:\\\/\\\/whatthefrance.org\\\/wp-content\\\/uploads\\\/2024\\\/09\\\/FT2024_09_AFF-SHOW_TCHEQUIE4-1-205x300.png\",\"contentUrl\":\"https:\\\/\\\/whatthefrance.org\\\/wp-content\\\/uploads\\\/2024\\\/09\\\/FT2024_09_AFF-SHOW_TCHEQUIE4-1-205x300.png\"},{\"@type\":\"BreadcrumbList\",\"@id\":\"https:\\\/\\\/whatthefrance.org\\\/fr\\\/la-french-touch-a-prague-trois-soirees-culturelles-a-ne-pas-manquer\\\/#breadcrumb\",\"itemListElement\":[{\"@type\":\"ListItem\",\"position\":1,\"name\":\"Home\",\"item\":\"https:\\\/\\\/whatthefrance.org\\\/fr\\\/\"},{\"@type\":\"ListItem\",\"position\":2,\"name\":\"La French Touch \u00e0 Prague | Trois soir\u00e9es culturelles \u00e0 ne pas manquer\"}]},{\"@type\":\"WebSite\",\"@id\":\"https:\\\/\\\/whatthefrance.org\\\/fr\\\/#website\",\"url\":\"https:\\\/\\\/whatthefrance.org\\\/fr\\\/\",\"name\":\"What the France\",\"description\":\"The finest music made in France !\",\"publisher\":{\"@id\":\"https:\\\/\\\/whatthefrance.org\\\/fr\\\/#organization\"},\"potentialAction\":[{\"@type\":\"SearchAction\",\"target\":{\"@type\":\"EntryPoint\",\"urlTemplate\":\"https:\\\/\\\/whatthefrance.org\\\/fr\\\/?s={search_term_string}\"},\"query-input\":{\"@type\":\"PropertyValueSpecification\",\"valueRequired\":true,\"valueName\":\"search_term_string\"}}],\"inLanguage\":\"fr-FR\"},{\"@type\":\"Organization\",\"@id\":\"https:\\\/\\\/whatthefrance.org\\\/fr\\\/#organization\",\"name\":\"What The France\",\"url\":\"https:\\\/\\\/whatthefrance.org\\\/fr\\\/\",\"logo\":{\"@type\":\"ImageObject\",\"inLanguage\":\"fr-FR\",\"@id\":\"https:\\\/\\\/whatthefrance.org\\\/fr\\\/#\\\/schema\\\/logo\\\/image\\\/\",\"url\":\"https:\\\/\\\/whatthefrance.org\\\/wp-content\\\/uploads\\\/2019\\\/12\\\/44688719_2251580388408837_694180218134331392_n-e1577679609190.png\",\"contentUrl\":\"https:\\\/\\\/whatthefrance.org\\\/wp-content\\\/uploads\\\/2019\\\/12\\\/44688719_2251580388408837_694180218134331392_n-e1577679609190.png\",\"width\":200,\"height\":200,\"caption\":\"What The France\"},\"image\":{\"@id\":\"https:\\\/\\\/whatthefrance.org\\\/fr\\\/#\\\/schema\\\/logo\\\/image\\\/\"}},{\"@type\":\"Person\",\"@id\":\"https:\\\/\\\/whatthefrance.org\\\/fr\\\/#\\\/schema\\\/person\\\/409f1eee0a2c94ed5ec0aa697e689d11\",\"name\":\"Aurelien Castello\",\"image\":{\"@type\":\"ImageObject\",\"inLanguage\":\"fr-FR\",\"@id\":\"https:\\\/\\\/secure.gravatar.com\\\/avatar\\\/a64e3c49e149502bc3920135147e21be7d3ce93fcb38ac6ca03da1ecdb178e19?s=96&d=mm&r=g\",\"url\":\"https:\\\/\\\/secure.gravatar.com\\\/avatar\\\/a64e3c49e149502bc3920135147e21be7d3ce93fcb38ac6ca03da1ecdb178e19?s=96&d=mm&r=g\",\"contentUrl\":\"https:\\\/\\\/secure.gravatar.com\\\/avatar\\\/a64e3c49e149502bc3920135147e21be7d3ce93fcb38ac6ca03da1ecdb178e19?s=96&d=mm&r=g\",\"caption\":\"Aurelien Castello\"}}]}<\/script>\n<!-- \/ Yoast SEO plugin. -->","yoast_head_json":{"title":"La French Touch \u00e0 Prague | Trois soir\u00e9es culturelles \u00e0 ne pas manquer - What the France","robots":{"index":"index","follow":"follow","max-snippet":"max-snippet:-1","max-image-preview":"max-image-preview:large","max-video-preview":"max-video-preview:-1"},"canonical":"https:\/\/whatthefrance.org\/fr\/la-french-touch-a-prague-trois-soirees-culturelles-a-ne-pas-manquer\/","og_locale":"fr_FR","og_type":"article","og_title":"La French Touch \u00e0 Prague | Trois soir\u00e9es culturelles \u00e0 ne pas manquer - What the France","og_description":"En octobre 2024, Prague accueillera trois \u00e9v\u00e9nements majeurs c\u00e9l\u00e9brant la musique fran\u00e7aise et la French Touch\u00a0! Trois temps forts \u00e0 retenir : \u00a0\u00a0 Gala Concert T\u00e9l\u00e9vis\u00e9 French Touch \u2013 18 octobre 2024 Le 18 octobre, \u00e0 la Maison Municipale de Prague, un Gala exceptionnel r\u00e9unira des artistes fran\u00e7ais en la personne d\u2019Indochine, Yann Destal et [&hellip;]","og_url":"https:\/\/whatthefrance.org\/fr\/la-french-touch-a-prague-trois-soirees-culturelles-a-ne-pas-manquer\/","og_site_name":"What the France","article_published_time":"2024-09-24T13:08:49+00:00","article_modified_time":"2024-09-24T13:12:05+00:00","og_image":[{"url":"https:\/\/whatthefrance.org\/wp-content\/uploads\/2024\/09\/Events-COVER-WP-french_touch_odyssey-1.png","height":452,"width":1084,"type":""},{"url":"https:\/\/whatthefrance.org\/wp-content\/uploads\/2024\/09\/FT2024_09_AFF-SHOW_TCHEQUIE4-1-205x300.png","type":"","width":"","height":""}],"author":"Aurelien Castello","twitter_card":"summary_large_image","twitter_misc":{"\u00c9crit par":"Aurelien Castello","Dur\u00e9e de lecture estim\u00e9e":"2 minutes"},"schema":{"@context":"https:\/\/schema.org","@graph":[{"@type":"Article","@id":"https:\/\/whatthefrance.org\/fr\/la-french-touch-a-prague-trois-soirees-culturelles-a-ne-pas-manquer\/#article","isPartOf":{"@id":"https:\/\/whatthefrance.org\/fr\/la-french-touch-a-prague-trois-soirees-culturelles-a-ne-pas-manquer\/"},"author":{"name":"Aurelien Castello","@id":"https:\/\/whatthefrance.org\/fr\/#\/schema\/person\/409f1eee0a2c94ed5ec0aa697e689d11"},"headline":"La French Touch \u00e0 Prague | Trois soir\u00e9es culturelles \u00e0 ne pas manquer","datePublished":"2024-09-24T13:08:49+00:00","dateModified":"2024-09-24T13:12:05+00:00","mainEntityOfPage":{"@id":"https:\/\/whatthefrance.org\/fr\/la-french-touch-a-prague-trois-soirees-culturelles-a-ne-pas-manquer\/"},"wordCount":223,"publisher":{"@id":"https:\/\/whatthefrance.org\/fr\/#organization"},"image":{"@id":"https:\/\/whatthefrance.org\/fr\/la-french-touch-a-prague-trois-soirees-culturelles-a-ne-pas-manquer\/#primaryimage"},"thumbnailUrl":"https:\/\/whatthefrance.org\/wp-content\/uploads\/2024\/09\/FT2024_09_AFF-SHOW_TCHEQUIE4-1-205x300.png","articleSection":["Event"],"inLanguage":"fr-FR"},{"@type":"WebPage","@id":"https:\/\/whatthefrance.org\/fr\/la-french-touch-a-prague-trois-soirees-culturelles-a-ne-pas-manquer\/","url":"https:\/\/whatthefrance.org\/fr\/la-french-touch-a-prague-trois-soirees-culturelles-a-ne-pas-manquer\/","name":"La French Touch \u00e0 Prague | Trois soir\u00e9es culturelles \u00e0 ne pas manquer - What the France","isPartOf":{"@id":"https:\/\/whatthefrance.org\/fr\/#website"},"primaryImageOfPage":{"@id":"https:\/\/whatthefrance.org\/fr\/la-french-touch-a-prague-trois-soirees-culturelles-a-ne-pas-manquer\/#primaryimage"},"image":{"@id":"https:\/\/whatthefrance.org\/fr\/la-french-touch-a-prague-trois-soirees-culturelles-a-ne-pas-manquer\/#primaryimage"},"thumbnailUrl":"https:\/\/whatthefrance.org\/wp-content\/uploads\/2024\/09\/FT2024_09_AFF-SHOW_TCHEQUIE4-1-205x300.png","datePublished":"2024-09-24T13:08:49+00:00","dateModified":"2024-09-24T13:12:05+00:00","breadcrumb":{"@id":"https:\/\/whatthefrance.org\/fr\/la-french-touch-a-prague-trois-soirees-culturelles-a-ne-pas-manquer\/#breadcrumb"},"inLanguage":"fr-FR","potentialAction":[{"@type":"ReadAction","target":["https:\/\/whatthefrance.org\/fr\/la-french-touch-a-prague-trois-soirees-culturelles-a-ne-pas-manquer\/"]}]},{"@type":"ImageObject","inLanguage":"fr-FR","@id":"https:\/\/whatthefrance.org\/fr\/la-french-touch-a-prague-trois-soirees-culturelles-a-ne-pas-manquer\/#primaryimage","url":"https:\/\/whatthefrance.org\/wp-content\/uploads\/2024\/09\/FT2024_09_AFF-SHOW_TCHEQUIE4-1-205x300.png","contentUrl":"https:\/\/whatthefrance.org\/wp-content\/uploads\/2024\/09\/FT2024_09_AFF-SHOW_TCHEQUIE4-1-205x300.png"},{"@type":"BreadcrumbList","@id":"https:\/\/whatthefrance.org\/fr\/la-french-touch-a-prague-trois-soirees-culturelles-a-ne-pas-manquer\/#breadcrumb","itemListElement":[{"@type":"ListItem","position":1,"name":"Home","item":"https:\/\/whatthefrance.org\/fr\/"},{"@type":"ListItem","position":2,"name":"La French Touch \u00e0 Prague | Trois soir\u00e9es culturelles \u00e0 ne pas manquer"}]},{"@type":"WebSite","@id":"https:\/\/whatthefrance.org\/fr\/#website","url":"https:\/\/whatthefrance.org\/fr\/","name":"What the France","description":"The finest music made in France !","publisher":{"@id":"https:\/\/whatthefrance.org\/fr\/#organization"},"potentialAction":[{"@type":"SearchAction","target":{"@type":"EntryPoint","urlTemplate":"https:\/\/whatthefrance.org\/fr\/?s={search_term_string}"},"query-input":{"@type":"PropertyValueSpecification","valueRequired":true,"valueName":"search_term_string"}}],"inLanguage":"fr-FR"},{"@type":"Organization","@id":"https:\/\/whatthefrance.org\/fr\/#organization","name":"What The France","url":"https:\/\/whatthefrance.org\/fr\/","logo":{"@type":"ImageObject","inLanguage":"fr-FR","@id":"https:\/\/whatthefrance.org\/fr\/#\/schema\/logo\/image\/","url":"https:\/\/whatthefrance.org\/wp-content\/uploads\/2019\/12\/44688719_2251580388408837_694180218134331392_n-e1577679609190.png","contentUrl":"https:\/\/whatthefrance.org\/wp-content\/uploads\/2019\/12\/44688719_2251580388408837_694180218134331392_n-e1577679609190.png","width":200,"height":200,"caption":"What The France"},"image":{"@id":"https:\/\/whatthefrance.org\/fr\/#\/schema\/logo\/image\/"}},{"@type":"Person","@id":"https:\/\/whatthefrance.org\/fr\/#\/schema\/person\/409f1eee0a2c94ed5ec0aa697e689d11","name":"Aurelien Castello","image":{"@type":"ImageObject","inLanguage":"fr-FR","@id":"https:\/\/secure.gravatar.com\/avatar\/a64e3c49e149502bc3920135147e21be7d3ce93fcb38ac6ca03da1ecdb178e19?s=96&d=mm&r=g","url":"https:\/\/secure.gravatar.com\/avatar\/a64e3c49e149502bc3920135147e21be7d3ce93fcb38ac6ca03da1ecdb178e19?s=96&d=mm&r=g","contentUrl":"https:\/\/secure.gravatar.com\/avatar\/a64e3c49e149502bc3920135147e21be7d3ce93fcb38ac6ca03da1ecdb178e19?s=96&d=mm&r=g","caption":"Aurelien Castello"}}]}},"_links":{"self":[{"href":"https:\/\/whatthefrance.org\/fr\/wp-json\/wp\/v2\/posts\/73118","targetHints":{"allow":["GET"]}}],"collection":[{"href":"https:\/\/whatthefrance.org\/fr\/wp-json\/wp\/v2\/posts"}],"about":[{"href":"https:\/\/whatthefrance.org\/fr\/wp-json\/wp\/v2\/types\/post"}],"author":[{"embeddable":true,"href":"https:\/\/whatthefrance.org\/fr\/wp-json\/wp\/v2\/users\/52"}],"replies":[{"embeddable":true,"href":"https:\/\/whatthefrance.org\/fr\/wp-json\/wp\/v2\/comments?post=73118"}],"version-history":[{"count":2,"href":"https:\/\/whatthefrance.org\/fr\/wp-json\/wp\/v2\/posts\/73118\/revisions"}],"predecessor-version":[{"id":73153,"href":"https:\/\/whatthefrance.org\/fr\/wp-json\/wp\/v2\/posts\/73118\/revisions\/73153"}],"wp:attachment":[{"href":"https:\/\/whatthefrance.org\/fr\/wp-json\/wp\/v2\/media?parent=73118"}],"wp:term":[{"taxonomy":"category","embeddable":true,"href":"https:\/\/whatthefrance.org\/fr\/wp-json\/wp\/v2\/categories?post=73118"},{"taxonomy":"post_tag","embeddable":true,"href":"https:\/\/whatthefrance.org\/fr\/wp-json\/wp\/v2\/tags?post=73118"}],"curies":[{"name":"wp","href":"https:\/\/api.w.org\/{rel}","templated":true}]}}