{"id":73317,"date":"2024-10-10T11:54:32","date_gmt":"2024-10-10T09:54:32","guid":{"rendered":"https:\/\/whatthefrance.org\/?p=73317"},"modified":"2024-10-10T15:57:22","modified_gmt":"2024-10-10T13:57:22","slug":"un-orchestre-a-soi-une-webserie-documentaire-qui-retrace-lhistoire-de-compositrices-emblematiques","status":"publish","type":"post","link":"https:\/\/whatthefrance.org\/fr\/un-orchestre-a-soi-une-webserie-documentaire-qui-retrace-lhistoire-de-compositrices-emblematiques\/","title":{"rendered":"Un Orchestre \u00e0 soi : une webs\u00e9rie documentaire qui retrace l\u2019histoire de compositrices embl\u00e9matiques"},"content":{"rendered":"<p><strong>D\u00e9couvrez la webs\u00e9rie documentaire issue de l\u2019installation musicale \u00ab\u00a0Un Orchestre \u00e0 soi\u00a0\u00bb, en partenariat avec le Centre National de la Musique (CNM) et What the France !<\/strong><\/p>\n<p>Une s\u00e9rie de capsules captivantes qui mettent \u00e0 l\u2019honneur des compositrices historiques souvent m\u00e9connues : des figures embl\u00e9matiques comme Hildegard von Bingen, Elisabeth Jacquet de la Guerre ou Ethel Smyth, qui ont chacune d\u00e9fi\u00e9 les conventions de leur \u00e9poque.<\/p>\n<p>Explorez le parcours fascinant de huit compositrices europ\u00e9ennes, du Moyen \u00c2ge au d\u00e9but du XXe si\u00e8cle. En filigrane, \u00ab\u00a0Un Orchestre \u00e0 soi\u00a0\u00bb examine \u00e9galement les raisons de leur invisibilit\u00e9, tout en r\u00e9v\u00e9lant leur impact sur le monde musical : une invitation \u00e0 la r\u00e9flexion sur la place des femmes dans l&rsquo;histoire de la musique.<\/p>\n<p><strong><em>La playlist vid\u00e9o documentaire :\u00a0<\/em><\/strong><\/p>\n<p><iframe loading=\"lazy\" title=\"Un Orchestre \u00e0 soi - \u00c9pisode 1 : Hildegard von Bingen, une religieuse visionnaire\" width=\"500\" height=\"281\" src=\"https:\/\/www.youtube.com\/embed\/dmrBSv5dY40?feature=oembed\" frameborder=\"0\" allow=\"accelerometer; autoplay; clipboard-write; encrypted-media; gyroscope; picture-in-picture; web-share\" referrerpolicy=\"strict-origin-when-cross-origin\" allowfullscreen><\/iframe><\/p>\n<p>Cette s\u00e9rie documentaire fait partie int\u00e9grante d&rsquo;une installation musicale immersive qui revitalise les compositions de ces artistes. V\u00e9ritable exp\u00e9rience sonore qui propose l\u2019\u00e9coute d\u2019une \u0153uvre \u00e9lectro-acoustique spatialis\u00e9e, le dispositif s\u2019accompagne d&rsquo;un karaok\u00e9 participatif, permettant aux visiteurs d&rsquo;interagir avec la musique de ces compositrices, transformant ainsi l&rsquo;exp\u00e9rience en une c\u00e9l\u00e9bration vivante de leur h\u00e9ritage.<\/p>\n<p>Cette exposition est pr\u00e9sent\u00e9e dans divers lieux \u00e0 travers la France, rendant hommage \u00e0 ces artistes oubli\u00e9es et invitant le public \u00e0 red\u00e9couvrir leurs contributions essentielles \u00e0 l\u2019histoire de la musique<\/p>\n<p><img decoding=\"async\" class=\"alignnone size-medium wp-image-73324\" src=\"https:\/\/whatthefrance.org\/wp-content\/uploads\/2024\/10\/PXL_20240921_144518626-1-300x225.jpg\" alt=\"\" width=\"300\" height=\"225\" srcset=\"https:\/\/whatthefrance.org\/wp-content\/uploads\/2024\/10\/PXL_20240921_144518626-1-300x225.jpg 300w, https:\/\/whatthefrance.org\/wp-content\/uploads\/2024\/10\/PXL_20240921_144518626-1-1024x768.jpg 1024w, https:\/\/whatthefrance.org\/wp-content\/uploads\/2024\/10\/PXL_20240921_144518626-1-768x576.jpg 768w, https:\/\/whatthefrance.org\/wp-content\/uploads\/2024\/10\/PXL_20240921_144518626-1-1536x1152.jpg 1536w, https:\/\/whatthefrance.org\/wp-content\/uploads\/2024\/10\/PXL_20240921_144518626-1-2048x1536.jpg 2048w\" sizes=\"(max-width: 300px) 100vw, 300px\" \/> <img decoding=\"async\" class=\"alignnone size-medium wp-image-73329\" src=\"https:\/\/whatthefrance.org\/wp-content\/uploads\/2024\/10\/DSCN7028-300x225.jpg\" alt=\"\" width=\"300\" height=\"225\" srcset=\"https:\/\/whatthefrance.org\/wp-content\/uploads\/2024\/10\/DSCN7028-300x225.jpg 300w, https:\/\/whatthefrance.org\/wp-content\/uploads\/2024\/10\/DSCN7028-1024x768.jpg 1024w, https:\/\/whatthefrance.org\/wp-content\/uploads\/2024\/10\/DSCN7028-768x576.jpg 768w, https:\/\/whatthefrance.org\/wp-content\/uploads\/2024\/10\/DSCN7028-1536x1152.jpg 1536w, https:\/\/whatthefrance.org\/wp-content\/uploads\/2024\/10\/DSCN7028-2048x1536.jpg 2048w\" sizes=\"(max-width: 300px) 100vw, 300px\" \/> <img decoding=\"async\" class=\"alignnone size-medium wp-image-73334\" src=\"https:\/\/whatthefrance.org\/wp-content\/uploads\/2024\/10\/460948808_926260502879080_2817478866455480969_n-300x225.jpg\" alt=\"\" width=\"300\" height=\"225\" srcset=\"https:\/\/whatthefrance.org\/wp-content\/uploads\/2024\/10\/460948808_926260502879080_2817478866455480969_n-300x225.jpg 300w, https:\/\/whatthefrance.org\/wp-content\/uploads\/2024\/10\/460948808_926260502879080_2817478866455480969_n-1024x768.jpg 1024w, https:\/\/whatthefrance.org\/wp-content\/uploads\/2024\/10\/460948808_926260502879080_2817478866455480969_n-768x576.jpg 768w, https:\/\/whatthefrance.org\/wp-content\/uploads\/2024\/10\/460948808_926260502879080_2817478866455480969_n-1536x1152.jpg 1536w, https:\/\/whatthefrance.org\/wp-content\/uploads\/2024\/10\/460948808_926260502879080_2817478866455480969_n.jpg 2048w\" sizes=\"(max-width: 300px) 100vw, 300px\" \/><\/p>\n<p><em>Une installation sonore et documentaire de <a href=\"https:\/\/fra01.safelinks.protection.outlook.com\/?url=https%3A%2F%2Fwww.facebook.com%2Flea.chevrier.73%3F__cft__%5B0%5D%3DAZVFDtV8f7SXBBUxo2l4rffkm2t_9TjwMMyiF5qSSzzkoNN_I2CRtARrlY9NDVuc1pKiJKXg_AHqIm5zQRqlBu_1d2aormin9OA1s1W-e_8kEkrVl5m-jct7qpgkeq50HPcTBhZ-KW4OhRzizauAXp7RSGReBWxZB5C0xVUrF2HW8A%26__tn__%3D-%5DK-R&amp;data=05%7C02%7Caurelien.castello%40cnm.fr%7C755ec491f8fd4214496408dce8307394%7Cba774e6290394882a8cac4a49ebaf0d1%7C1%7C0%7C638640542289580742%7CUnknown%7CTWFpbGZsb3d8eyJWIjoiMC4wLjAwMDAiLCJQIjoiV2luMzIiLCJBTiI6Ik1haWwiLCJXVCI6Mn0%3D%7C0%7C%7C%7C&amp;sdata=AiiYp6IYOZT2Pa70c2RaIRTqKwkFtbzc%2BnsecgUfGzU%3D&amp;reserved=0\">L\u00e9a Chevrier<\/a>\u00a0et <a href=\"https:\/\/fra01.safelinks.protection.outlook.com\/?url=https%3A%2F%2Fwww.facebook.com%2Fprofile.php%3Fid%3D100001637907915%26__cft__%5B0%5D%3DAZVFDtV8f7SXBBUxo2l4rffkm2t_9TjwMMyiF5qSSzzkoNN_I2CRtARrlY9NDVuc1pKiJKXg_AHqIm5zQRqlBu_1d2aormin9OA1s1W-e_8kEkrVl5m-jct7qpgkeq50HPcTBhZ-KW4OhRzizauAXp7RSGReBWxZB5C0xVUrF2HW8A%26__tn__%3D-%5DK-R&amp;data=05%7C02%7Caurelien.castello%40cnm.fr%7C755ec491f8fd4214496408dce8307394%7Cba774e6290394882a8cac4a49ebaf0d1%7C1%7C0%7C638640542289594682%7CUnknown%7CTWFpbGZsb3d8eyJWIjoiMC4wLjAwMDAiLCJQIjoiV2luMzIiLCJBTiI6Ik1haWwiLCJXVCI6Mn0%3D%7C0%7C%7C%7C&amp;sdata=Tezn6akhMcJU0Ik2DKV7KJPSyQQg04E5XPz6NwHEePw%3D&amp;reserved=0\">Laureline Amanieux<\/a><\/em><\/p>\n<p><em>Production : <a href=\"https:\/\/fra01.safelinks.protection.outlook.com\/?url=https%3A%2F%2Fwww.retroviseurprod.fr%2F&amp;data=05%7C02%7Caurelien.castello%40cnm.fr%7C755ec491f8fd4214496408dce8307394%7Cba774e6290394882a8cac4a49ebaf0d1%7C1%7C0%7C638640542289608603%7CUnknown%7CTWFpbGZsb3d8eyJWIjoiMC4wLjAwMDAiLCJQIjoiV2luMzIiLCJBTiI6Ik1haWwiLCJXVCI6Mn0%3D%7C0%7C%7C%7C&amp;sdata=QXEZD%2FrcPJ9Qvpp8Q9Td599zqdXWkvt3AlijEY%2FUFp4%3D&amp;reserved=0\">R\u00e9troviseur productions<\/a>\u00a0et <a href=\"https:\/\/fra01.safelinks.protection.outlook.com\/?url=http%3A%2F%2Fwww.narrative.info%2Fportfolio%2F&amp;data=05%7C02%7Caurelien.castello%40cnm.fr%7C755ec491f8fd4214496408dce8307394%7Cba774e6290394882a8cac4a49ebaf0d1%7C1%7C0%7C638640542289621611%7CUnknown%7CTWFpbGZsb3d8eyJWIjoiMC4wLjAwMDAiLCJQIjoiV2luMzIiLCJBTiI6Ik1haWwiLCJXVCI6Mn0%3D%7C0%7C%7C%7C&amp;sdata=zjrgfB1BIcTGWjHw5SyHor63ru7sh3Oo5NsgE%2FbcCAQ%3D&amp;reserved=0\">Narrative<\/a>, avec Circ\u00e9 production<\/em><\/p>\n<p><em>Sc\u00e9nographie : Graepheme<\/em><\/p>\n<p><em>Graphisme : Camille Guitton et Benjamin Devy<\/em><\/p>\n<p><em>Infographie :\u00a0Polychrome\u00a0films<\/em><\/p>\n<p>&nbsp;<\/p>\n","protected":false},"excerpt":{"rendered":"<p>D\u00e9couvrez la webs\u00e9rie documentaire issue de l\u2019installation musicale \u00ab\u00a0Un Orchestre \u00e0 soi\u00a0\u00bb, en partenariat avec le Centre National de la Musique (CNM) et What the France ! Une s\u00e9rie de capsules captivantes qui mettent \u00e0 l\u2019honneur des compositrices historiques souvent m\u00e9connues : des figures embl\u00e9matiques comme Hildegard von Bingen, Elisabeth Jacquet de la Guerre ou [&hellip;]<\/p>\n","protected":false},"author":52,"featured_media":0,"comment_status":"closed","ping_status":"closed","sticky":false,"template":"","format":"standard","meta":{"_acf_changed":false,"footnotes":""},"categories":[217],"tags":[],"class_list":["post-73317","post","type-post","status-publish","format-standard","hentry","category-video-fr"],"acf":[],"yoast_head":"<!-- This site is optimized with the Yoast SEO plugin v27.3 - https:\/\/yoast.com\/product\/yoast-seo-wordpress\/ -->\n<title>Un Orchestre \u00e0 soi : une webs\u00e9rie documentaire qui retrace l\u2019histoire de compositrices embl\u00e9matiques - What the France<\/title>\n<meta name=\"robots\" content=\"index, follow, max-snippet:-1, max-image-preview:large, max-video-preview:-1\" \/>\n<link rel=\"canonical\" href=\"https:\/\/whatthefrance.org\/fr\/un-orchestre-a-soi-une-webserie-documentaire-qui-retrace-lhistoire-de-compositrices-emblematiques\/\" \/>\n<meta property=\"og:locale\" content=\"fr_FR\" \/>\n<meta property=\"og:type\" content=\"article\" \/>\n<meta property=\"og:title\" content=\"Un Orchestre \u00e0 soi : une webs\u00e9rie documentaire qui retrace l\u2019histoire de compositrices embl\u00e9matiques - What the France\" \/>\n<meta property=\"og:description\" content=\"D\u00e9couvrez la webs\u00e9rie documentaire issue de l\u2019installation musicale \u00ab\u00a0Un Orchestre \u00e0 soi\u00a0\u00bb, en partenariat avec le Centre National de la Musique (CNM) et What the France ! Une s\u00e9rie de capsules captivantes qui mettent \u00e0 l\u2019honneur des compositrices historiques souvent m\u00e9connues : des figures embl\u00e9matiques comme Hildegard von Bingen, Elisabeth Jacquet de la Guerre ou [&hellip;]\" \/>\n<meta property=\"og:url\" content=\"https:\/\/whatthefrance.org\/fr\/un-orchestre-a-soi-une-webserie-documentaire-qui-retrace-lhistoire-de-compositrices-emblematiques\/\" \/>\n<meta property=\"og:site_name\" content=\"What the France\" \/>\n<meta property=\"article:published_time\" content=\"2024-10-10T09:54:32+00:00\" \/>\n<meta property=\"article:modified_time\" content=\"2024-10-10T13:57:22+00:00\" \/>\n<meta property=\"og:image\" content=\"https:\/\/whatthefrance.org\/wp-content\/uploads\/2024\/10\/cover-un-orchestre-a-soi-1.png\" \/>\n\t<meta property=\"og:image:width\" content=\"1084\" \/>\n\t<meta property=\"og:image:height\" content=\"452\" \/><meta property=\"og:image\" content=\"https:\/\/whatthefrance.org\/wp-content\/uploads\/2024\/10\/PXL_20240921_144518626-1-300x225.jpg\" \/>\n<meta name=\"author\" content=\"Aurelien Castello\" \/>\n<meta name=\"twitter:card\" content=\"summary_large_image\" \/>\n<meta name=\"twitter:label1\" content=\"\u00c9crit par\" \/>\n\t<meta name=\"twitter:data1\" content=\"Aurelien Castello\" \/>\n\t<meta name=\"twitter:label2\" content=\"Dur\u00e9e de lecture estim\u00e9e\" \/>\n\t<meta name=\"twitter:data2\" content=\"2 minutes\" \/>\n<script type=\"application\/ld+json\" class=\"yoast-schema-graph\">{\"@context\":\"https:\\\/\\\/schema.org\",\"@graph\":[{\"@type\":\"Article\",\"@id\":\"https:\\\/\\\/whatthefrance.org\\\/fr\\\/un-orchestre-a-soi-une-webserie-documentaire-qui-retrace-lhistoire-de-compositrices-emblematiques\\\/#article\",\"isPartOf\":{\"@id\":\"https:\\\/\\\/whatthefrance.org\\\/fr\\\/un-orchestre-a-soi-une-webserie-documentaire-qui-retrace-lhistoire-de-compositrices-emblematiques\\\/\"},\"author\":{\"name\":\"Aurelien Castello\",\"@id\":\"https:\\\/\\\/whatthefrance.org\\\/fr\\\/#\\\/schema\\\/person\\\/409f1eee0a2c94ed5ec0aa697e689d11\"},\"headline\":\"Un Orchestre \u00e0 soi : une webs\u00e9rie documentaire qui retrace l\u2019histoire de compositrices embl\u00e9matiques\",\"datePublished\":\"2024-10-10T09:54:32+00:00\",\"dateModified\":\"2024-10-10T13:57:22+00:00\",\"mainEntityOfPage\":{\"@id\":\"https:\\\/\\\/whatthefrance.org\\\/fr\\\/un-orchestre-a-soi-une-webserie-documentaire-qui-retrace-lhistoire-de-compositrices-emblematiques\\\/\"},\"wordCount\":293,\"publisher\":{\"@id\":\"https:\\\/\\\/whatthefrance.org\\\/fr\\\/#organization\"},\"image\":{\"@id\":\"https:\\\/\\\/whatthefrance.org\\\/fr\\\/un-orchestre-a-soi-une-webserie-documentaire-qui-retrace-lhistoire-de-compositrices-emblematiques\\\/#primaryimage\"},\"thumbnailUrl\":\"https:\\\/\\\/whatthefrance.org\\\/wp-content\\\/uploads\\\/2024\\\/10\\\/PXL_20240921_144518626-1-300x225.jpg\",\"articleSection\":[\"Video\"],\"inLanguage\":\"fr-FR\"},{\"@type\":\"WebPage\",\"@id\":\"https:\\\/\\\/whatthefrance.org\\\/fr\\\/un-orchestre-a-soi-une-webserie-documentaire-qui-retrace-lhistoire-de-compositrices-emblematiques\\\/\",\"url\":\"https:\\\/\\\/whatthefrance.org\\\/fr\\\/un-orchestre-a-soi-une-webserie-documentaire-qui-retrace-lhistoire-de-compositrices-emblematiques\\\/\",\"name\":\"Un Orchestre \u00e0 soi : une webs\u00e9rie documentaire qui retrace l\u2019histoire de compositrices embl\u00e9matiques - What the France\",\"isPartOf\":{\"@id\":\"https:\\\/\\\/whatthefrance.org\\\/fr\\\/#website\"},\"primaryImageOfPage\":{\"@id\":\"https:\\\/\\\/whatthefrance.org\\\/fr\\\/un-orchestre-a-soi-une-webserie-documentaire-qui-retrace-lhistoire-de-compositrices-emblematiques\\\/#primaryimage\"},\"image\":{\"@id\":\"https:\\\/\\\/whatthefrance.org\\\/fr\\\/un-orchestre-a-soi-une-webserie-documentaire-qui-retrace-lhistoire-de-compositrices-emblematiques\\\/#primaryimage\"},\"thumbnailUrl\":\"https:\\\/\\\/whatthefrance.org\\\/wp-content\\\/uploads\\\/2024\\\/10\\\/PXL_20240921_144518626-1-300x225.jpg\",\"datePublished\":\"2024-10-10T09:54:32+00:00\",\"dateModified\":\"2024-10-10T13:57:22+00:00\",\"breadcrumb\":{\"@id\":\"https:\\\/\\\/whatthefrance.org\\\/fr\\\/un-orchestre-a-soi-une-webserie-documentaire-qui-retrace-lhistoire-de-compositrices-emblematiques\\\/#breadcrumb\"},\"inLanguage\":\"fr-FR\",\"potentialAction\":[{\"@type\":\"ReadAction\",\"target\":[\"https:\\\/\\\/whatthefrance.org\\\/fr\\\/un-orchestre-a-soi-une-webserie-documentaire-qui-retrace-lhistoire-de-compositrices-emblematiques\\\/\"]}]},{\"@type\":\"ImageObject\",\"inLanguage\":\"fr-FR\",\"@id\":\"https:\\\/\\\/whatthefrance.org\\\/fr\\\/un-orchestre-a-soi-une-webserie-documentaire-qui-retrace-lhistoire-de-compositrices-emblematiques\\\/#primaryimage\",\"url\":\"https:\\\/\\\/whatthefrance.org\\\/wp-content\\\/uploads\\\/2024\\\/10\\\/PXL_20240921_144518626-1-300x225.jpg\",\"contentUrl\":\"https:\\\/\\\/whatthefrance.org\\\/wp-content\\\/uploads\\\/2024\\\/10\\\/PXL_20240921_144518626-1-300x225.jpg\"},{\"@type\":\"BreadcrumbList\",\"@id\":\"https:\\\/\\\/whatthefrance.org\\\/fr\\\/un-orchestre-a-soi-une-webserie-documentaire-qui-retrace-lhistoire-de-compositrices-emblematiques\\\/#breadcrumb\",\"itemListElement\":[{\"@type\":\"ListItem\",\"position\":1,\"name\":\"Home\",\"item\":\"https:\\\/\\\/whatthefrance.org\\\/fr\\\/\"},{\"@type\":\"ListItem\",\"position\":2,\"name\":\"Un Orchestre \u00e0 soi : une webs\u00e9rie documentaire qui retrace l\u2019histoire de compositrices embl\u00e9matiques\"}]},{\"@type\":\"WebSite\",\"@id\":\"https:\\\/\\\/whatthefrance.org\\\/fr\\\/#website\",\"url\":\"https:\\\/\\\/whatthefrance.org\\\/fr\\\/\",\"name\":\"What the France\",\"description\":\"The finest music made in France !\",\"publisher\":{\"@id\":\"https:\\\/\\\/whatthefrance.org\\\/fr\\\/#organization\"},\"potentialAction\":[{\"@type\":\"SearchAction\",\"target\":{\"@type\":\"EntryPoint\",\"urlTemplate\":\"https:\\\/\\\/whatthefrance.org\\\/fr\\\/?s={search_term_string}\"},\"query-input\":{\"@type\":\"PropertyValueSpecification\",\"valueRequired\":true,\"valueName\":\"search_term_string\"}}],\"inLanguage\":\"fr-FR\"},{\"@type\":\"Organization\",\"@id\":\"https:\\\/\\\/whatthefrance.org\\\/fr\\\/#organization\",\"name\":\"What The France\",\"url\":\"https:\\\/\\\/whatthefrance.org\\\/fr\\\/\",\"logo\":{\"@type\":\"ImageObject\",\"inLanguage\":\"fr-FR\",\"@id\":\"https:\\\/\\\/whatthefrance.org\\\/fr\\\/#\\\/schema\\\/logo\\\/image\\\/\",\"url\":\"https:\\\/\\\/whatthefrance.org\\\/wp-content\\\/uploads\\\/2019\\\/12\\\/44688719_2251580388408837_694180218134331392_n-e1577679609190.png\",\"contentUrl\":\"https:\\\/\\\/whatthefrance.org\\\/wp-content\\\/uploads\\\/2019\\\/12\\\/44688719_2251580388408837_694180218134331392_n-e1577679609190.png\",\"width\":200,\"height\":200,\"caption\":\"What The France\"},\"image\":{\"@id\":\"https:\\\/\\\/whatthefrance.org\\\/fr\\\/#\\\/schema\\\/logo\\\/image\\\/\"}},{\"@type\":\"Person\",\"@id\":\"https:\\\/\\\/whatthefrance.org\\\/fr\\\/#\\\/schema\\\/person\\\/409f1eee0a2c94ed5ec0aa697e689d11\",\"name\":\"Aurelien Castello\",\"image\":{\"@type\":\"ImageObject\",\"inLanguage\":\"fr-FR\",\"@id\":\"https:\\\/\\\/secure.gravatar.com\\\/avatar\\\/a64e3c49e149502bc3920135147e21be7d3ce93fcb38ac6ca03da1ecdb178e19?s=96&d=mm&r=g\",\"url\":\"https:\\\/\\\/secure.gravatar.com\\\/avatar\\\/a64e3c49e149502bc3920135147e21be7d3ce93fcb38ac6ca03da1ecdb178e19?s=96&d=mm&r=g\",\"contentUrl\":\"https:\\\/\\\/secure.gravatar.com\\\/avatar\\\/a64e3c49e149502bc3920135147e21be7d3ce93fcb38ac6ca03da1ecdb178e19?s=96&d=mm&r=g\",\"caption\":\"Aurelien Castello\"}}]}<\/script>\n<!-- \/ Yoast SEO plugin. -->","yoast_head_json":{"title":"Un Orchestre \u00e0 soi : une webs\u00e9rie documentaire qui retrace l\u2019histoire de compositrices embl\u00e9matiques - What the France","robots":{"index":"index","follow":"follow","max-snippet":"max-snippet:-1","max-image-preview":"max-image-preview:large","max-video-preview":"max-video-preview:-1"},"canonical":"https:\/\/whatthefrance.org\/fr\/un-orchestre-a-soi-une-webserie-documentaire-qui-retrace-lhistoire-de-compositrices-emblematiques\/","og_locale":"fr_FR","og_type":"article","og_title":"Un Orchestre \u00e0 soi : une webs\u00e9rie documentaire qui retrace l\u2019histoire de compositrices embl\u00e9matiques - What the France","og_description":"D\u00e9couvrez la webs\u00e9rie documentaire issue de l\u2019installation musicale \u00ab\u00a0Un Orchestre \u00e0 soi\u00a0\u00bb, en partenariat avec le Centre National de la Musique (CNM) et What the France ! Une s\u00e9rie de capsules captivantes qui mettent \u00e0 l\u2019honneur des compositrices historiques souvent m\u00e9connues : des figures embl\u00e9matiques comme Hildegard von Bingen, Elisabeth Jacquet de la Guerre ou [&hellip;]","og_url":"https:\/\/whatthefrance.org\/fr\/un-orchestre-a-soi-une-webserie-documentaire-qui-retrace-lhistoire-de-compositrices-emblematiques\/","og_site_name":"What the France","article_published_time":"2024-10-10T09:54:32+00:00","article_modified_time":"2024-10-10T13:57:22+00:00","og_image":[{"url":"https:\/\/whatthefrance.org\/wp-content\/uploads\/2024\/10\/cover-un-orchestre-a-soi-1.png","height":452,"width":1084,"type":""},{"url":"https:\/\/whatthefrance.org\/wp-content\/uploads\/2024\/10\/PXL_20240921_144518626-1-300x225.jpg","type":"","width":"","height":""}],"author":"Aurelien Castello","twitter_card":"summary_large_image","twitter_misc":{"\u00c9crit par":"Aurelien Castello","Dur\u00e9e de lecture estim\u00e9e":"2 minutes"},"schema":{"@context":"https:\/\/schema.org","@graph":[{"@type":"Article","@id":"https:\/\/whatthefrance.org\/fr\/un-orchestre-a-soi-une-webserie-documentaire-qui-retrace-lhistoire-de-compositrices-emblematiques\/#article","isPartOf":{"@id":"https:\/\/whatthefrance.org\/fr\/un-orchestre-a-soi-une-webserie-documentaire-qui-retrace-lhistoire-de-compositrices-emblematiques\/"},"author":{"name":"Aurelien Castello","@id":"https:\/\/whatthefrance.org\/fr\/#\/schema\/person\/409f1eee0a2c94ed5ec0aa697e689d11"},"headline":"Un Orchestre \u00e0 soi : une webs\u00e9rie documentaire qui retrace l\u2019histoire de compositrices embl\u00e9matiques","datePublished":"2024-10-10T09:54:32+00:00","dateModified":"2024-10-10T13:57:22+00:00","mainEntityOfPage":{"@id":"https:\/\/whatthefrance.org\/fr\/un-orchestre-a-soi-une-webserie-documentaire-qui-retrace-lhistoire-de-compositrices-emblematiques\/"},"wordCount":293,"publisher":{"@id":"https:\/\/whatthefrance.org\/fr\/#organization"},"image":{"@id":"https:\/\/whatthefrance.org\/fr\/un-orchestre-a-soi-une-webserie-documentaire-qui-retrace-lhistoire-de-compositrices-emblematiques\/#primaryimage"},"thumbnailUrl":"https:\/\/whatthefrance.org\/wp-content\/uploads\/2024\/10\/PXL_20240921_144518626-1-300x225.jpg","articleSection":["Video"],"inLanguage":"fr-FR"},{"@type":"WebPage","@id":"https:\/\/whatthefrance.org\/fr\/un-orchestre-a-soi-une-webserie-documentaire-qui-retrace-lhistoire-de-compositrices-emblematiques\/","url":"https:\/\/whatthefrance.org\/fr\/un-orchestre-a-soi-une-webserie-documentaire-qui-retrace-lhistoire-de-compositrices-emblematiques\/","name":"Un Orchestre \u00e0 soi : une webs\u00e9rie documentaire qui retrace l\u2019histoire de compositrices embl\u00e9matiques - What the France","isPartOf":{"@id":"https:\/\/whatthefrance.org\/fr\/#website"},"primaryImageOfPage":{"@id":"https:\/\/whatthefrance.org\/fr\/un-orchestre-a-soi-une-webserie-documentaire-qui-retrace-lhistoire-de-compositrices-emblematiques\/#primaryimage"},"image":{"@id":"https:\/\/whatthefrance.org\/fr\/un-orchestre-a-soi-une-webserie-documentaire-qui-retrace-lhistoire-de-compositrices-emblematiques\/#primaryimage"},"thumbnailUrl":"https:\/\/whatthefrance.org\/wp-content\/uploads\/2024\/10\/PXL_20240921_144518626-1-300x225.jpg","datePublished":"2024-10-10T09:54:32+00:00","dateModified":"2024-10-10T13:57:22+00:00","breadcrumb":{"@id":"https:\/\/whatthefrance.org\/fr\/un-orchestre-a-soi-une-webserie-documentaire-qui-retrace-lhistoire-de-compositrices-emblematiques\/#breadcrumb"},"inLanguage":"fr-FR","potentialAction":[{"@type":"ReadAction","target":["https:\/\/whatthefrance.org\/fr\/un-orchestre-a-soi-une-webserie-documentaire-qui-retrace-lhistoire-de-compositrices-emblematiques\/"]}]},{"@type":"ImageObject","inLanguage":"fr-FR","@id":"https:\/\/whatthefrance.org\/fr\/un-orchestre-a-soi-une-webserie-documentaire-qui-retrace-lhistoire-de-compositrices-emblematiques\/#primaryimage","url":"https:\/\/whatthefrance.org\/wp-content\/uploads\/2024\/10\/PXL_20240921_144518626-1-300x225.jpg","contentUrl":"https:\/\/whatthefrance.org\/wp-content\/uploads\/2024\/10\/PXL_20240921_144518626-1-300x225.jpg"},{"@type":"BreadcrumbList","@id":"https:\/\/whatthefrance.org\/fr\/un-orchestre-a-soi-une-webserie-documentaire-qui-retrace-lhistoire-de-compositrices-emblematiques\/#breadcrumb","itemListElement":[{"@type":"ListItem","position":1,"name":"Home","item":"https:\/\/whatthefrance.org\/fr\/"},{"@type":"ListItem","position":2,"name":"Un Orchestre \u00e0 soi : une webs\u00e9rie documentaire qui retrace l\u2019histoire de compositrices embl\u00e9matiques"}]},{"@type":"WebSite","@id":"https:\/\/whatthefrance.org\/fr\/#website","url":"https:\/\/whatthefrance.org\/fr\/","name":"What the France","description":"The finest music made in France !","publisher":{"@id":"https:\/\/whatthefrance.org\/fr\/#organization"},"potentialAction":[{"@type":"SearchAction","target":{"@type":"EntryPoint","urlTemplate":"https:\/\/whatthefrance.org\/fr\/?s={search_term_string}"},"query-input":{"@type":"PropertyValueSpecification","valueRequired":true,"valueName":"search_term_string"}}],"inLanguage":"fr-FR"},{"@type":"Organization","@id":"https:\/\/whatthefrance.org\/fr\/#organization","name":"What The France","url":"https:\/\/whatthefrance.org\/fr\/","logo":{"@type":"ImageObject","inLanguage":"fr-FR","@id":"https:\/\/whatthefrance.org\/fr\/#\/schema\/logo\/image\/","url":"https:\/\/whatthefrance.org\/wp-content\/uploads\/2019\/12\/44688719_2251580388408837_694180218134331392_n-e1577679609190.png","contentUrl":"https:\/\/whatthefrance.org\/wp-content\/uploads\/2019\/12\/44688719_2251580388408837_694180218134331392_n-e1577679609190.png","width":200,"height":200,"caption":"What The France"},"image":{"@id":"https:\/\/whatthefrance.org\/fr\/#\/schema\/logo\/image\/"}},{"@type":"Person","@id":"https:\/\/whatthefrance.org\/fr\/#\/schema\/person\/409f1eee0a2c94ed5ec0aa697e689d11","name":"Aurelien Castello","image":{"@type":"ImageObject","inLanguage":"fr-FR","@id":"https:\/\/secure.gravatar.com\/avatar\/a64e3c49e149502bc3920135147e21be7d3ce93fcb38ac6ca03da1ecdb178e19?s=96&d=mm&r=g","url":"https:\/\/secure.gravatar.com\/avatar\/a64e3c49e149502bc3920135147e21be7d3ce93fcb38ac6ca03da1ecdb178e19?s=96&d=mm&r=g","contentUrl":"https:\/\/secure.gravatar.com\/avatar\/a64e3c49e149502bc3920135147e21be7d3ce93fcb38ac6ca03da1ecdb178e19?s=96&d=mm&r=g","caption":"Aurelien Castello"}}]}},"_links":{"self":[{"href":"https:\/\/whatthefrance.org\/fr\/wp-json\/wp\/v2\/posts\/73317","targetHints":{"allow":["GET"]}}],"collection":[{"href":"https:\/\/whatthefrance.org\/fr\/wp-json\/wp\/v2\/posts"}],"about":[{"href":"https:\/\/whatthefrance.org\/fr\/wp-json\/wp\/v2\/types\/post"}],"author":[{"embeddable":true,"href":"https:\/\/whatthefrance.org\/fr\/wp-json\/wp\/v2\/users\/52"}],"replies":[{"embeddable":true,"href":"https:\/\/whatthefrance.org\/fr\/wp-json\/wp\/v2\/comments?post=73317"}],"version-history":[{"count":2,"href":"https:\/\/whatthefrance.org\/fr\/wp-json\/wp\/v2\/posts\/73317\/revisions"}],"predecessor-version":[{"id":73339,"href":"https:\/\/whatthefrance.org\/fr\/wp-json\/wp\/v2\/posts\/73317\/revisions\/73339"}],"wp:attachment":[{"href":"https:\/\/whatthefrance.org\/fr\/wp-json\/wp\/v2\/media?parent=73317"}],"wp:term":[{"taxonomy":"category","embeddable":true,"href":"https:\/\/whatthefrance.org\/fr\/wp-json\/wp\/v2\/categories?post=73317"},{"taxonomy":"post_tag","embeddable":true,"href":"https:\/\/whatthefrance.org\/fr\/wp-json\/wp\/v2\/tags?post=73317"}],"curies":[{"name":"wp","href":"https:\/\/api.w.org\/{rel}","templated":true}]}}