{"id":73530,"date":"2025-01-14T12:31:05","date_gmt":"2025-01-14T11:31:05","guid":{"rendered":"https:\/\/whatthefrance.org\/?p=73530"},"modified":"2025-02-04T12:04:28","modified_gmt":"2025-02-04T11:04:28","slug":"nouvelle-vague-un-nouveau-single-et-une-playlist-exclusive","status":"publish","type":"post","link":"https:\/\/whatthefrance.org\/fr\/nouvelle-vague-un-nouveau-single-et-une-playlist-exclusive\/","title":{"rendered":"Nouvelle Vague | Un nouveau single et une playlist exclusive !"},"content":{"rendered":"<p><strong>Nouvelle Vague est un groupe fran\u00e7ais, originaire de Paris, form\u00e9 par Marc Collin et Olivier Libaux en 2003. Au fil des ans, plusieurs artistes reconnus sont pass\u00e9s dans les rangs de la formation, on peut notamment citer Clara Luciani, Camille, Yelle, Julien Dor\u00e9, Olivia Ruiz, C\u0153ur de Pirate, \u00c9lodie Fr\u00e9g\u00e9, M\u00e9lanie Pain, Phoebe Killdeer, Marina Celeste, Gerald Toto, Soko, Cocoon, Hugh Coltman, Nadeah, Helena Noguerra, Mareva Galanter ou Vanessa Paradis.<\/strong><\/p>\n<p>Le premier album \u00e9ponyme du groupe, qui voit le jour en 2004, s\u2019est depuis \u00e9coul\u00e9 \u00e0 plus d\u2019un million d\u2019exemplaires dans le monde. Deux ans plus tard, Nouvelle Vague livre l\u2019opus <em>Bande \u00e0 part, <\/em>confirmant au passage le succ\u00e8s de sa musique \u00e0 l\u2019export puisque ce disque apparait alors dans les classements des meilleures ventes d\u2019album de plusieurs pays en Europe, il sera notamment\u00a0 8<sup>\u00e8me<\/sup> au Portugal, 15<sup>\u00e8me<\/sup> en Allemagne ou 79<sup>\u00e8me<\/sup> au Royaume-Uni.\u00a0En 2009, la formation sort l\u2019album <em>3<\/em>, qui sera suivi des opus <em>Version Fran\u00e7aise<\/em> (2011), <em>Late Night Tales<\/em> (2012), <em>I Could Be Happy<\/em> (2016), Rarities et Curiosities (2019).<\/p>\n<p>Apr\u00e8s avoir c\u00e9l\u00e9br\u00e9 son vingti\u00e8me anniversaire avec la parution d\u2019un nouvel album, intitul\u00e9 <em>Should I Stay or Should I Go,<\/em> en f\u00e9vrier 2024, Nouvelle Vague a r\u00e9cemment d\u00e9voil\u00e9 successivement deux singles in\u00e9dits\u00a0: \u00ab\u00a0Bleu Comme toi\u00a0\u00bb interpr\u00e9t\u00e9 par Orlane, sorti au mois d\u2019aout et \u00ab\u00a0The Power Of love\u00a0\u00bb chant\u00e9 par Bobbie, qui est disponible depuis le 13 novembre dernier. La formation est actuellement en pleine tourn\u00e9e mondiale avec des dates en Belgique, au Portugal, en Croatie, au Mexique, aux Etats-Unis, au Canada et en Suisse.<\/p>\n<p>Avant de repartir se produire aux quatre coins du monde, Nouvelle Vague a fait une escale afin de\u00a0 concevoir pour What the France une playlist exclusive r\u00e9unissant quelques uns des ses coups de c\u0153ur \u00ab\u00a0made in France\u00a0\u00bb. Au programme, des titres sign\u00e9s<em> Bon Voyage Organisation, Catastrophe, Paradis, Chlo\u00e9, Aquaserge, Alice Lewis, JB Dunckel, Tshegue, Juniore, Paul et Louise, L\u2019ep\u00e9e, Limousine, Biche, David Shaw and The Beat, Gold Zebra, Gaspard Aug\u00e9, Carte Contact, Sarah Maison, Mansfield.TYA, Plaisir de France, Lucie Antunes, Fred Pallem, S\u00e9verin, Lonny, Marine Qu\u00e9m\u00e9r\u00e9, Julia Jean Baptiste, P\u00e2le Regard, Tentative, Calypso Valois ou Sumac Dub.<\/em><\/p>\n<p>&nbsp;<\/p>\n<div class=\"playListBloc singleBloc\"><div class=\"playListBloc-wrap\">    <div class=\"thumbnail\"><img data-src=\"https:\/\/whatthefrance.org\/wp-content\/uploads\/2025\/01\/a_made_in_france_selection_by_nouvelle-vague-254x254.png\" class=\"lazyload\" alt=\"a_made_in_france_selection_by_nouvelle-vague\" \/>    <\/div>    <div class=\"infos\">        <span class=\"tag\">Curators<\/span>        <h2>A made in France selection by Nouvelle Vague<\/h2>        <span class=\"separator\"><\/span>       <span class=\"desc\">Listen to a selection of made in France tracks curated by Nouvelle Vague.<\/span><div class=\"share flex flexAlignCenter \">\t<span class=\"label\">Partager<\/span>\t<a href=\"https:\/\/www.facebook.com\/sharer\/sharer.php?u=https:\/\/whatthefrance.org\/fr\/playlists\/a-made-in-france-selection-by-maxence-cyrin-2\/\" class=\"facebook\" target=\"_blank\" rel=\"noreferrer\">Facebook<\/a>\t<a href=\"https:\/\/twitter.com\/intent\/tweet?url=https:\/\/whatthefrance.org\/fr\/playlists\/a-made-in-france-selection-by-maxence-cyrin-2\/&text=A+made+in+France+selection+by+Nouvelle+Vague&hashtags=WTF\" class=\"twitter\" target=\"_blank\" rel=\"noreferrer\">Twitter<\/a>\t<a href=\"mailto:?subject=What%20the%20France%20%3A%20A%20made%20in%20France%20selection%20by%20Nouvelle%20Vague&body=https:\/\/whatthefrance.org\/fr\/playlists\/a-made-in-france-selection-by-maxence-cyrin-2\/\" class=\"mail\" target=\"_blank\" rel=\"noreferrer\">Email<\/a><\/div>        <a href=\"#\" class=\"btn btnPlaylist orange playlist-click\" data-id=\"73520\">            <svg version=\"1.1\" x=\"0px\" y=\"0px\" width=\"40px\" height=\"40px\" viewBox=\"0 0 213.7 213.7\" enable-background=\"new 0 0 213.7 213.7\" xml:space=\"preserve\">                <polygon class=\"triangle\" fill=\"none\" stroke-width=\"10\" stroke-linecap=\"round\" stroke-linejoin=\"round\" stroke-miterlimit=\"10\" points=\"\n            73.5,62.5 148.5,105.8 73.5,149.1 \"\/>                <circle class=\"circle\" fill=\"none\"  stroke-width=\"8\" stroke-linecap=\"round\" stroke-linejoin=\"round\" stroke-miterlimit=\"10\" cx=\"106.8\" cy=\"106.8\" r=\"103.3\"\/>                <circle class=\"circle-white\" fill=\"none\"  stroke-width=\"8\" stroke-linecap=\"round\" stroke-linejoin=\"round\" stroke-miterlimit=\"10\" cx=\"106.8\" cy=\"106.8\" r=\"103.3\"\/>            <\/svg>Ecouter        <\/a>    <\/div>  <\/div><\/div>\n","protected":false},"excerpt":{"rendered":"<p>Nouvelle Vague est un groupe fran\u00e7ais, originaire de Paris, form\u00e9 par Marc Collin et Olivier Libaux en 2003. Au fil des ans, plusieurs artistes reconnus sont pass\u00e9s dans les rangs de la formation, on peut notamment citer Clara Luciani, Camille, Yelle, Julien Dor\u00e9, Olivia Ruiz, C\u0153ur de Pirate, \u00c9lodie Fr\u00e9g\u00e9, M\u00e9lanie Pain, Phoebe Killdeer, Marina [&hellip;]<\/p>\n","protected":false},"author":52,"featured_media":0,"comment_status":"closed","ping_status":"closed","sticky":false,"template":"","format":"standard","meta":{"_acf_changed":false,"footnotes":""},"categories":[300,206],"tags":[1560,307,340,3025,359],"class_list":["post-73530","post","type-post","status-publish","format-standard","hentry","category-playlist-curator-fr","category-playlist-fr","tag-bossa-nova-fr","tag-chanson-fr","tag-pop-fr","tag-pop-folk-fr","tag-variety-fr"],"acf":[],"yoast_head":"<!-- This site is optimized with the Yoast SEO plugin v27.3 - https:\/\/yoast.com\/product\/yoast-seo-wordpress\/ -->\n<title>Nouvelle Vague | Un nouveau single et une playlist exclusive ! - What the France<\/title>\n<meta name=\"robots\" content=\"index, follow, max-snippet:-1, max-image-preview:large, max-video-preview:-1\" \/>\n<link rel=\"canonical\" href=\"https:\/\/whatthefrance.org\/fr\/nouvelle-vague-un-nouveau-single-et-une-playlist-exclusive\/\" \/>\n<meta property=\"og:locale\" content=\"fr_FR\" \/>\n<meta property=\"og:type\" content=\"article\" \/>\n<meta property=\"og:title\" content=\"Nouvelle Vague | Un nouveau single et une playlist exclusive ! - What the France\" \/>\n<meta property=\"og:description\" content=\"Nouvelle Vague est un groupe fran\u00e7ais, originaire de Paris, form\u00e9 par Marc Collin et Olivier Libaux en 2003. Au fil des ans, plusieurs artistes reconnus sont pass\u00e9s dans les rangs de la formation, on peut notamment citer Clara Luciani, Camille, Yelle, Julien Dor\u00e9, Olivia Ruiz, C\u0153ur de Pirate, \u00c9lodie Fr\u00e9g\u00e9, M\u00e9lanie Pain, Phoebe Killdeer, Marina [&hellip;]\" \/>\n<meta property=\"og:url\" content=\"https:\/\/whatthefrance.org\/fr\/nouvelle-vague-un-nouveau-single-et-une-playlist-exclusive\/\" \/>\n<meta property=\"og:site_name\" content=\"What the France\" \/>\n<meta property=\"article:published_time\" content=\"2025-01-14T11:31:05+00:00\" \/>\n<meta property=\"article:modified_time\" content=\"2025-02-04T11:04:28+00:00\" \/>\n<meta property=\"og:image\" content=\"https:\/\/whatthefrance.org\/wp-content\/uploads\/2025\/01\/nouvelle-vague.jpg\" \/>\n\t<meta property=\"og:image:width\" content=\"1084\" \/>\n\t<meta property=\"og:image:height\" content=\"452\" \/>\n<meta name=\"author\" content=\"Aurelien Castello\" \/>\n<meta name=\"twitter:card\" content=\"summary_large_image\" \/>\n<meta name=\"twitter:label1\" content=\"\u00c9crit par\" \/>\n\t<meta name=\"twitter:data1\" content=\"Aurelien Castello\" \/>\n\t<meta name=\"twitter:label2\" content=\"Dur\u00e9e de lecture estim\u00e9e\" \/>\n\t<meta name=\"twitter:data2\" content=\"2 minutes\" \/>\n<script type=\"application\/ld+json\" class=\"yoast-schema-graph\">{\"@context\":\"https:\\\/\\\/schema.org\",\"@graph\":[{\"@type\":\"Article\",\"@id\":\"https:\\\/\\\/whatthefrance.org\\\/fr\\\/nouvelle-vague-un-nouveau-single-et-une-playlist-exclusive\\\/#article\",\"isPartOf\":{\"@id\":\"https:\\\/\\\/whatthefrance.org\\\/fr\\\/nouvelle-vague-un-nouveau-single-et-une-playlist-exclusive\\\/\"},\"author\":{\"name\":\"Aurelien Castello\",\"@id\":\"https:\\\/\\\/whatthefrance.org\\\/fr\\\/#\\\/schema\\\/person\\\/409f1eee0a2c94ed5ec0aa697e689d11\"},\"headline\":\"Nouvelle Vague | Un nouveau single et une playlist exclusive !\",\"datePublished\":\"2025-01-14T11:31:05+00:00\",\"dateModified\":\"2025-02-04T11:04:28+00:00\",\"mainEntityOfPage\":{\"@id\":\"https:\\\/\\\/whatthefrance.org\\\/fr\\\/nouvelle-vague-un-nouveau-single-et-une-playlist-exclusive\\\/\"},\"wordCount\":388,\"publisher\":{\"@id\":\"https:\\\/\\\/whatthefrance.org\\\/fr\\\/#organization\"},\"keywords\":[\"Bossa Nova\",\"Chanson\",\"Pop\",\"Pop Folk\",\"Variety\"],\"articleSection\":[\"Curator\",\"Playlist\"],\"inLanguage\":\"fr-FR\"},{\"@type\":\"WebPage\",\"@id\":\"https:\\\/\\\/whatthefrance.org\\\/fr\\\/nouvelle-vague-un-nouveau-single-et-une-playlist-exclusive\\\/\",\"url\":\"https:\\\/\\\/whatthefrance.org\\\/fr\\\/nouvelle-vague-un-nouveau-single-et-une-playlist-exclusive\\\/\",\"name\":\"Nouvelle Vague | Un nouveau single et une playlist exclusive ! - What the France\",\"isPartOf\":{\"@id\":\"https:\\\/\\\/whatthefrance.org\\\/fr\\\/#website\"},\"datePublished\":\"2025-01-14T11:31:05+00:00\",\"dateModified\":\"2025-02-04T11:04:28+00:00\",\"breadcrumb\":{\"@id\":\"https:\\\/\\\/whatthefrance.org\\\/fr\\\/nouvelle-vague-un-nouveau-single-et-une-playlist-exclusive\\\/#breadcrumb\"},\"inLanguage\":\"fr-FR\",\"potentialAction\":[{\"@type\":\"ReadAction\",\"target\":[\"https:\\\/\\\/whatthefrance.org\\\/fr\\\/nouvelle-vague-un-nouveau-single-et-une-playlist-exclusive\\\/\"]}]},{\"@type\":\"BreadcrumbList\",\"@id\":\"https:\\\/\\\/whatthefrance.org\\\/fr\\\/nouvelle-vague-un-nouveau-single-et-une-playlist-exclusive\\\/#breadcrumb\",\"itemListElement\":[{\"@type\":\"ListItem\",\"position\":1,\"name\":\"Home\",\"item\":\"https:\\\/\\\/whatthefrance.org\\\/fr\\\/\"},{\"@type\":\"ListItem\",\"position\":2,\"name\":\"Nouvelle Vague | Un nouveau single et une playlist exclusive !\"}]},{\"@type\":\"WebSite\",\"@id\":\"https:\\\/\\\/whatthefrance.org\\\/fr\\\/#website\",\"url\":\"https:\\\/\\\/whatthefrance.org\\\/fr\\\/\",\"name\":\"What the France\",\"description\":\"The finest music made in France !\",\"publisher\":{\"@id\":\"https:\\\/\\\/whatthefrance.org\\\/fr\\\/#organization\"},\"potentialAction\":[{\"@type\":\"SearchAction\",\"target\":{\"@type\":\"EntryPoint\",\"urlTemplate\":\"https:\\\/\\\/whatthefrance.org\\\/fr\\\/?s={search_term_string}\"},\"query-input\":{\"@type\":\"PropertyValueSpecification\",\"valueRequired\":true,\"valueName\":\"search_term_string\"}}],\"inLanguage\":\"fr-FR\"},{\"@type\":\"Organization\",\"@id\":\"https:\\\/\\\/whatthefrance.org\\\/fr\\\/#organization\",\"name\":\"What The France\",\"url\":\"https:\\\/\\\/whatthefrance.org\\\/fr\\\/\",\"logo\":{\"@type\":\"ImageObject\",\"inLanguage\":\"fr-FR\",\"@id\":\"https:\\\/\\\/whatthefrance.org\\\/fr\\\/#\\\/schema\\\/logo\\\/image\\\/\",\"url\":\"https:\\\/\\\/whatthefrance.org\\\/wp-content\\\/uploads\\\/2019\\\/12\\\/44688719_2251580388408837_694180218134331392_n-e1577679609190.png\",\"contentUrl\":\"https:\\\/\\\/whatthefrance.org\\\/wp-content\\\/uploads\\\/2019\\\/12\\\/44688719_2251580388408837_694180218134331392_n-e1577679609190.png\",\"width\":200,\"height\":200,\"caption\":\"What The France\"},\"image\":{\"@id\":\"https:\\\/\\\/whatthefrance.org\\\/fr\\\/#\\\/schema\\\/logo\\\/image\\\/\"}},{\"@type\":\"Person\",\"@id\":\"https:\\\/\\\/whatthefrance.org\\\/fr\\\/#\\\/schema\\\/person\\\/409f1eee0a2c94ed5ec0aa697e689d11\",\"name\":\"Aurelien Castello\",\"image\":{\"@type\":\"ImageObject\",\"inLanguage\":\"fr-FR\",\"@id\":\"https:\\\/\\\/secure.gravatar.com\\\/avatar\\\/a64e3c49e149502bc3920135147e21be7d3ce93fcb38ac6ca03da1ecdb178e19?s=96&d=mm&r=g\",\"url\":\"https:\\\/\\\/secure.gravatar.com\\\/avatar\\\/a64e3c49e149502bc3920135147e21be7d3ce93fcb38ac6ca03da1ecdb178e19?s=96&d=mm&r=g\",\"contentUrl\":\"https:\\\/\\\/secure.gravatar.com\\\/avatar\\\/a64e3c49e149502bc3920135147e21be7d3ce93fcb38ac6ca03da1ecdb178e19?s=96&d=mm&r=g\",\"caption\":\"Aurelien Castello\"}}]}<\/script>\n<!-- \/ Yoast SEO plugin. -->","yoast_head_json":{"title":"Nouvelle Vague | Un nouveau single et une playlist exclusive ! - What the France","robots":{"index":"index","follow":"follow","max-snippet":"max-snippet:-1","max-image-preview":"max-image-preview:large","max-video-preview":"max-video-preview:-1"},"canonical":"https:\/\/whatthefrance.org\/fr\/nouvelle-vague-un-nouveau-single-et-une-playlist-exclusive\/","og_locale":"fr_FR","og_type":"article","og_title":"Nouvelle Vague | Un nouveau single et une playlist exclusive ! - What the France","og_description":"Nouvelle Vague est un groupe fran\u00e7ais, originaire de Paris, form\u00e9 par Marc Collin et Olivier Libaux en 2003. Au fil des ans, plusieurs artistes reconnus sont pass\u00e9s dans les rangs de la formation, on peut notamment citer Clara Luciani, Camille, Yelle, Julien Dor\u00e9, Olivia Ruiz, C\u0153ur de Pirate, \u00c9lodie Fr\u00e9g\u00e9, M\u00e9lanie Pain, Phoebe Killdeer, Marina [&hellip;]","og_url":"https:\/\/whatthefrance.org\/fr\/nouvelle-vague-un-nouveau-single-et-une-playlist-exclusive\/","og_site_name":"What the France","article_published_time":"2025-01-14T11:31:05+00:00","article_modified_time":"2025-02-04T11:04:28+00:00","og_image":[{"url":"https:\/\/whatthefrance.org\/wp-content\/uploads\/2025\/01\/nouvelle-vague.jpg","height":452,"width":1084,"type":""}],"author":"Aurelien Castello","twitter_card":"summary_large_image","twitter_misc":{"\u00c9crit par":"Aurelien Castello","Dur\u00e9e de lecture estim\u00e9e":"2 minutes"},"schema":{"@context":"https:\/\/schema.org","@graph":[{"@type":"Article","@id":"https:\/\/whatthefrance.org\/fr\/nouvelle-vague-un-nouveau-single-et-une-playlist-exclusive\/#article","isPartOf":{"@id":"https:\/\/whatthefrance.org\/fr\/nouvelle-vague-un-nouveau-single-et-une-playlist-exclusive\/"},"author":{"name":"Aurelien Castello","@id":"https:\/\/whatthefrance.org\/fr\/#\/schema\/person\/409f1eee0a2c94ed5ec0aa697e689d11"},"headline":"Nouvelle Vague | Un nouveau single et une playlist exclusive !","datePublished":"2025-01-14T11:31:05+00:00","dateModified":"2025-02-04T11:04:28+00:00","mainEntityOfPage":{"@id":"https:\/\/whatthefrance.org\/fr\/nouvelle-vague-un-nouveau-single-et-une-playlist-exclusive\/"},"wordCount":388,"publisher":{"@id":"https:\/\/whatthefrance.org\/fr\/#organization"},"keywords":["Bossa Nova","Chanson","Pop","Pop Folk","Variety"],"articleSection":["Curator","Playlist"],"inLanguage":"fr-FR"},{"@type":"WebPage","@id":"https:\/\/whatthefrance.org\/fr\/nouvelle-vague-un-nouveau-single-et-une-playlist-exclusive\/","url":"https:\/\/whatthefrance.org\/fr\/nouvelle-vague-un-nouveau-single-et-une-playlist-exclusive\/","name":"Nouvelle Vague | Un nouveau single et une playlist exclusive ! - What the France","isPartOf":{"@id":"https:\/\/whatthefrance.org\/fr\/#website"},"datePublished":"2025-01-14T11:31:05+00:00","dateModified":"2025-02-04T11:04:28+00:00","breadcrumb":{"@id":"https:\/\/whatthefrance.org\/fr\/nouvelle-vague-un-nouveau-single-et-une-playlist-exclusive\/#breadcrumb"},"inLanguage":"fr-FR","potentialAction":[{"@type":"ReadAction","target":["https:\/\/whatthefrance.org\/fr\/nouvelle-vague-un-nouveau-single-et-une-playlist-exclusive\/"]}]},{"@type":"BreadcrumbList","@id":"https:\/\/whatthefrance.org\/fr\/nouvelle-vague-un-nouveau-single-et-une-playlist-exclusive\/#breadcrumb","itemListElement":[{"@type":"ListItem","position":1,"name":"Home","item":"https:\/\/whatthefrance.org\/fr\/"},{"@type":"ListItem","position":2,"name":"Nouvelle Vague | Un nouveau single et une playlist exclusive !"}]},{"@type":"WebSite","@id":"https:\/\/whatthefrance.org\/fr\/#website","url":"https:\/\/whatthefrance.org\/fr\/","name":"What the France","description":"The finest music made in France !","publisher":{"@id":"https:\/\/whatthefrance.org\/fr\/#organization"},"potentialAction":[{"@type":"SearchAction","target":{"@type":"EntryPoint","urlTemplate":"https:\/\/whatthefrance.org\/fr\/?s={search_term_string}"},"query-input":{"@type":"PropertyValueSpecification","valueRequired":true,"valueName":"search_term_string"}}],"inLanguage":"fr-FR"},{"@type":"Organization","@id":"https:\/\/whatthefrance.org\/fr\/#organization","name":"What The France","url":"https:\/\/whatthefrance.org\/fr\/","logo":{"@type":"ImageObject","inLanguage":"fr-FR","@id":"https:\/\/whatthefrance.org\/fr\/#\/schema\/logo\/image\/","url":"https:\/\/whatthefrance.org\/wp-content\/uploads\/2019\/12\/44688719_2251580388408837_694180218134331392_n-e1577679609190.png","contentUrl":"https:\/\/whatthefrance.org\/wp-content\/uploads\/2019\/12\/44688719_2251580388408837_694180218134331392_n-e1577679609190.png","width":200,"height":200,"caption":"What The France"},"image":{"@id":"https:\/\/whatthefrance.org\/fr\/#\/schema\/logo\/image\/"}},{"@type":"Person","@id":"https:\/\/whatthefrance.org\/fr\/#\/schema\/person\/409f1eee0a2c94ed5ec0aa697e689d11","name":"Aurelien Castello","image":{"@type":"ImageObject","inLanguage":"fr-FR","@id":"https:\/\/secure.gravatar.com\/avatar\/a64e3c49e149502bc3920135147e21be7d3ce93fcb38ac6ca03da1ecdb178e19?s=96&d=mm&r=g","url":"https:\/\/secure.gravatar.com\/avatar\/a64e3c49e149502bc3920135147e21be7d3ce93fcb38ac6ca03da1ecdb178e19?s=96&d=mm&r=g","contentUrl":"https:\/\/secure.gravatar.com\/avatar\/a64e3c49e149502bc3920135147e21be7d3ce93fcb38ac6ca03da1ecdb178e19?s=96&d=mm&r=g","caption":"Aurelien Castello"}}]}},"_links":{"self":[{"href":"https:\/\/whatthefrance.org\/fr\/wp-json\/wp\/v2\/posts\/73530","targetHints":{"allow":["GET"]}}],"collection":[{"href":"https:\/\/whatthefrance.org\/fr\/wp-json\/wp\/v2\/posts"}],"about":[{"href":"https:\/\/whatthefrance.org\/fr\/wp-json\/wp\/v2\/types\/post"}],"author":[{"embeddable":true,"href":"https:\/\/whatthefrance.org\/fr\/wp-json\/wp\/v2\/users\/52"}],"replies":[{"embeddable":true,"href":"https:\/\/whatthefrance.org\/fr\/wp-json\/wp\/v2\/comments?post=73530"}],"version-history":[{"count":5,"href":"https:\/\/whatthefrance.org\/fr\/wp-json\/wp\/v2\/posts\/73530\/revisions"}],"predecessor-version":[{"id":73547,"href":"https:\/\/whatthefrance.org\/fr\/wp-json\/wp\/v2\/posts\/73530\/revisions\/73547"}],"wp:attachment":[{"href":"https:\/\/whatthefrance.org\/fr\/wp-json\/wp\/v2\/media?parent=73530"}],"wp:term":[{"taxonomy":"category","embeddable":true,"href":"https:\/\/whatthefrance.org\/fr\/wp-json\/wp\/v2\/categories?post=73530"},{"taxonomy":"post_tag","embeddable":true,"href":"https:\/\/whatthefrance.org\/fr\/wp-json\/wp\/v2\/tags?post=73530"}],"curies":[{"name":"wp","href":"https:\/\/api.w.org\/{rel}","templated":true}]}}