{"id":73639,"date":"2025-02-04T11:46:28","date_gmt":"2025-02-04T10:46:28","guid":{"rendered":"https:\/\/whatthefrance.org\/?p=73639"},"modified":"2025-02-04T14:45:56","modified_gmt":"2025-02-04T13:45:56","slug":"grammy-awards-2025-justice-et-gojira-recompenses","status":"publish","type":"post","link":"https:\/\/whatthefrance.org\/fr\/grammy-awards-2025-justice-et-gojira-recompenses\/","title":{"rendered":"GRAMMY Awards 2025 | Justice et Gojira r\u00e9compens\u00e9s !"},"content":{"rendered":"<p class=\"x_MsoNormal\"><span data-olk-copy-source=\"MessageBody\">La c\u00e9r\u00e9monie de remise des GRAMMY Awards \u00e9tait retransmise en direct ce dimanche 2 f\u00e9vrier 2025 depuis la Cypto.com Arena de Los Angeles. A cette\u00a0 occasion, le duo fran\u00e7ais\u00a0<span class=\"markbl6phpwa2\" data-markjs=\"true\" data-ogac=\"\" data-ogab=\"\" data-ogsc=\"\" data-ogsb=\"\">Justice<\/span>\u00a0a remport\u00e9 le GRAMMY Award du \u00ab\u00a0meilleur titre dance\/\u00e9lectronique\u00a0\u00bb pour leur morceau \u00ab\u00a0Neverender\u00a0\u00bb, sur lequel ils ont collabor\u00e9 avec l\u2019artiste Tame Impala. C\u2019est donc leur troisi\u00e8me r\u00e9compense, rappelons que\u00a0<span class=\"markbl6phpwa2\" data-markjs=\"true\" data-ogac=\"\" data-ogab=\"\" data-ogsc=\"\" data-ogsb=\"\">Justice<\/span>\u00a0avait d\u00e9j\u00e0 remport\u00e9 un premier prix en 2009 dans la cat\u00e9gorie \u00ab\u00a0meilleur remix\u00a0\u00bb pour leur version du titre \u00ab\u00a0Electric Feel\u00a0\u00bb de MGMT, suivi d\u2019un second en 2019, dans la cat\u00e9gorie \u00ab\u00a0meilleur album dance\/\u00e9lectronique\u00a0\u00bb avec\u00a0<i>Woman worldwide<\/i>.<\/span><\/p>\n<p><iframe loading=\"lazy\" title=\"Justice \u2013 Neverender (Starring Tame Impala) (Official Video)\" width=\"500\" height=\"281\" src=\"https:\/\/www.youtube.com\/embed\/E7FU_mqhFGk?feature=oembed\" frameborder=\"0\" allow=\"accelerometer; autoplay; clipboard-write; encrypted-media; gyroscope; picture-in-picture; web-share\" referrerpolicy=\"strict-origin-when-cross-origin\" allowfullscreen><\/iframe><\/p>\n<p class=\"x_MsoNormal\">De son c\u00f4t\u00e9, le groupe de m\u00e9tal fran\u00e7ais Gojira est reparti cette nuit avec son premier GRAMMY Award pour le titre \u00ab Mea Culpa (Ah ! \u00c7a ira !) \u00bb. Ce prix prestigieux vient r\u00e9compenser leur performance r\u00e9volutionnaire avec la chanteuse lyrique Marina Viotti et le compositeur Victor Le Masne lors de la c\u00e9r\u00e9monie d\u2019ouverture des JO de Paris l\u2019\u00e9t\u00e9 dernier. A noter que ce morceau est depuis sorti au format single et totalise \u00e0 pr\u00e9sent plus de 9,8 millions de streams sur Spotify.<\/p>\n<p><iframe loading=\"lazy\" title=\"Gojira - Mea Culpa (Ah! \u00c7a ira!) [OFFICIAL VIDEO]\" width=\"500\" height=\"281\" src=\"https:\/\/www.youtube.com\/embed\/5hTMYk7orHw?feature=oembed\" frameborder=\"0\" allow=\"accelerometer; autoplay; clipboard-write; encrypted-media; gyroscope; picture-in-picture; web-share\" referrerpolicy=\"strict-origin-when-cross-origin\" allowfullscreen><\/iframe><\/p>\n<p class=\"x_MsoNormal\"><span lang=\"EN-US\">Retrouvez\u00a0<span class=\"markbl6phpwa2\" data-markjs=\"true\" data-ogac=\"\" data-ogab=\"\" data-ogsc=\"\" data-ogsb=\"\">Justice<\/span>\u00a0en couverture de notre playlist \u201cFrench Touch 2.0\u201d et Gojira en couverture de notre playlist \u201cRock Around The Eiffel\u201d.<\/span><\/p>\n<p class=\"x_MsoNormal\"><div class=\"playListBloc singleBloc\"><div class=\"playListBloc-wrap\">    <div class=\"thumbnail\"><img data-src=\"https:\/\/whatthefrance.org\/wp-content\/uploads\/2018\/11\/WTF-Pochettes_rock_8-2-254x254.jpg\" class=\"lazyload\" alt=\"WTF&#8212;Pochettes_rock_8\" \/>    <\/div>    <div class=\"infos\">        <span class=\"tag\">Genres<\/span>        <h2>Rock around the Eiffel<\/h2>        <span class=\"separator\"><\/span>       <span class=\"desc\">Discover the latest rock hits made in France.<\/span><div class=\"share flex flexAlignCenter \">\t<span class=\"label\">Partager<\/span>\t<a href=\"https:\/\/www.facebook.com\/sharer\/sharer.php?u=https:\/\/whatthefrance.org\/playlists\/rock-around-the-eiffel\/\" class=\"facebook\" target=\"_blank\" rel=\"noreferrer\">Facebook<\/a>\t<a href=\"https:\/\/twitter.com\/intent\/tweet?url=https:\/\/whatthefrance.org\/playlists\/rock-around-the-eiffel\/&text=Rock+around+the+Eiffel&hashtags=WTF\" class=\"twitter\" target=\"_blank\" rel=\"noreferrer\">Twitter<\/a>\t<a href=\"mailto:?subject=What%20the%20France%20%3A%20Rock%20around%20the%20Eiffel&body=https:\/\/whatthefrance.org\/playlists\/rock-around-the-eiffel\/\" class=\"mail\" target=\"_blank\" rel=\"noreferrer\">Email<\/a><\/div>        <a href=\"#\" class=\"btn btnPlaylist orange playlist-click\" data-id=\"901\">            <svg version=\"1.1\" x=\"0px\" y=\"0px\" width=\"40px\" height=\"40px\" viewBox=\"0 0 213.7 213.7\" enable-background=\"new 0 0 213.7 213.7\" xml:space=\"preserve\">                <polygon class=\"triangle\" fill=\"none\" stroke-width=\"10\" stroke-linecap=\"round\" stroke-linejoin=\"round\" stroke-miterlimit=\"10\" points=\"\n            73.5,62.5 148.5,105.8 73.5,149.1 \"\/>                <circle class=\"circle\" fill=\"none\"  stroke-width=\"8\" stroke-linecap=\"round\" stroke-linejoin=\"round\" stroke-miterlimit=\"10\" cx=\"106.8\" cy=\"106.8\" r=\"103.3\"\/>                <circle class=\"circle-white\" fill=\"none\"  stroke-width=\"8\" stroke-linecap=\"round\" stroke-linejoin=\"round\" stroke-miterlimit=\"10\" cx=\"106.8\" cy=\"106.8\" r=\"103.3\"\/>            <\/svg>Ecouter        <\/a>    <\/div>  <\/div><\/div><\/p>\n<p class=\"x_MsoNormal\"><div class=\"playListBloc singleBloc\"><div class=\"playListBloc-wrap\">    <div class=\"thumbnail\"><img data-src=\"https:\/\/whatthefrance.org\/wp-content\/uploads\/2018\/11\/WTF-Pochettes_french_touch_5-254x254.jpg\" class=\"lazyload\" alt=\"WTF&#8212;Pochettes_french_touch_5\" \/>    <\/div>    <div class=\"infos\">        <span class=\"tag\">Genres<\/span>        <h2>French Touch 2.0<\/h2>        <span class=\"separator\"><\/span>       <span class=\"desc\">Get your hands on the latest electronic music hits made in France.<\/span><div class=\"share flex flexAlignCenter \">\t<span class=\"label\">Partager<\/span>\t<a href=\"https:\/\/www.facebook.com\/sharer\/sharer.php?u=https:\/\/whatthefrance.org\/playlists\/french-touch-2-0\/\" class=\"facebook\" target=\"_blank\" rel=\"noreferrer\">Facebook<\/a>\t<a href=\"https:\/\/twitter.com\/intent\/tweet?url=https:\/\/whatthefrance.org\/playlists\/french-touch-2-0\/&text=French+Touch+2.0&hashtags=WTF\" class=\"twitter\" target=\"_blank\" rel=\"noreferrer\">Twitter<\/a>\t<a href=\"mailto:?subject=What%20the%20France%20%3A%20French%20Touch%202.0&body=https:\/\/whatthefrance.org\/playlists\/french-touch-2-0\/\" class=\"mail\" target=\"_blank\" rel=\"noreferrer\">Email<\/a><\/div>        <a href=\"#\" class=\"btn btnPlaylist orange playlist-click\" data-id=\"914\">            <svg version=\"1.1\" x=\"0px\" y=\"0px\" width=\"40px\" height=\"40px\" viewBox=\"0 0 213.7 213.7\" enable-background=\"new 0 0 213.7 213.7\" xml:space=\"preserve\">                <polygon class=\"triangle\" fill=\"none\" stroke-width=\"10\" stroke-linecap=\"round\" stroke-linejoin=\"round\" stroke-miterlimit=\"10\" points=\"\n            73.5,62.5 148.5,105.8 73.5,149.1 \"\/>                <circle class=\"circle\" fill=\"none\"  stroke-width=\"8\" stroke-linecap=\"round\" stroke-linejoin=\"round\" stroke-miterlimit=\"10\" cx=\"106.8\" cy=\"106.8\" r=\"103.3\"\/>                <circle class=\"circle-white\" fill=\"none\"  stroke-width=\"8\" stroke-linecap=\"round\" stroke-linejoin=\"round\" stroke-miterlimit=\"10\" cx=\"106.8\" cy=\"106.8\" r=\"103.3\"\/>            <\/svg>Ecouter        <\/a>    <\/div>  <\/div><\/div><\/p>\n","protected":false},"excerpt":{"rendered":"<p>La c\u00e9r\u00e9monie de remise des GRAMMY Awards \u00e9tait retransmise en direct ce dimanche 2 f\u00e9vrier 2025 depuis la Cypto.com Arena de Los Angeles. A cette\u00a0 occasion, le duo fran\u00e7ais\u00a0Justice\u00a0a remport\u00e9 le GRAMMY Award du \u00ab\u00a0meilleur titre dance\/\u00e9lectronique\u00a0\u00bb pour leur morceau \u00ab\u00a0Neverender\u00a0\u00bb, sur lequel ils ont collabor\u00e9 avec l\u2019artiste Tame Impala. C\u2019est donc leur troisi\u00e8me r\u00e9compense, [&hellip;]<\/p>\n","protected":false},"author":52,"featured_media":0,"comment_status":"closed","ping_status":"closed","sticky":false,"template":"","format":"standard","meta":{"_acf_changed":false,"footnotes":""},"categories":[203],"tags":[],"class_list":["post-73639","post","type-post","status-publish","format-standard","hentry","category-award-fr"],"acf":[],"yoast_head":"<!-- This site is optimized with the Yoast SEO plugin v27.3 - https:\/\/yoast.com\/product\/yoast-seo-wordpress\/ -->\n<title>GRAMMY Awards 2025 | Justice et Gojira r\u00e9compens\u00e9s ! - What the France<\/title>\n<meta name=\"robots\" content=\"index, follow, max-snippet:-1, max-image-preview:large, max-video-preview:-1\" \/>\n<link rel=\"canonical\" href=\"https:\/\/whatthefrance.org\/fr\/grammy-awards-2025-justice-et-gojira-recompenses\/\" \/>\n<meta property=\"og:locale\" content=\"fr_FR\" \/>\n<meta property=\"og:type\" content=\"article\" \/>\n<meta property=\"og:title\" content=\"GRAMMY Awards 2025 | Justice et Gojira r\u00e9compens\u00e9s ! - What the France\" \/>\n<meta property=\"og:description\" content=\"La c\u00e9r\u00e9monie de remise des GRAMMY Awards \u00e9tait retransmise en direct ce dimanche 2 f\u00e9vrier 2025 depuis la Cypto.com Arena de Los Angeles. A cette\u00a0 occasion, le duo fran\u00e7ais\u00a0Justice\u00a0a remport\u00e9 le GRAMMY Award du \u00ab\u00a0meilleur titre dance\/\u00e9lectronique\u00a0\u00bb pour leur morceau \u00ab\u00a0Neverender\u00a0\u00bb, sur lequel ils ont collabor\u00e9 avec l\u2019artiste Tame Impala. C\u2019est donc leur troisi\u00e8me r\u00e9compense, [&hellip;]\" \/>\n<meta property=\"og:url\" content=\"https:\/\/whatthefrance.org\/fr\/grammy-awards-2025-justice-et-gojira-recompenses\/\" \/>\n<meta property=\"og:site_name\" content=\"What the France\" \/>\n<meta property=\"article:published_time\" content=\"2025-02-04T10:46:28+00:00\" \/>\n<meta property=\"article:modified_time\" content=\"2025-02-04T13:45:56+00:00\" \/>\n<meta property=\"og:image\" content=\"https:\/\/whatthefrance.org\/wp-content\/uploads\/2025\/02\/Grammy-awards-v2-3.jpg\" \/>\n\t<meta property=\"og:image:width\" content=\"1084\" \/>\n\t<meta property=\"og:image:height\" content=\"452\" \/>\n<meta name=\"author\" content=\"Aurelien Castello\" \/>\n<meta name=\"twitter:card\" content=\"summary_large_image\" \/>\n<meta name=\"twitter:label1\" content=\"\u00c9crit par\" \/>\n\t<meta name=\"twitter:data1\" content=\"Aurelien Castello\" \/>\n\t<meta name=\"twitter:label2\" content=\"Dur\u00e9e de lecture estim\u00e9e\" \/>\n\t<meta name=\"twitter:data2\" content=\"1 minute\" \/>\n<script type=\"application\/ld+json\" class=\"yoast-schema-graph\">{\"@context\":\"https:\\\/\\\/schema.org\",\"@graph\":[{\"@type\":\"Article\",\"@id\":\"https:\\\/\\\/whatthefrance.org\\\/fr\\\/grammy-awards-2025-justice-et-gojira-recompenses\\\/#article\",\"isPartOf\":{\"@id\":\"https:\\\/\\\/whatthefrance.org\\\/fr\\\/grammy-awards-2025-justice-et-gojira-recompenses\\\/\"},\"author\":{\"name\":\"Aurelien Castello\",\"@id\":\"https:\\\/\\\/whatthefrance.org\\\/fr\\\/#\\\/schema\\\/person\\\/409f1eee0a2c94ed5ec0aa697e689d11\"},\"headline\":\"GRAMMY Awards 2025 | Justice et Gojira r\u00e9compens\u00e9s !\",\"datePublished\":\"2025-02-04T10:46:28+00:00\",\"dateModified\":\"2025-02-04T13:45:56+00:00\",\"mainEntityOfPage\":{\"@id\":\"https:\\\/\\\/whatthefrance.org\\\/fr\\\/grammy-awards-2025-justice-et-gojira-recompenses\\\/\"},\"wordCount\":244,\"publisher\":{\"@id\":\"https:\\\/\\\/whatthefrance.org\\\/fr\\\/#organization\"},\"articleSection\":[\"Award\"],\"inLanguage\":\"fr-FR\"},{\"@type\":\"WebPage\",\"@id\":\"https:\\\/\\\/whatthefrance.org\\\/fr\\\/grammy-awards-2025-justice-et-gojira-recompenses\\\/\",\"url\":\"https:\\\/\\\/whatthefrance.org\\\/fr\\\/grammy-awards-2025-justice-et-gojira-recompenses\\\/\",\"name\":\"GRAMMY Awards 2025 | Justice et Gojira r\u00e9compens\u00e9s ! - What the France\",\"isPartOf\":{\"@id\":\"https:\\\/\\\/whatthefrance.org\\\/fr\\\/#website\"},\"datePublished\":\"2025-02-04T10:46:28+00:00\",\"dateModified\":\"2025-02-04T13:45:56+00:00\",\"breadcrumb\":{\"@id\":\"https:\\\/\\\/whatthefrance.org\\\/fr\\\/grammy-awards-2025-justice-et-gojira-recompenses\\\/#breadcrumb\"},\"inLanguage\":\"fr-FR\",\"potentialAction\":[{\"@type\":\"ReadAction\",\"target\":[\"https:\\\/\\\/whatthefrance.org\\\/fr\\\/grammy-awards-2025-justice-et-gojira-recompenses\\\/\"]}]},{\"@type\":\"BreadcrumbList\",\"@id\":\"https:\\\/\\\/whatthefrance.org\\\/fr\\\/grammy-awards-2025-justice-et-gojira-recompenses\\\/#breadcrumb\",\"itemListElement\":[{\"@type\":\"ListItem\",\"position\":1,\"name\":\"Home\",\"item\":\"https:\\\/\\\/whatthefrance.org\\\/fr\\\/\"},{\"@type\":\"ListItem\",\"position\":2,\"name\":\"GRAMMY Awards 2025 | Justice et Gojira r\u00e9compens\u00e9s !\"}]},{\"@type\":\"WebSite\",\"@id\":\"https:\\\/\\\/whatthefrance.org\\\/fr\\\/#website\",\"url\":\"https:\\\/\\\/whatthefrance.org\\\/fr\\\/\",\"name\":\"What the France\",\"description\":\"The finest music made in France !\",\"publisher\":{\"@id\":\"https:\\\/\\\/whatthefrance.org\\\/fr\\\/#organization\"},\"potentialAction\":[{\"@type\":\"SearchAction\",\"target\":{\"@type\":\"EntryPoint\",\"urlTemplate\":\"https:\\\/\\\/whatthefrance.org\\\/fr\\\/?s={search_term_string}\"},\"query-input\":{\"@type\":\"PropertyValueSpecification\",\"valueRequired\":true,\"valueName\":\"search_term_string\"}}],\"inLanguage\":\"fr-FR\"},{\"@type\":\"Organization\",\"@id\":\"https:\\\/\\\/whatthefrance.org\\\/fr\\\/#organization\",\"name\":\"What The France\",\"url\":\"https:\\\/\\\/whatthefrance.org\\\/fr\\\/\",\"logo\":{\"@type\":\"ImageObject\",\"inLanguage\":\"fr-FR\",\"@id\":\"https:\\\/\\\/whatthefrance.org\\\/fr\\\/#\\\/schema\\\/logo\\\/image\\\/\",\"url\":\"https:\\\/\\\/whatthefrance.org\\\/wp-content\\\/uploads\\\/2019\\\/12\\\/44688719_2251580388408837_694180218134331392_n-e1577679609190.png\",\"contentUrl\":\"https:\\\/\\\/whatthefrance.org\\\/wp-content\\\/uploads\\\/2019\\\/12\\\/44688719_2251580388408837_694180218134331392_n-e1577679609190.png\",\"width\":200,\"height\":200,\"caption\":\"What The France\"},\"image\":{\"@id\":\"https:\\\/\\\/whatthefrance.org\\\/fr\\\/#\\\/schema\\\/logo\\\/image\\\/\"}},{\"@type\":\"Person\",\"@id\":\"https:\\\/\\\/whatthefrance.org\\\/fr\\\/#\\\/schema\\\/person\\\/409f1eee0a2c94ed5ec0aa697e689d11\",\"name\":\"Aurelien Castello\",\"image\":{\"@type\":\"ImageObject\",\"inLanguage\":\"fr-FR\",\"@id\":\"https:\\\/\\\/secure.gravatar.com\\\/avatar\\\/a64e3c49e149502bc3920135147e21be7d3ce93fcb38ac6ca03da1ecdb178e19?s=96&d=mm&r=g\",\"url\":\"https:\\\/\\\/secure.gravatar.com\\\/avatar\\\/a64e3c49e149502bc3920135147e21be7d3ce93fcb38ac6ca03da1ecdb178e19?s=96&d=mm&r=g\",\"contentUrl\":\"https:\\\/\\\/secure.gravatar.com\\\/avatar\\\/a64e3c49e149502bc3920135147e21be7d3ce93fcb38ac6ca03da1ecdb178e19?s=96&d=mm&r=g\",\"caption\":\"Aurelien Castello\"}}]}<\/script>\n<!-- \/ Yoast SEO plugin. -->","yoast_head_json":{"title":"GRAMMY Awards 2025 | Justice et Gojira r\u00e9compens\u00e9s ! - What the France","robots":{"index":"index","follow":"follow","max-snippet":"max-snippet:-1","max-image-preview":"max-image-preview:large","max-video-preview":"max-video-preview:-1"},"canonical":"https:\/\/whatthefrance.org\/fr\/grammy-awards-2025-justice-et-gojira-recompenses\/","og_locale":"fr_FR","og_type":"article","og_title":"GRAMMY Awards 2025 | Justice et Gojira r\u00e9compens\u00e9s ! - What the France","og_description":"La c\u00e9r\u00e9monie de remise des GRAMMY Awards \u00e9tait retransmise en direct ce dimanche 2 f\u00e9vrier 2025 depuis la Cypto.com Arena de Los Angeles. A cette\u00a0 occasion, le duo fran\u00e7ais\u00a0Justice\u00a0a remport\u00e9 le GRAMMY Award du \u00ab\u00a0meilleur titre dance\/\u00e9lectronique\u00a0\u00bb pour leur morceau \u00ab\u00a0Neverender\u00a0\u00bb, sur lequel ils ont collabor\u00e9 avec l\u2019artiste Tame Impala. C\u2019est donc leur troisi\u00e8me r\u00e9compense, [&hellip;]","og_url":"https:\/\/whatthefrance.org\/fr\/grammy-awards-2025-justice-et-gojira-recompenses\/","og_site_name":"What the France","article_published_time":"2025-02-04T10:46:28+00:00","article_modified_time":"2025-02-04T13:45:56+00:00","og_image":[{"url":"https:\/\/whatthefrance.org\/wp-content\/uploads\/2025\/02\/Grammy-awards-v2-3.jpg","height":452,"width":1084,"type":""}],"author":"Aurelien Castello","twitter_card":"summary_large_image","twitter_misc":{"\u00c9crit par":"Aurelien Castello","Dur\u00e9e de lecture estim\u00e9e":"1 minute"},"schema":{"@context":"https:\/\/schema.org","@graph":[{"@type":"Article","@id":"https:\/\/whatthefrance.org\/fr\/grammy-awards-2025-justice-et-gojira-recompenses\/#article","isPartOf":{"@id":"https:\/\/whatthefrance.org\/fr\/grammy-awards-2025-justice-et-gojira-recompenses\/"},"author":{"name":"Aurelien Castello","@id":"https:\/\/whatthefrance.org\/fr\/#\/schema\/person\/409f1eee0a2c94ed5ec0aa697e689d11"},"headline":"GRAMMY Awards 2025 | Justice et Gojira r\u00e9compens\u00e9s !","datePublished":"2025-02-04T10:46:28+00:00","dateModified":"2025-02-04T13:45:56+00:00","mainEntityOfPage":{"@id":"https:\/\/whatthefrance.org\/fr\/grammy-awards-2025-justice-et-gojira-recompenses\/"},"wordCount":244,"publisher":{"@id":"https:\/\/whatthefrance.org\/fr\/#organization"},"articleSection":["Award"],"inLanguage":"fr-FR"},{"@type":"WebPage","@id":"https:\/\/whatthefrance.org\/fr\/grammy-awards-2025-justice-et-gojira-recompenses\/","url":"https:\/\/whatthefrance.org\/fr\/grammy-awards-2025-justice-et-gojira-recompenses\/","name":"GRAMMY Awards 2025 | Justice et Gojira r\u00e9compens\u00e9s ! - What the France","isPartOf":{"@id":"https:\/\/whatthefrance.org\/fr\/#website"},"datePublished":"2025-02-04T10:46:28+00:00","dateModified":"2025-02-04T13:45:56+00:00","breadcrumb":{"@id":"https:\/\/whatthefrance.org\/fr\/grammy-awards-2025-justice-et-gojira-recompenses\/#breadcrumb"},"inLanguage":"fr-FR","potentialAction":[{"@type":"ReadAction","target":["https:\/\/whatthefrance.org\/fr\/grammy-awards-2025-justice-et-gojira-recompenses\/"]}]},{"@type":"BreadcrumbList","@id":"https:\/\/whatthefrance.org\/fr\/grammy-awards-2025-justice-et-gojira-recompenses\/#breadcrumb","itemListElement":[{"@type":"ListItem","position":1,"name":"Home","item":"https:\/\/whatthefrance.org\/fr\/"},{"@type":"ListItem","position":2,"name":"GRAMMY Awards 2025 | Justice et Gojira r\u00e9compens\u00e9s !"}]},{"@type":"WebSite","@id":"https:\/\/whatthefrance.org\/fr\/#website","url":"https:\/\/whatthefrance.org\/fr\/","name":"What the France","description":"The finest music made in France !","publisher":{"@id":"https:\/\/whatthefrance.org\/fr\/#organization"},"potentialAction":[{"@type":"SearchAction","target":{"@type":"EntryPoint","urlTemplate":"https:\/\/whatthefrance.org\/fr\/?s={search_term_string}"},"query-input":{"@type":"PropertyValueSpecification","valueRequired":true,"valueName":"search_term_string"}}],"inLanguage":"fr-FR"},{"@type":"Organization","@id":"https:\/\/whatthefrance.org\/fr\/#organization","name":"What The France","url":"https:\/\/whatthefrance.org\/fr\/","logo":{"@type":"ImageObject","inLanguage":"fr-FR","@id":"https:\/\/whatthefrance.org\/fr\/#\/schema\/logo\/image\/","url":"https:\/\/whatthefrance.org\/wp-content\/uploads\/2019\/12\/44688719_2251580388408837_694180218134331392_n-e1577679609190.png","contentUrl":"https:\/\/whatthefrance.org\/wp-content\/uploads\/2019\/12\/44688719_2251580388408837_694180218134331392_n-e1577679609190.png","width":200,"height":200,"caption":"What The France"},"image":{"@id":"https:\/\/whatthefrance.org\/fr\/#\/schema\/logo\/image\/"}},{"@type":"Person","@id":"https:\/\/whatthefrance.org\/fr\/#\/schema\/person\/409f1eee0a2c94ed5ec0aa697e689d11","name":"Aurelien Castello","image":{"@type":"ImageObject","inLanguage":"fr-FR","@id":"https:\/\/secure.gravatar.com\/avatar\/a64e3c49e149502bc3920135147e21be7d3ce93fcb38ac6ca03da1ecdb178e19?s=96&d=mm&r=g","url":"https:\/\/secure.gravatar.com\/avatar\/a64e3c49e149502bc3920135147e21be7d3ce93fcb38ac6ca03da1ecdb178e19?s=96&d=mm&r=g","contentUrl":"https:\/\/secure.gravatar.com\/avatar\/a64e3c49e149502bc3920135147e21be7d3ce93fcb38ac6ca03da1ecdb178e19?s=96&d=mm&r=g","caption":"Aurelien Castello"}}]}},"_links":{"self":[{"href":"https:\/\/whatthefrance.org\/fr\/wp-json\/wp\/v2\/posts\/73639","targetHints":{"allow":["GET"]}}],"collection":[{"href":"https:\/\/whatthefrance.org\/fr\/wp-json\/wp\/v2\/posts"}],"about":[{"href":"https:\/\/whatthefrance.org\/fr\/wp-json\/wp\/v2\/types\/post"}],"author":[{"embeddable":true,"href":"https:\/\/whatthefrance.org\/fr\/wp-json\/wp\/v2\/users\/52"}],"replies":[{"embeddable":true,"href":"https:\/\/whatthefrance.org\/fr\/wp-json\/wp\/v2\/comments?post=73639"}],"version-history":[{"count":4,"href":"https:\/\/whatthefrance.org\/fr\/wp-json\/wp\/v2\/posts\/73639\/revisions"}],"predecessor-version":[{"id":73693,"href":"https:\/\/whatthefrance.org\/fr\/wp-json\/wp\/v2\/posts\/73639\/revisions\/73693"}],"wp:attachment":[{"href":"https:\/\/whatthefrance.org\/fr\/wp-json\/wp\/v2\/media?parent=73639"}],"wp:term":[{"taxonomy":"category","embeddable":true,"href":"https:\/\/whatthefrance.org\/fr\/wp-json\/wp\/v2\/categories?post=73639"},{"taxonomy":"post_tag","embeddable":true,"href":"https:\/\/whatthefrance.org\/fr\/wp-json\/wp\/v2\/tags?post=73639"}],"curies":[{"name":"wp","href":"https:\/\/api.w.org\/{rel}","templated":true}]}}