{"id":74464,"date":"2025-04-25T14:28:21","date_gmt":"2025-04-25T12:28:21","guid":{"rendered":"https:\/\/whatthefrance.org\/?p=74464"},"modified":"2025-06-19T11:39:16","modified_gmt":"2025-06-19T09:39:16","slug":"what-the-france-x-grunt","status":"publish","type":"post","link":"https:\/\/whatthefrance.org\/fr\/what-the-france-x-grunt\/","title":{"rendered":"What the France x Gr\u00fcnt"},"content":{"rendered":"<h2><strong>Gr\u00fcnt d\u2019or 2025 : What the France s\u2019associe \u00e0 Gr\u00fcnt pour c\u00e9l\u00e9brer les nouvelles voix du rap made in France<\/strong><\/h2>\n<p><em>En partenariat avec le m\u00e9dia ind\u00e9pendant Gr\u00fcnt, What the France et le CNM valorisent la nouvelle sc\u00e8ne urbaine made in France dans un format innovant et d\u00e9j\u00e0 culte : les Gr\u00fcnt d\u2019or. En r\u00e9unissant leurs expertises, What the France et Gr\u00fcnt affirment leur engagement commun en faveur des artistes rap d\u2019aujourd\u2019hui et de demain.<\/em><\/p>\n<p>En 2025, What the France, marque de recommandation du CNM, s\u2019associe au m\u00e9dia ind\u00e9pendant Gr\u00fcnt pour soutenir la nouvelle saison des Gr\u00fcnt d\u2019Or, un programme de live musicaux film\u00e9s en plan-s\u00e9quence, mettant en lumi\u00e8re les artistes de la sc\u00e8ne rap made in France.<\/p>\n<p>Gr\u00fcnt, m\u00e9dia de r\u00e9f\u00e9rence dans les musiques urbaines, valorise depuis plus de dix ans une nouvelle g\u00e9n\u00e9ration d\u2019artistes \u00e0 travers des formats exigeants, bruts et authentiques. Sa s\u00e9rie Gr\u00fcnt d\u2019Or cumule des milliers de vues et s\u2019est rapidement impos\u00e9e comme un rendez-vous essentiel du live rap. Les Gr\u00fcnt d\u2019Or, c\u2019est une s\u00e9rie de lives rap film\u00e9s en plan-s\u00e9quence, dans des d\u00e9cors originaux et avec des arrangements in\u00e9dits. Ce format brut et immersif donne carte blanche aux artistes pour s\u2019exprimer autrement, loin des codes classiques du live ou de l\u2019interview.<\/p>\n<p>Avec ce partenariat, What the France souhaite affirmer son soutien \u00e0 une sc\u00e8ne artistique dynamique, inclusive et ind\u00e9pendante. En outre, le programme incarne des valeurs fortes avec notamment le respect de parit\u00e9 dans la programmation et les \u00e9quipes de production.<\/p>\n<p>Retrouvez d\u00e8s maintenant la premi\u00e8re cr\u00e9ation en pr\u00e9sence de l\u2019artiste Jazzy Bazz !<\/p>\n<p><iframe loading=\"lazy\" title=\"Jazzy Bazz I Nirvana Performance\" width=\"500\" height=\"281\" src=\"https:\/\/www.youtube.com\/embed\/IBR5E879GZA?feature=oembed\" frameborder=\"0\" allow=\"accelerometer; autoplay; clipboard-write; encrypted-media; gyroscope; picture-in-picture; web-share\" referrerpolicy=\"strict-origin-when-cross-origin\" allowfullscreen><\/iframe><\/p>\n<p>Jazzy Bazz, figure incontournable de la sc\u00e8ne rap parisienne, s&rsquo;illustre par son flow unique et ses textes introspectifs. Avec sa performance in\u00e9dite sur le Gr\u00fcnt d&rsquo;Or, il prouve une fois de plus son talent brut et sa capacit\u00e9 \u00e0 r\u00e9inventer le rap fran\u00e7ais. La Nirvana Performance qu&rsquo;il propose est un v\u00e9ritable hommage \u00e0 l&rsquo;art de la sc\u00e8ne, o\u00f9 la profondeur de ses paroles se m\u00eale \u00e0 une \u00e9nergie palpable, offrant ainsi une exp\u00e9rience immersive et sans filtre.<\/p>\n","protected":false},"excerpt":{"rendered":"<p>Gr\u00fcnt d\u2019or 2025 : What the France s\u2019associe \u00e0 Gr\u00fcnt pour c\u00e9l\u00e9brer les nouvelles voix du rap made in France En partenariat avec le m\u00e9dia ind\u00e9pendant Gr\u00fcnt, What the France et le CNM valorisent la nouvelle sc\u00e8ne urbaine made in France dans un format innovant et d\u00e9j\u00e0 culte : les Gr\u00fcnt d\u2019or. En r\u00e9unissant leurs [&hellip;]<\/p>\n","protected":false},"author":54,"featured_media":0,"comment_status":"closed","ping_status":"closed","sticky":false,"template":"","format":"standard","meta":{"_acf_changed":false,"footnotes":""},"categories":[217],"tags":[346],"class_list":["post-74464","post","type-post","status-publish","format-standard","hentry","category-video-fr","tag-rap-fr"],"acf":[],"yoast_head":"<!-- This site is optimized with the Yoast SEO plugin v27.3 - https:\/\/yoast.com\/product\/yoast-seo-wordpress\/ -->\n<title>What the France x Gr\u00fcnt - What the France<\/title>\n<meta name=\"robots\" content=\"index, follow, max-snippet:-1, max-image-preview:large, max-video-preview:-1\" \/>\n<link rel=\"canonical\" href=\"https:\/\/whatthefrance.org\/fr\/what-the-france-x-grunt\/\" \/>\n<meta property=\"og:locale\" content=\"fr_FR\" \/>\n<meta property=\"og:type\" content=\"article\" \/>\n<meta property=\"og:title\" content=\"What the France x Gr\u00fcnt - What the France\" \/>\n<meta property=\"og:description\" content=\"Gr\u00fcnt d\u2019or 2025 : What the France s\u2019associe \u00e0 Gr\u00fcnt pour c\u00e9l\u00e9brer les nouvelles voix du rap made in France En partenariat avec le m\u00e9dia ind\u00e9pendant Gr\u00fcnt, What the France et le CNM valorisent la nouvelle sc\u00e8ne urbaine made in France dans un format innovant et d\u00e9j\u00e0 culte : les Gr\u00fcnt d\u2019or. En r\u00e9unissant leurs [&hellip;]\" \/>\n<meta property=\"og:url\" content=\"https:\/\/whatthefrance.org\/fr\/what-the-france-x-grunt\/\" \/>\n<meta property=\"og:site_name\" content=\"What the France\" \/>\n<meta property=\"article:published_time\" content=\"2025-04-25T12:28:21+00:00\" \/>\n<meta property=\"article:modified_time\" content=\"2025-06-19T09:39:16+00:00\" \/>\n<meta property=\"og:image\" content=\"https:\/\/whatthefrance.org\/wp-content\/uploads\/2025\/04\/Grunt_Article_CouvWordpress.png\" \/>\n\t<meta property=\"og:image:width\" content=\"1084\" \/>\n\t<meta property=\"og:image:height\" content=\"452\" \/>\n<meta name=\"author\" content=\"Rose Eme\" \/>\n<meta name=\"twitter:card\" content=\"summary_large_image\" \/>\n<meta name=\"twitter:label1\" content=\"\u00c9crit par\" \/>\n\t<meta name=\"twitter:data1\" content=\"Rose Eme\" \/>\n\t<meta name=\"twitter:label2\" content=\"Dur\u00e9e de lecture estim\u00e9e\" \/>\n\t<meta name=\"twitter:data2\" content=\"2 minutes\" \/>\n<script type=\"application\/ld+json\" class=\"yoast-schema-graph\">{\"@context\":\"https:\\\/\\\/schema.org\",\"@graph\":[{\"@type\":\"Article\",\"@id\":\"https:\\\/\\\/whatthefrance.org\\\/fr\\\/what-the-france-x-grunt\\\/#article\",\"isPartOf\":{\"@id\":\"https:\\\/\\\/whatthefrance.org\\\/fr\\\/what-the-france-x-grunt\\\/\"},\"author\":{\"name\":\"Rose Eme\",\"@id\":\"https:\\\/\\\/whatthefrance.org\\\/fr\\\/#\\\/schema\\\/person\\\/7fe7d4a997c16c2aac5d3b2c0a8e099a\"},\"headline\":\"What the France x Gr\u00fcnt\",\"datePublished\":\"2025-04-25T12:28:21+00:00\",\"dateModified\":\"2025-06-19T09:39:16+00:00\",\"mainEntityOfPage\":{\"@id\":\"https:\\\/\\\/whatthefrance.org\\\/fr\\\/what-the-france-x-grunt\\\/\"},\"wordCount\":411,\"publisher\":{\"@id\":\"https:\\\/\\\/whatthefrance.org\\\/fr\\\/#organization\"},\"keywords\":[\"Rap\"],\"articleSection\":[\"Video\"],\"inLanguage\":\"fr-FR\"},{\"@type\":\"WebPage\",\"@id\":\"https:\\\/\\\/whatthefrance.org\\\/fr\\\/what-the-france-x-grunt\\\/\",\"url\":\"https:\\\/\\\/whatthefrance.org\\\/fr\\\/what-the-france-x-grunt\\\/\",\"name\":\"What the France x Gr\u00fcnt - What the France\",\"isPartOf\":{\"@id\":\"https:\\\/\\\/whatthefrance.org\\\/fr\\\/#website\"},\"datePublished\":\"2025-04-25T12:28:21+00:00\",\"dateModified\":\"2025-06-19T09:39:16+00:00\",\"breadcrumb\":{\"@id\":\"https:\\\/\\\/whatthefrance.org\\\/fr\\\/what-the-france-x-grunt\\\/#breadcrumb\"},\"inLanguage\":\"fr-FR\",\"potentialAction\":[{\"@type\":\"ReadAction\",\"target\":[\"https:\\\/\\\/whatthefrance.org\\\/fr\\\/what-the-france-x-grunt\\\/\"]}]},{\"@type\":\"BreadcrumbList\",\"@id\":\"https:\\\/\\\/whatthefrance.org\\\/fr\\\/what-the-france-x-grunt\\\/#breadcrumb\",\"itemListElement\":[{\"@type\":\"ListItem\",\"position\":1,\"name\":\"Home\",\"item\":\"https:\\\/\\\/whatthefrance.org\\\/fr\\\/\"},{\"@type\":\"ListItem\",\"position\":2,\"name\":\"What the France x Gr\u00fcnt\"}]},{\"@type\":\"WebSite\",\"@id\":\"https:\\\/\\\/whatthefrance.org\\\/fr\\\/#website\",\"url\":\"https:\\\/\\\/whatthefrance.org\\\/fr\\\/\",\"name\":\"What the France\",\"description\":\"The finest music made in France !\",\"publisher\":{\"@id\":\"https:\\\/\\\/whatthefrance.org\\\/fr\\\/#organization\"},\"potentialAction\":[{\"@type\":\"SearchAction\",\"target\":{\"@type\":\"EntryPoint\",\"urlTemplate\":\"https:\\\/\\\/whatthefrance.org\\\/fr\\\/?s={search_term_string}\"},\"query-input\":{\"@type\":\"PropertyValueSpecification\",\"valueRequired\":true,\"valueName\":\"search_term_string\"}}],\"inLanguage\":\"fr-FR\"},{\"@type\":\"Organization\",\"@id\":\"https:\\\/\\\/whatthefrance.org\\\/fr\\\/#organization\",\"name\":\"What The France\",\"url\":\"https:\\\/\\\/whatthefrance.org\\\/fr\\\/\",\"logo\":{\"@type\":\"ImageObject\",\"inLanguage\":\"fr-FR\",\"@id\":\"https:\\\/\\\/whatthefrance.org\\\/fr\\\/#\\\/schema\\\/logo\\\/image\\\/\",\"url\":\"https:\\\/\\\/whatthefrance.org\\\/wp-content\\\/uploads\\\/2019\\\/12\\\/44688719_2251580388408837_694180218134331392_n-e1577679609190.png\",\"contentUrl\":\"https:\\\/\\\/whatthefrance.org\\\/wp-content\\\/uploads\\\/2019\\\/12\\\/44688719_2251580388408837_694180218134331392_n-e1577679609190.png\",\"width\":200,\"height\":200,\"caption\":\"What The France\"},\"image\":{\"@id\":\"https:\\\/\\\/whatthefrance.org\\\/fr\\\/#\\\/schema\\\/logo\\\/image\\\/\"}},{\"@type\":\"Person\",\"@id\":\"https:\\\/\\\/whatthefrance.org\\\/fr\\\/#\\\/schema\\\/person\\\/7fe7d4a997c16c2aac5d3b2c0a8e099a\",\"name\":\"Rose Eme\",\"image\":{\"@type\":\"ImageObject\",\"inLanguage\":\"fr-FR\",\"@id\":\"https:\\\/\\\/secure.gravatar.com\\\/avatar\\\/cad90d6a49c8bc5c513a2d2f9bc5ad2a947d9dbc21d229d8a780e959547f19cc?s=96&d=mm&r=g\",\"url\":\"https:\\\/\\\/secure.gravatar.com\\\/avatar\\\/cad90d6a49c8bc5c513a2d2f9bc5ad2a947d9dbc21d229d8a780e959547f19cc?s=96&d=mm&r=g\",\"contentUrl\":\"https:\\\/\\\/secure.gravatar.com\\\/avatar\\\/cad90d6a49c8bc5c513a2d2f9bc5ad2a947d9dbc21d229d8a780e959547f19cc?s=96&d=mm&r=g\",\"caption\":\"Rose Eme\"}}]}<\/script>\n<!-- \/ Yoast SEO plugin. -->","yoast_head_json":{"title":"What the France x Gr\u00fcnt - What the France","robots":{"index":"index","follow":"follow","max-snippet":"max-snippet:-1","max-image-preview":"max-image-preview:large","max-video-preview":"max-video-preview:-1"},"canonical":"https:\/\/whatthefrance.org\/fr\/what-the-france-x-grunt\/","og_locale":"fr_FR","og_type":"article","og_title":"What the France x Gr\u00fcnt - What the France","og_description":"Gr\u00fcnt d\u2019or 2025 : What the France s\u2019associe \u00e0 Gr\u00fcnt pour c\u00e9l\u00e9brer les nouvelles voix du rap made in France En partenariat avec le m\u00e9dia ind\u00e9pendant Gr\u00fcnt, What the France et le CNM valorisent la nouvelle sc\u00e8ne urbaine made in France dans un format innovant et d\u00e9j\u00e0 culte : les Gr\u00fcnt d\u2019or. En r\u00e9unissant leurs [&hellip;]","og_url":"https:\/\/whatthefrance.org\/fr\/what-the-france-x-grunt\/","og_site_name":"What the France","article_published_time":"2025-04-25T12:28:21+00:00","article_modified_time":"2025-06-19T09:39:16+00:00","og_image":[{"url":"https:\/\/whatthefrance.org\/wp-content\/uploads\/2025\/04\/Grunt_Article_CouvWordpress.png","height":452,"width":1084,"type":""}],"author":"Rose Eme","twitter_card":"summary_large_image","twitter_misc":{"\u00c9crit par":"Rose Eme","Dur\u00e9e de lecture estim\u00e9e":"2 minutes"},"schema":{"@context":"https:\/\/schema.org","@graph":[{"@type":"Article","@id":"https:\/\/whatthefrance.org\/fr\/what-the-france-x-grunt\/#article","isPartOf":{"@id":"https:\/\/whatthefrance.org\/fr\/what-the-france-x-grunt\/"},"author":{"name":"Rose Eme","@id":"https:\/\/whatthefrance.org\/fr\/#\/schema\/person\/7fe7d4a997c16c2aac5d3b2c0a8e099a"},"headline":"What the France x Gr\u00fcnt","datePublished":"2025-04-25T12:28:21+00:00","dateModified":"2025-06-19T09:39:16+00:00","mainEntityOfPage":{"@id":"https:\/\/whatthefrance.org\/fr\/what-the-france-x-grunt\/"},"wordCount":411,"publisher":{"@id":"https:\/\/whatthefrance.org\/fr\/#organization"},"keywords":["Rap"],"articleSection":["Video"],"inLanguage":"fr-FR"},{"@type":"WebPage","@id":"https:\/\/whatthefrance.org\/fr\/what-the-france-x-grunt\/","url":"https:\/\/whatthefrance.org\/fr\/what-the-france-x-grunt\/","name":"What the France x Gr\u00fcnt - What the France","isPartOf":{"@id":"https:\/\/whatthefrance.org\/fr\/#website"},"datePublished":"2025-04-25T12:28:21+00:00","dateModified":"2025-06-19T09:39:16+00:00","breadcrumb":{"@id":"https:\/\/whatthefrance.org\/fr\/what-the-france-x-grunt\/#breadcrumb"},"inLanguage":"fr-FR","potentialAction":[{"@type":"ReadAction","target":["https:\/\/whatthefrance.org\/fr\/what-the-france-x-grunt\/"]}]},{"@type":"BreadcrumbList","@id":"https:\/\/whatthefrance.org\/fr\/what-the-france-x-grunt\/#breadcrumb","itemListElement":[{"@type":"ListItem","position":1,"name":"Home","item":"https:\/\/whatthefrance.org\/fr\/"},{"@type":"ListItem","position":2,"name":"What the France x Gr\u00fcnt"}]},{"@type":"WebSite","@id":"https:\/\/whatthefrance.org\/fr\/#website","url":"https:\/\/whatthefrance.org\/fr\/","name":"What the France","description":"The finest music made in France !","publisher":{"@id":"https:\/\/whatthefrance.org\/fr\/#organization"},"potentialAction":[{"@type":"SearchAction","target":{"@type":"EntryPoint","urlTemplate":"https:\/\/whatthefrance.org\/fr\/?s={search_term_string}"},"query-input":{"@type":"PropertyValueSpecification","valueRequired":true,"valueName":"search_term_string"}}],"inLanguage":"fr-FR"},{"@type":"Organization","@id":"https:\/\/whatthefrance.org\/fr\/#organization","name":"What The France","url":"https:\/\/whatthefrance.org\/fr\/","logo":{"@type":"ImageObject","inLanguage":"fr-FR","@id":"https:\/\/whatthefrance.org\/fr\/#\/schema\/logo\/image\/","url":"https:\/\/whatthefrance.org\/wp-content\/uploads\/2019\/12\/44688719_2251580388408837_694180218134331392_n-e1577679609190.png","contentUrl":"https:\/\/whatthefrance.org\/wp-content\/uploads\/2019\/12\/44688719_2251580388408837_694180218134331392_n-e1577679609190.png","width":200,"height":200,"caption":"What The France"},"image":{"@id":"https:\/\/whatthefrance.org\/fr\/#\/schema\/logo\/image\/"}},{"@type":"Person","@id":"https:\/\/whatthefrance.org\/fr\/#\/schema\/person\/7fe7d4a997c16c2aac5d3b2c0a8e099a","name":"Rose Eme","image":{"@type":"ImageObject","inLanguage":"fr-FR","@id":"https:\/\/secure.gravatar.com\/avatar\/cad90d6a49c8bc5c513a2d2f9bc5ad2a947d9dbc21d229d8a780e959547f19cc?s=96&d=mm&r=g","url":"https:\/\/secure.gravatar.com\/avatar\/cad90d6a49c8bc5c513a2d2f9bc5ad2a947d9dbc21d229d8a780e959547f19cc?s=96&d=mm&r=g","contentUrl":"https:\/\/secure.gravatar.com\/avatar\/cad90d6a49c8bc5c513a2d2f9bc5ad2a947d9dbc21d229d8a780e959547f19cc?s=96&d=mm&r=g","caption":"Rose Eme"}}]}},"_links":{"self":[{"href":"https:\/\/whatthefrance.org\/fr\/wp-json\/wp\/v2\/posts\/74464","targetHints":{"allow":["GET"]}}],"collection":[{"href":"https:\/\/whatthefrance.org\/fr\/wp-json\/wp\/v2\/posts"}],"about":[{"href":"https:\/\/whatthefrance.org\/fr\/wp-json\/wp\/v2\/types\/post"}],"author":[{"embeddable":true,"href":"https:\/\/whatthefrance.org\/fr\/wp-json\/wp\/v2\/users\/54"}],"replies":[{"embeddable":true,"href":"https:\/\/whatthefrance.org\/fr\/wp-json\/wp\/v2\/comments?post=74464"}],"version-history":[{"count":5,"href":"https:\/\/whatthefrance.org\/fr\/wp-json\/wp\/v2\/posts\/74464\/revisions"}],"predecessor-version":[{"id":74483,"href":"https:\/\/whatthefrance.org\/fr\/wp-json\/wp\/v2\/posts\/74464\/revisions\/74483"}],"wp:attachment":[{"href":"https:\/\/whatthefrance.org\/fr\/wp-json\/wp\/v2\/media?parent=74464"}],"wp:term":[{"taxonomy":"category","embeddable":true,"href":"https:\/\/whatthefrance.org\/fr\/wp-json\/wp\/v2\/categories?post=74464"},{"taxonomy":"post_tag","embeddable":true,"href":"https:\/\/whatthefrance.org\/fr\/wp-json\/wp\/v2\/tags?post=74464"}],"curies":[{"name":"wp","href":"https:\/\/api.w.org\/{rel}","templated":true}]}}