{"id":74626,"date":"2025-05-20T11:47:18","date_gmt":"2025-05-20T09:47:18","guid":{"rendered":"https:\/\/whatthefrance.org\/?p=74626"},"modified":"2025-05-20T11:47:18","modified_gmt":"2025-05-20T09:47:18","slug":"we-the-future-2025-what-the-france-x-printemps-de-bourges-credit-mutuel","status":"publish","type":"post","link":"https:\/\/whatthefrance.org\/fr\/we-the-future-2025-what-the-france-x-printemps-de-bourges-credit-mutuel\/","title":{"rendered":"We, The Future 2025 &#8211; What The France x Printemps de Bourges Cr\u00e9dit Mutuel"},"content":{"rendered":"<h2><strong>What The France x iNOU\u00efS 2025 : au c\u0153ur de l\u2019\u00e9mergence musicale<\/strong><\/h2>\n<p><em>Dans le cadre du Printemps de Bourges Cr\u00e9dit Mutuel, What The France s\u2019est associ\u00e9 aux iNOU\u00efS du Printemps de Bourges Cr\u00e9dit Mutuel afin de valoriser les artistes de leur s\u00e9lection annuelle. A travers une s\u00e9rie d\u2019interviews vid\u00e9o, le projet met en lumi\u00e8re les parcours, les univers et le rapport \u00e0 la sc\u00e8ne de cette nouvelle g\u00e9n\u00e9ration d\u2019artistes francophones.<\/em><\/p>\n<p>A d\u00e9couvrir dans notre playlist vid\u00e9o regroupant les cinq sessions de cette saison 2025 !<\/p>\n<p><iframe loading=\"lazy\" title=\"We, The Future 2025 - What The France x Printemps de Bourges Cr\u00e9dit Mutuel\" width=\"500\" height=\"281\" src=\"https:\/\/www.youtube.com\/embed\/videoseries?list=PLP2oIPiF_OIAmG_-yUkmJX9ng6i0CHl8i\" frameborder=\"0\" allow=\"accelerometer; autoplay; clipboard-write; encrypted-media; gyroscope; picture-in-picture; web-share\" referrerpolicy=\"strict-origin-when-cross-origin\" allowfullscreen><\/iframe><\/p>\n<p>Ce partenariat s\u2019inscrit dans un objectif commun de rep\u00e9rage, de valorisation et d\u2019accompagnement des talents \u00e9mergents issus de la sc\u00e8ne francophone. V\u00e9ritable tremplin, les iNOU\u00efS sont depuis plusieurs ann\u00e9es un r\u00e9v\u00e9lateur d\u2019artistes aux univers riches et singuliers.<\/p>\n<p>Tout au long du festival, une s\u00e9rie d\u2019interviews vid\u00e9o a \u00e9t\u00e9 r\u00e9alis\u00e9e pour donner la parole aux artistes autour de trois axes : le live, le parcours artistique et le rapport \u00e0 la sc\u00e8ne. Ces captations offrent une visibilit\u00e9 et une plong\u00e9e sinc\u00e8re dans leur quotidien musical en d\u00e9veloppement, \u00e0 un moment cl\u00e9 de leur parcours. Une mani\u00e8re de faire entendre des voix peu m\u00e9diatis\u00e9es, mais inspirantes.<\/p>\n<p>Ces artistes portent des id\u00e9es neuves, une \u00e9nergie singuli\u00e8re et l\u2019envie de marquer les esprits. Les interviews propos\u00e9es saisissent ce moment charni\u00e8re o\u00f9 tout s\u2019acc\u00e9l\u00e8re : les premi\u00e8res sc\u00e8nes importantes, les choix d\u00e9cisifs et les r\u00eaves qui prennent forme : la sc\u00e8ne \u00e9mergente s\u2019exprime avec force et authenticit\u00e9, dans toute sa diversit\u00e9 !<\/p>\n<p>&nbsp;<\/p>\n<p>&nbsp;<\/p>\n","protected":false},"excerpt":{"rendered":"<p>What The France x iNOU\u00efS 2025 : au c\u0153ur de l\u2019\u00e9mergence musicale Dans le cadre du Printemps de Bourges Cr\u00e9dit Mutuel, What The France s\u2019est associ\u00e9 aux iNOU\u00efS du Printemps de Bourges Cr\u00e9dit Mutuel afin de valoriser les artistes de leur s\u00e9lection annuelle. A travers une s\u00e9rie d\u2019interviews vid\u00e9o, le projet met en lumi\u00e8re les [&hellip;]<\/p>\n","protected":false},"author":54,"featured_media":0,"comment_status":"closed","ping_status":"closed","sticky":false,"template":"","format":"standard","meta":{"_acf_changed":false,"footnotes":""},"categories":[217],"tags":[],"class_list":["post-74626","post","type-post","status-publish","format-standard","hentry","category-video-fr"],"acf":[],"yoast_head":"<!-- This site is optimized with the Yoast SEO plugin v27.3 - https:\/\/yoast.com\/product\/yoast-seo-wordpress\/ -->\n<title>We, The Future 2025 - What The France x Printemps de Bourges Cr\u00e9dit Mutuel - What the France<\/title>\n<meta name=\"robots\" content=\"index, follow, max-snippet:-1, max-image-preview:large, max-video-preview:-1\" \/>\n<link rel=\"canonical\" href=\"https:\/\/whatthefrance.org\/fr\/we-the-future-2025-what-the-france-x-printemps-de-bourges-credit-mutuel\/\" \/>\n<meta property=\"og:locale\" content=\"fr_FR\" \/>\n<meta property=\"og:type\" content=\"article\" \/>\n<meta property=\"og:title\" content=\"We, The Future 2025 - What The France x Printemps de Bourges Cr\u00e9dit Mutuel - What the France\" \/>\n<meta property=\"og:description\" content=\"What The France x iNOU\u00efS 2025 : au c\u0153ur de l\u2019\u00e9mergence musicale Dans le cadre du Printemps de Bourges Cr\u00e9dit Mutuel, What The France s\u2019est associ\u00e9 aux iNOU\u00efS du Printemps de Bourges Cr\u00e9dit Mutuel afin de valoriser les artistes de leur s\u00e9lection annuelle. A travers une s\u00e9rie d\u2019interviews vid\u00e9o, le projet met en lumi\u00e8re les [&hellip;]\" \/>\n<meta property=\"og:url\" content=\"https:\/\/whatthefrance.org\/fr\/we-the-future-2025-what-the-france-x-printemps-de-bourges-credit-mutuel\/\" \/>\n<meta property=\"og:site_name\" content=\"What the France\" \/>\n<meta property=\"article:published_time\" content=\"2025-05-20T09:47:18+00:00\" \/>\n<meta property=\"og:image\" content=\"https:\/\/whatthefrance.org\/wp-content\/uploads\/2025\/05\/WeThe-Future-1.png\" \/>\n\t<meta property=\"og:image:width\" content=\"1920\" \/>\n\t<meta property=\"og:image:height\" content=\"1080\" \/>\n<meta name=\"author\" content=\"Rose Eme\" \/>\n<meta name=\"twitter:card\" content=\"summary_large_image\" \/>\n<meta name=\"twitter:label1\" content=\"\u00c9crit par\" \/>\n\t<meta name=\"twitter:data1\" content=\"Rose Eme\" \/>\n\t<meta name=\"twitter:label2\" content=\"Dur\u00e9e de lecture estim\u00e9e\" \/>\n\t<meta name=\"twitter:data2\" content=\"2 minutes\" \/>\n<script type=\"application\/ld+json\" class=\"yoast-schema-graph\">{\"@context\":\"https:\\\/\\\/schema.org\",\"@graph\":[{\"@type\":\"Article\",\"@id\":\"https:\\\/\\\/whatthefrance.org\\\/fr\\\/we-the-future-2025-what-the-france-x-printemps-de-bourges-credit-mutuel\\\/#article\",\"isPartOf\":{\"@id\":\"https:\\\/\\\/whatthefrance.org\\\/fr\\\/we-the-future-2025-what-the-france-x-printemps-de-bourges-credit-mutuel\\\/\"},\"author\":{\"name\":\"Rose Eme\",\"@id\":\"https:\\\/\\\/whatthefrance.org\\\/fr\\\/#\\\/schema\\\/person\\\/7fe7d4a997c16c2aac5d3b2c0a8e099a\"},\"headline\":\"We, The Future 2025 &#8211; What The France x Printemps de Bourges Cr\u00e9dit Mutuel\",\"datePublished\":\"2025-05-20T09:47:18+00:00\",\"mainEntityOfPage\":{\"@id\":\"https:\\\/\\\/whatthefrance.org\\\/fr\\\/we-the-future-2025-what-the-france-x-printemps-de-bourges-credit-mutuel\\\/\"},\"wordCount\":315,\"publisher\":{\"@id\":\"https:\\\/\\\/whatthefrance.org\\\/fr\\\/#organization\"},\"articleSection\":[\"Video\"],\"inLanguage\":\"fr-FR\"},{\"@type\":\"WebPage\",\"@id\":\"https:\\\/\\\/whatthefrance.org\\\/fr\\\/we-the-future-2025-what-the-france-x-printemps-de-bourges-credit-mutuel\\\/\",\"url\":\"https:\\\/\\\/whatthefrance.org\\\/fr\\\/we-the-future-2025-what-the-france-x-printemps-de-bourges-credit-mutuel\\\/\",\"name\":\"We, The Future 2025 - What The France x Printemps de Bourges Cr\u00e9dit Mutuel - What the France\",\"isPartOf\":{\"@id\":\"https:\\\/\\\/whatthefrance.org\\\/fr\\\/#website\"},\"datePublished\":\"2025-05-20T09:47:18+00:00\",\"breadcrumb\":{\"@id\":\"https:\\\/\\\/whatthefrance.org\\\/fr\\\/we-the-future-2025-what-the-france-x-printemps-de-bourges-credit-mutuel\\\/#breadcrumb\"},\"inLanguage\":\"fr-FR\",\"potentialAction\":[{\"@type\":\"ReadAction\",\"target\":[\"https:\\\/\\\/whatthefrance.org\\\/fr\\\/we-the-future-2025-what-the-france-x-printemps-de-bourges-credit-mutuel\\\/\"]}]},{\"@type\":\"BreadcrumbList\",\"@id\":\"https:\\\/\\\/whatthefrance.org\\\/fr\\\/we-the-future-2025-what-the-france-x-printemps-de-bourges-credit-mutuel\\\/#breadcrumb\",\"itemListElement\":[{\"@type\":\"ListItem\",\"position\":1,\"name\":\"Home\",\"item\":\"https:\\\/\\\/whatthefrance.org\\\/fr\\\/\"},{\"@type\":\"ListItem\",\"position\":2,\"name\":\"We, The Future 2025 &#8211; What The France x Printemps de Bourges Cr\u00e9dit Mutuel\"}]},{\"@type\":\"WebSite\",\"@id\":\"https:\\\/\\\/whatthefrance.org\\\/fr\\\/#website\",\"url\":\"https:\\\/\\\/whatthefrance.org\\\/fr\\\/\",\"name\":\"What the France\",\"description\":\"The finest music made in France !\",\"publisher\":{\"@id\":\"https:\\\/\\\/whatthefrance.org\\\/fr\\\/#organization\"},\"potentialAction\":[{\"@type\":\"SearchAction\",\"target\":{\"@type\":\"EntryPoint\",\"urlTemplate\":\"https:\\\/\\\/whatthefrance.org\\\/fr\\\/?s={search_term_string}\"},\"query-input\":{\"@type\":\"PropertyValueSpecification\",\"valueRequired\":true,\"valueName\":\"search_term_string\"}}],\"inLanguage\":\"fr-FR\"},{\"@type\":\"Organization\",\"@id\":\"https:\\\/\\\/whatthefrance.org\\\/fr\\\/#organization\",\"name\":\"What The France\",\"url\":\"https:\\\/\\\/whatthefrance.org\\\/fr\\\/\",\"logo\":{\"@type\":\"ImageObject\",\"inLanguage\":\"fr-FR\",\"@id\":\"https:\\\/\\\/whatthefrance.org\\\/fr\\\/#\\\/schema\\\/logo\\\/image\\\/\",\"url\":\"https:\\\/\\\/whatthefrance.org\\\/wp-content\\\/uploads\\\/2019\\\/12\\\/44688719_2251580388408837_694180218134331392_n-e1577679609190.png\",\"contentUrl\":\"https:\\\/\\\/whatthefrance.org\\\/wp-content\\\/uploads\\\/2019\\\/12\\\/44688719_2251580388408837_694180218134331392_n-e1577679609190.png\",\"width\":200,\"height\":200,\"caption\":\"What The France\"},\"image\":{\"@id\":\"https:\\\/\\\/whatthefrance.org\\\/fr\\\/#\\\/schema\\\/logo\\\/image\\\/\"}},{\"@type\":\"Person\",\"@id\":\"https:\\\/\\\/whatthefrance.org\\\/fr\\\/#\\\/schema\\\/person\\\/7fe7d4a997c16c2aac5d3b2c0a8e099a\",\"name\":\"Rose Eme\",\"image\":{\"@type\":\"ImageObject\",\"inLanguage\":\"fr-FR\",\"@id\":\"https:\\\/\\\/secure.gravatar.com\\\/avatar\\\/cad90d6a49c8bc5c513a2d2f9bc5ad2a947d9dbc21d229d8a780e959547f19cc?s=96&d=mm&r=g\",\"url\":\"https:\\\/\\\/secure.gravatar.com\\\/avatar\\\/cad90d6a49c8bc5c513a2d2f9bc5ad2a947d9dbc21d229d8a780e959547f19cc?s=96&d=mm&r=g\",\"contentUrl\":\"https:\\\/\\\/secure.gravatar.com\\\/avatar\\\/cad90d6a49c8bc5c513a2d2f9bc5ad2a947d9dbc21d229d8a780e959547f19cc?s=96&d=mm&r=g\",\"caption\":\"Rose Eme\"}}]}<\/script>\n<!-- \/ Yoast SEO plugin. -->","yoast_head_json":{"title":"We, The Future 2025 - What The France x Printemps de Bourges Cr\u00e9dit Mutuel - What the France","robots":{"index":"index","follow":"follow","max-snippet":"max-snippet:-1","max-image-preview":"max-image-preview:large","max-video-preview":"max-video-preview:-1"},"canonical":"https:\/\/whatthefrance.org\/fr\/we-the-future-2025-what-the-france-x-printemps-de-bourges-credit-mutuel\/","og_locale":"fr_FR","og_type":"article","og_title":"We, The Future 2025 - What The France x Printemps de Bourges Cr\u00e9dit Mutuel - What the France","og_description":"What The France x iNOU\u00efS 2025 : au c\u0153ur de l\u2019\u00e9mergence musicale Dans le cadre du Printemps de Bourges Cr\u00e9dit Mutuel, What The France s\u2019est associ\u00e9 aux iNOU\u00efS du Printemps de Bourges Cr\u00e9dit Mutuel afin de valoriser les artistes de leur s\u00e9lection annuelle. A travers une s\u00e9rie d\u2019interviews vid\u00e9o, le projet met en lumi\u00e8re les [&hellip;]","og_url":"https:\/\/whatthefrance.org\/fr\/we-the-future-2025-what-the-france-x-printemps-de-bourges-credit-mutuel\/","og_site_name":"What the France","article_published_time":"2025-05-20T09:47:18+00:00","og_image":[{"url":"https:\/\/whatthefrance.org\/wp-content\/uploads\/2025\/05\/WeThe-Future-1.png","height":1080,"width":1920,"type":""}],"author":"Rose Eme","twitter_card":"summary_large_image","twitter_misc":{"\u00c9crit par":"Rose Eme","Dur\u00e9e de lecture estim\u00e9e":"2 minutes"},"schema":{"@context":"https:\/\/schema.org","@graph":[{"@type":"Article","@id":"https:\/\/whatthefrance.org\/fr\/we-the-future-2025-what-the-france-x-printemps-de-bourges-credit-mutuel\/#article","isPartOf":{"@id":"https:\/\/whatthefrance.org\/fr\/we-the-future-2025-what-the-france-x-printemps-de-bourges-credit-mutuel\/"},"author":{"name":"Rose Eme","@id":"https:\/\/whatthefrance.org\/fr\/#\/schema\/person\/7fe7d4a997c16c2aac5d3b2c0a8e099a"},"headline":"We, The Future 2025 &#8211; What The France x Printemps de Bourges Cr\u00e9dit Mutuel","datePublished":"2025-05-20T09:47:18+00:00","mainEntityOfPage":{"@id":"https:\/\/whatthefrance.org\/fr\/we-the-future-2025-what-the-france-x-printemps-de-bourges-credit-mutuel\/"},"wordCount":315,"publisher":{"@id":"https:\/\/whatthefrance.org\/fr\/#organization"},"articleSection":["Video"],"inLanguage":"fr-FR"},{"@type":"WebPage","@id":"https:\/\/whatthefrance.org\/fr\/we-the-future-2025-what-the-france-x-printemps-de-bourges-credit-mutuel\/","url":"https:\/\/whatthefrance.org\/fr\/we-the-future-2025-what-the-france-x-printemps-de-bourges-credit-mutuel\/","name":"We, The Future 2025 - What The France x Printemps de Bourges Cr\u00e9dit Mutuel - What the France","isPartOf":{"@id":"https:\/\/whatthefrance.org\/fr\/#website"},"datePublished":"2025-05-20T09:47:18+00:00","breadcrumb":{"@id":"https:\/\/whatthefrance.org\/fr\/we-the-future-2025-what-the-france-x-printemps-de-bourges-credit-mutuel\/#breadcrumb"},"inLanguage":"fr-FR","potentialAction":[{"@type":"ReadAction","target":["https:\/\/whatthefrance.org\/fr\/we-the-future-2025-what-the-france-x-printemps-de-bourges-credit-mutuel\/"]}]},{"@type":"BreadcrumbList","@id":"https:\/\/whatthefrance.org\/fr\/we-the-future-2025-what-the-france-x-printemps-de-bourges-credit-mutuel\/#breadcrumb","itemListElement":[{"@type":"ListItem","position":1,"name":"Home","item":"https:\/\/whatthefrance.org\/fr\/"},{"@type":"ListItem","position":2,"name":"We, The Future 2025 &#8211; What The France x Printemps de Bourges Cr\u00e9dit Mutuel"}]},{"@type":"WebSite","@id":"https:\/\/whatthefrance.org\/fr\/#website","url":"https:\/\/whatthefrance.org\/fr\/","name":"What the France","description":"The finest music made in France !","publisher":{"@id":"https:\/\/whatthefrance.org\/fr\/#organization"},"potentialAction":[{"@type":"SearchAction","target":{"@type":"EntryPoint","urlTemplate":"https:\/\/whatthefrance.org\/fr\/?s={search_term_string}"},"query-input":{"@type":"PropertyValueSpecification","valueRequired":true,"valueName":"search_term_string"}}],"inLanguage":"fr-FR"},{"@type":"Organization","@id":"https:\/\/whatthefrance.org\/fr\/#organization","name":"What The France","url":"https:\/\/whatthefrance.org\/fr\/","logo":{"@type":"ImageObject","inLanguage":"fr-FR","@id":"https:\/\/whatthefrance.org\/fr\/#\/schema\/logo\/image\/","url":"https:\/\/whatthefrance.org\/wp-content\/uploads\/2019\/12\/44688719_2251580388408837_694180218134331392_n-e1577679609190.png","contentUrl":"https:\/\/whatthefrance.org\/wp-content\/uploads\/2019\/12\/44688719_2251580388408837_694180218134331392_n-e1577679609190.png","width":200,"height":200,"caption":"What The France"},"image":{"@id":"https:\/\/whatthefrance.org\/fr\/#\/schema\/logo\/image\/"}},{"@type":"Person","@id":"https:\/\/whatthefrance.org\/fr\/#\/schema\/person\/7fe7d4a997c16c2aac5d3b2c0a8e099a","name":"Rose Eme","image":{"@type":"ImageObject","inLanguage":"fr-FR","@id":"https:\/\/secure.gravatar.com\/avatar\/cad90d6a49c8bc5c513a2d2f9bc5ad2a947d9dbc21d229d8a780e959547f19cc?s=96&d=mm&r=g","url":"https:\/\/secure.gravatar.com\/avatar\/cad90d6a49c8bc5c513a2d2f9bc5ad2a947d9dbc21d229d8a780e959547f19cc?s=96&d=mm&r=g","contentUrl":"https:\/\/secure.gravatar.com\/avatar\/cad90d6a49c8bc5c513a2d2f9bc5ad2a947d9dbc21d229d8a780e959547f19cc?s=96&d=mm&r=g","caption":"Rose Eme"}}]}},"_links":{"self":[{"href":"https:\/\/whatthefrance.org\/fr\/wp-json\/wp\/v2\/posts\/74626","targetHints":{"allow":["GET"]}}],"collection":[{"href":"https:\/\/whatthefrance.org\/fr\/wp-json\/wp\/v2\/posts"}],"about":[{"href":"https:\/\/whatthefrance.org\/fr\/wp-json\/wp\/v2\/types\/post"}],"author":[{"embeddable":true,"href":"https:\/\/whatthefrance.org\/fr\/wp-json\/wp\/v2\/users\/54"}],"replies":[{"embeddable":true,"href":"https:\/\/whatthefrance.org\/fr\/wp-json\/wp\/v2\/comments?post=74626"}],"version-history":[{"count":4,"href":"https:\/\/whatthefrance.org\/fr\/wp-json\/wp\/v2\/posts\/74626\/revisions"}],"predecessor-version":[{"id":74643,"href":"https:\/\/whatthefrance.org\/fr\/wp-json\/wp\/v2\/posts\/74626\/revisions\/74643"}],"wp:attachment":[{"href":"https:\/\/whatthefrance.org\/fr\/wp-json\/wp\/v2\/media?parent=74626"}],"wp:term":[{"taxonomy":"category","embeddable":true,"href":"https:\/\/whatthefrance.org\/fr\/wp-json\/wp\/v2\/categories?post=74626"},{"taxonomy":"post_tag","embeddable":true,"href":"https:\/\/whatthefrance.org\/fr\/wp-json\/wp\/v2\/tags?post=74626"}],"curies":[{"name":"wp","href":"https:\/\/api.w.org\/{rel}","templated":true}]}}