{"id":74741,"date":"2025-06-24T18:00:44","date_gmt":"2025-06-24T16:00:44","guid":{"rendered":"https:\/\/whatthefrance.org\/?p=74741"},"modified":"2025-06-19T14:50:22","modified_gmt":"2025-06-19T12:50:22","slug":"ofe-what-the-france-live-shot","status":"publish","type":"post","link":"https:\/\/whatthefrance.org\/fr\/ofe-what-the-france-live-shot\/","title":{"rendered":"Of\u00e9 | What the France Live Shot"},"content":{"rendered":"<h2><strong>Au c\u0153ur du Chantier des Francofolies de la Rochelle, What the France a rencontr\u00e9 Of\u00e9 !<\/strong><\/h2>\n<p>Of\u00e9, chanteuse autodidacte originaire d\u2019Antibes, m\u00e9lange pop, \u00e9lectro et po\u00e9sie. Apr\u00e8s une participation \u00e0 The Voice, elle sort son premier E.P, <em>Monde Imaginaire<\/em>, en 2024 et \u00e9crit des textes introspectifs, se distinguant facilement gr\u00e2ce \u00e0 sa voix singuli\u00e8re.<\/p>\n<p><strong>Pr\u00eats pour un Live Shot avec Of\u00e9 ?<\/strong><\/p>\n<p><iframe loading=\"lazy\" title=\"Of\u00e9 - What The France Live Shot x Le Chantier des Francofolies\" width=\"500\" height=\"281\" src=\"https:\/\/www.youtube.com\/embed\/XYzUIiLwtxE?feature=oembed\" frameborder=\"0\" allow=\"accelerometer; autoplay; clipboard-write; encrypted-media; gyroscope; picture-in-picture; web-share\" referrerpolicy=\"strict-origin-when-cross-origin\" allowfullscreen><\/iframe><\/p>\n<p>Pas d\u2019\u00e9cole de musique, mais des tutoriels Youtube. C\u2019est de cette mani\u00e8re qu\u2019Of\u00e9 apprendra le piano et la guitare seule, avant de construire son propre univers musical, fusionnant fragilit\u00e9 et audace. Dans son E.P Monde Imaginaire, elle aborde des sujets tels que l\u2019amour et les ruptures, le milieu de la f\u00eate mais aussi les situations d\u2019emprise. Elle estime que les sentiments qu\u2019elle a tendance \u00e0 enfouir en elle se doivent d\u2019\u00eatre racont\u00e9s.<\/p>\n<p>Avec son public, elle construit un v\u00e9ritable \u00e9change. Elle parle, ils \u00e9coutent. C\u2019est un peu comme si le public regardait un film, un tableau ou encore un spectacle. Le trac, pour Of\u00e9, c\u2019est une d\u00e9charge d\u2019adr\u00e9naline primordiale. Sur sc\u00e8ne, chaque chanson devient un fragment d\u2019elle-m\u00eame qu\u2019elle offre sans filtre. Avec elle, le spectacle vivant n\u2019est pas juste un concert : c\u2019est une v\u00e9ritable exp\u00e9rience, port\u00e9e par une sinc\u00e9rit\u00e9 d\u00e9sarmante.<\/p>\n","protected":false},"excerpt":{"rendered":"<p>Au c\u0153ur du Chantier des Francofolies de la Rochelle, What the France a rencontr\u00e9 Of\u00e9 ! Of\u00e9, chanteuse autodidacte originaire d\u2019Antibes, m\u00e9lange pop, \u00e9lectro et po\u00e9sie. Apr\u00e8s une participation \u00e0 The Voice, elle sort son premier E.P, Monde Imaginaire, en 2024 et \u00e9crit des textes introspectifs, se distinguant facilement gr\u00e2ce \u00e0 sa voix singuli\u00e8re. Pr\u00eats [&hellip;]<\/p>\n","protected":false},"author":54,"featured_media":0,"comment_status":"closed","ping_status":"closed","sticky":false,"template":"","format":"standard","meta":{"_acf_changed":false,"footnotes":""},"categories":[217],"tags":[307],"class_list":["post-74741","post","type-post","status-publish","format-standard","hentry","category-video-fr","tag-chanson-fr"],"acf":[],"yoast_head":"<!-- This site is optimized with the Yoast SEO plugin v27.3 - https:\/\/yoast.com\/product\/yoast-seo-wordpress\/ -->\n<title>Of\u00e9 | What the France Live Shot - What the France<\/title>\n<meta name=\"robots\" content=\"index, follow, max-snippet:-1, max-image-preview:large, max-video-preview:-1\" \/>\n<link rel=\"canonical\" href=\"https:\/\/whatthefrance.org\/fr\/ofe-what-the-france-live-shot\/\" \/>\n<meta property=\"og:locale\" content=\"fr_FR\" \/>\n<meta property=\"og:type\" content=\"article\" \/>\n<meta property=\"og:title\" content=\"Of\u00e9 | What the France Live Shot - What the France\" \/>\n<meta property=\"og:description\" content=\"Au c\u0153ur du Chantier des Francofolies de la Rochelle, What the France a rencontr\u00e9 Of\u00e9 ! Of\u00e9, chanteuse autodidacte originaire d\u2019Antibes, m\u00e9lange pop, \u00e9lectro et po\u00e9sie. Apr\u00e8s une participation \u00e0 The Voice, elle sort son premier E.P, Monde Imaginaire, en 2024 et \u00e9crit des textes introspectifs, se distinguant facilement gr\u00e2ce \u00e0 sa voix singuli\u00e8re. Pr\u00eats [&hellip;]\" \/>\n<meta property=\"og:url\" content=\"https:\/\/whatthefrance.org\/fr\/ofe-what-the-france-live-shot\/\" \/>\n<meta property=\"og:site_name\" content=\"What the France\" \/>\n<meta property=\"article:published_time\" content=\"2025-06-24T16:00:44+00:00\" \/>\n<meta property=\"og:image\" content=\"https:\/\/whatthefrance.org\/wp-content\/uploads\/2025\/05\/Franco_Ofe_CouvWordpress.png\" \/>\n\t<meta property=\"og:image:width\" content=\"1084\" \/>\n\t<meta property=\"og:image:height\" content=\"452\" \/>\n<meta name=\"author\" content=\"Rose Eme\" \/>\n<meta name=\"twitter:card\" content=\"summary_large_image\" \/>\n<meta name=\"twitter:label1\" content=\"\u00c9crit par\" \/>\n\t<meta name=\"twitter:data1\" content=\"Rose Eme\" \/>\n\t<meta name=\"twitter:label2\" content=\"Dur\u00e9e de lecture estim\u00e9e\" \/>\n\t<meta name=\"twitter:data2\" content=\"1 minute\" \/>\n<script type=\"application\/ld+json\" class=\"yoast-schema-graph\">{\"@context\":\"https:\\\/\\\/schema.org\",\"@graph\":[{\"@type\":\"Article\",\"@id\":\"https:\\\/\\\/whatthefrance.org\\\/fr\\\/ofe-what-the-france-live-shot\\\/#article\",\"isPartOf\":{\"@id\":\"https:\\\/\\\/whatthefrance.org\\\/fr\\\/ofe-what-the-france-live-shot\\\/\"},\"author\":{\"name\":\"Rose Eme\",\"@id\":\"https:\\\/\\\/whatthefrance.org\\\/fr\\\/#\\\/schema\\\/person\\\/7fe7d4a997c16c2aac5d3b2c0a8e099a\"},\"headline\":\"Of\u00e9 | What the France Live Shot\",\"datePublished\":\"2025-06-24T16:00:44+00:00\",\"mainEntityOfPage\":{\"@id\":\"https:\\\/\\\/whatthefrance.org\\\/fr\\\/ofe-what-the-france-live-shot\\\/\"},\"wordCount\":245,\"publisher\":{\"@id\":\"https:\\\/\\\/whatthefrance.org\\\/fr\\\/#organization\"},\"keywords\":[\"Chanson\"],\"articleSection\":[\"Video\"],\"inLanguage\":\"fr-FR\"},{\"@type\":\"WebPage\",\"@id\":\"https:\\\/\\\/whatthefrance.org\\\/fr\\\/ofe-what-the-france-live-shot\\\/\",\"url\":\"https:\\\/\\\/whatthefrance.org\\\/fr\\\/ofe-what-the-france-live-shot\\\/\",\"name\":\"Of\u00e9 | What the France Live Shot - What the France\",\"isPartOf\":{\"@id\":\"https:\\\/\\\/whatthefrance.org\\\/fr\\\/#website\"},\"datePublished\":\"2025-06-24T16:00:44+00:00\",\"breadcrumb\":{\"@id\":\"https:\\\/\\\/whatthefrance.org\\\/fr\\\/ofe-what-the-france-live-shot\\\/#breadcrumb\"},\"inLanguage\":\"fr-FR\",\"potentialAction\":[{\"@type\":\"ReadAction\",\"target\":[\"https:\\\/\\\/whatthefrance.org\\\/fr\\\/ofe-what-the-france-live-shot\\\/\"]}]},{\"@type\":\"BreadcrumbList\",\"@id\":\"https:\\\/\\\/whatthefrance.org\\\/fr\\\/ofe-what-the-france-live-shot\\\/#breadcrumb\",\"itemListElement\":[{\"@type\":\"ListItem\",\"position\":1,\"name\":\"Home\",\"item\":\"https:\\\/\\\/whatthefrance.org\\\/fr\\\/\"},{\"@type\":\"ListItem\",\"position\":2,\"name\":\"Of\u00e9 | What the France Live Shot\"}]},{\"@type\":\"WebSite\",\"@id\":\"https:\\\/\\\/whatthefrance.org\\\/fr\\\/#website\",\"url\":\"https:\\\/\\\/whatthefrance.org\\\/fr\\\/\",\"name\":\"What the France\",\"description\":\"The finest music made in France !\",\"publisher\":{\"@id\":\"https:\\\/\\\/whatthefrance.org\\\/fr\\\/#organization\"},\"potentialAction\":[{\"@type\":\"SearchAction\",\"target\":{\"@type\":\"EntryPoint\",\"urlTemplate\":\"https:\\\/\\\/whatthefrance.org\\\/fr\\\/?s={search_term_string}\"},\"query-input\":{\"@type\":\"PropertyValueSpecification\",\"valueRequired\":true,\"valueName\":\"search_term_string\"}}],\"inLanguage\":\"fr-FR\"},{\"@type\":\"Organization\",\"@id\":\"https:\\\/\\\/whatthefrance.org\\\/fr\\\/#organization\",\"name\":\"What The France\",\"url\":\"https:\\\/\\\/whatthefrance.org\\\/fr\\\/\",\"logo\":{\"@type\":\"ImageObject\",\"inLanguage\":\"fr-FR\",\"@id\":\"https:\\\/\\\/whatthefrance.org\\\/fr\\\/#\\\/schema\\\/logo\\\/image\\\/\",\"url\":\"https:\\\/\\\/whatthefrance.org\\\/wp-content\\\/uploads\\\/2019\\\/12\\\/44688719_2251580388408837_694180218134331392_n-e1577679609190.png\",\"contentUrl\":\"https:\\\/\\\/whatthefrance.org\\\/wp-content\\\/uploads\\\/2019\\\/12\\\/44688719_2251580388408837_694180218134331392_n-e1577679609190.png\",\"width\":200,\"height\":200,\"caption\":\"What The France\"},\"image\":{\"@id\":\"https:\\\/\\\/whatthefrance.org\\\/fr\\\/#\\\/schema\\\/logo\\\/image\\\/\"}},{\"@type\":\"Person\",\"@id\":\"https:\\\/\\\/whatthefrance.org\\\/fr\\\/#\\\/schema\\\/person\\\/7fe7d4a997c16c2aac5d3b2c0a8e099a\",\"name\":\"Rose Eme\",\"image\":{\"@type\":\"ImageObject\",\"inLanguage\":\"fr-FR\",\"@id\":\"https:\\\/\\\/secure.gravatar.com\\\/avatar\\\/cad90d6a49c8bc5c513a2d2f9bc5ad2a947d9dbc21d229d8a780e959547f19cc?s=96&d=mm&r=g\",\"url\":\"https:\\\/\\\/secure.gravatar.com\\\/avatar\\\/cad90d6a49c8bc5c513a2d2f9bc5ad2a947d9dbc21d229d8a780e959547f19cc?s=96&d=mm&r=g\",\"contentUrl\":\"https:\\\/\\\/secure.gravatar.com\\\/avatar\\\/cad90d6a49c8bc5c513a2d2f9bc5ad2a947d9dbc21d229d8a780e959547f19cc?s=96&d=mm&r=g\",\"caption\":\"Rose Eme\"}}]}<\/script>\n<!-- \/ Yoast SEO plugin. -->","yoast_head_json":{"title":"Of\u00e9 | What the France Live Shot - What the France","robots":{"index":"index","follow":"follow","max-snippet":"max-snippet:-1","max-image-preview":"max-image-preview:large","max-video-preview":"max-video-preview:-1"},"canonical":"https:\/\/whatthefrance.org\/fr\/ofe-what-the-france-live-shot\/","og_locale":"fr_FR","og_type":"article","og_title":"Of\u00e9 | What the France Live Shot - What the France","og_description":"Au c\u0153ur du Chantier des Francofolies de la Rochelle, What the France a rencontr\u00e9 Of\u00e9 ! Of\u00e9, chanteuse autodidacte originaire d\u2019Antibes, m\u00e9lange pop, \u00e9lectro et po\u00e9sie. Apr\u00e8s une participation \u00e0 The Voice, elle sort son premier E.P, Monde Imaginaire, en 2024 et \u00e9crit des textes introspectifs, se distinguant facilement gr\u00e2ce \u00e0 sa voix singuli\u00e8re. Pr\u00eats [&hellip;]","og_url":"https:\/\/whatthefrance.org\/fr\/ofe-what-the-france-live-shot\/","og_site_name":"What the France","article_published_time":"2025-06-24T16:00:44+00:00","og_image":[{"url":"https:\/\/whatthefrance.org\/wp-content\/uploads\/2025\/05\/Franco_Ofe_CouvWordpress.png","height":452,"width":1084,"type":""}],"author":"Rose Eme","twitter_card":"summary_large_image","twitter_misc":{"\u00c9crit par":"Rose Eme","Dur\u00e9e de lecture estim\u00e9e":"1 minute"},"schema":{"@context":"https:\/\/schema.org","@graph":[{"@type":"Article","@id":"https:\/\/whatthefrance.org\/fr\/ofe-what-the-france-live-shot\/#article","isPartOf":{"@id":"https:\/\/whatthefrance.org\/fr\/ofe-what-the-france-live-shot\/"},"author":{"name":"Rose Eme","@id":"https:\/\/whatthefrance.org\/fr\/#\/schema\/person\/7fe7d4a997c16c2aac5d3b2c0a8e099a"},"headline":"Of\u00e9 | What the France Live Shot","datePublished":"2025-06-24T16:00:44+00:00","mainEntityOfPage":{"@id":"https:\/\/whatthefrance.org\/fr\/ofe-what-the-france-live-shot\/"},"wordCount":245,"publisher":{"@id":"https:\/\/whatthefrance.org\/fr\/#organization"},"keywords":["Chanson"],"articleSection":["Video"],"inLanguage":"fr-FR"},{"@type":"WebPage","@id":"https:\/\/whatthefrance.org\/fr\/ofe-what-the-france-live-shot\/","url":"https:\/\/whatthefrance.org\/fr\/ofe-what-the-france-live-shot\/","name":"Of\u00e9 | What the France Live Shot - What the France","isPartOf":{"@id":"https:\/\/whatthefrance.org\/fr\/#website"},"datePublished":"2025-06-24T16:00:44+00:00","breadcrumb":{"@id":"https:\/\/whatthefrance.org\/fr\/ofe-what-the-france-live-shot\/#breadcrumb"},"inLanguage":"fr-FR","potentialAction":[{"@type":"ReadAction","target":["https:\/\/whatthefrance.org\/fr\/ofe-what-the-france-live-shot\/"]}]},{"@type":"BreadcrumbList","@id":"https:\/\/whatthefrance.org\/fr\/ofe-what-the-france-live-shot\/#breadcrumb","itemListElement":[{"@type":"ListItem","position":1,"name":"Home","item":"https:\/\/whatthefrance.org\/fr\/"},{"@type":"ListItem","position":2,"name":"Of\u00e9 | What the France Live Shot"}]},{"@type":"WebSite","@id":"https:\/\/whatthefrance.org\/fr\/#website","url":"https:\/\/whatthefrance.org\/fr\/","name":"What the France","description":"The finest music made in France !","publisher":{"@id":"https:\/\/whatthefrance.org\/fr\/#organization"},"potentialAction":[{"@type":"SearchAction","target":{"@type":"EntryPoint","urlTemplate":"https:\/\/whatthefrance.org\/fr\/?s={search_term_string}"},"query-input":{"@type":"PropertyValueSpecification","valueRequired":true,"valueName":"search_term_string"}}],"inLanguage":"fr-FR"},{"@type":"Organization","@id":"https:\/\/whatthefrance.org\/fr\/#organization","name":"What The France","url":"https:\/\/whatthefrance.org\/fr\/","logo":{"@type":"ImageObject","inLanguage":"fr-FR","@id":"https:\/\/whatthefrance.org\/fr\/#\/schema\/logo\/image\/","url":"https:\/\/whatthefrance.org\/wp-content\/uploads\/2019\/12\/44688719_2251580388408837_694180218134331392_n-e1577679609190.png","contentUrl":"https:\/\/whatthefrance.org\/wp-content\/uploads\/2019\/12\/44688719_2251580388408837_694180218134331392_n-e1577679609190.png","width":200,"height":200,"caption":"What The France"},"image":{"@id":"https:\/\/whatthefrance.org\/fr\/#\/schema\/logo\/image\/"}},{"@type":"Person","@id":"https:\/\/whatthefrance.org\/fr\/#\/schema\/person\/7fe7d4a997c16c2aac5d3b2c0a8e099a","name":"Rose Eme","image":{"@type":"ImageObject","inLanguage":"fr-FR","@id":"https:\/\/secure.gravatar.com\/avatar\/cad90d6a49c8bc5c513a2d2f9bc5ad2a947d9dbc21d229d8a780e959547f19cc?s=96&d=mm&r=g","url":"https:\/\/secure.gravatar.com\/avatar\/cad90d6a49c8bc5c513a2d2f9bc5ad2a947d9dbc21d229d8a780e959547f19cc?s=96&d=mm&r=g","contentUrl":"https:\/\/secure.gravatar.com\/avatar\/cad90d6a49c8bc5c513a2d2f9bc5ad2a947d9dbc21d229d8a780e959547f19cc?s=96&d=mm&r=g","caption":"Rose Eme"}}]}},"_links":{"self":[{"href":"https:\/\/whatthefrance.org\/fr\/wp-json\/wp\/v2\/posts\/74741","targetHints":{"allow":["GET"]}}],"collection":[{"href":"https:\/\/whatthefrance.org\/fr\/wp-json\/wp\/v2\/posts"}],"about":[{"href":"https:\/\/whatthefrance.org\/fr\/wp-json\/wp\/v2\/types\/post"}],"author":[{"embeddable":true,"href":"https:\/\/whatthefrance.org\/fr\/wp-json\/wp\/v2\/users\/54"}],"replies":[{"embeddable":true,"href":"https:\/\/whatthefrance.org\/fr\/wp-json\/wp\/v2\/comments?post=74741"}],"version-history":[{"count":2,"href":"https:\/\/whatthefrance.org\/fr\/wp-json\/wp\/v2\/posts\/74741\/revisions"}],"predecessor-version":[{"id":74857,"href":"https:\/\/whatthefrance.org\/fr\/wp-json\/wp\/v2\/posts\/74741\/revisions\/74857"}],"wp:attachment":[{"href":"https:\/\/whatthefrance.org\/fr\/wp-json\/wp\/v2\/media?parent=74741"}],"wp:term":[{"taxonomy":"category","embeddable":true,"href":"https:\/\/whatthefrance.org\/fr\/wp-json\/wp\/v2\/categories?post=74741"},{"taxonomy":"post_tag","embeddable":true,"href":"https:\/\/whatthefrance.org\/fr\/wp-json\/wp\/v2\/tags?post=74741"}],"curies":[{"name":"wp","href":"https:\/\/api.w.org\/{rel}","templated":true}]}}