{"id":74755,"date":"2025-06-17T18:00:00","date_gmt":"2025-06-17T16:00:00","guid":{"rendered":"https:\/\/whatthefrance.org\/?p=74755"},"modified":"2025-06-11T15:14:19","modified_gmt":"2025-06-11T13:14:19","slug":"andeol-what-the-france-live-shot","status":"publish","type":"post","link":"https:\/\/whatthefrance.org\/fr\/andeol-what-the-france-live-shot\/","title":{"rendered":"And\u00e9ol | What the France Live Shot"},"content":{"rendered":"<h2><strong>Au c\u0153ur du Chantier des Francofolies de la Rochelle, What the France a rencontr\u00e9 And\u00e9ol !<\/strong><\/h2>\n<p>And\u00e9ol s\u2019impose comme l\u2019une des nouvelles voix les plus prometteuses de la sc\u00e8ne fran\u00e7aise. A mi-chemin entre chanson sensible et pop \u00e9lectronique, il construit un univers \u00e0 la fois intime et contemporain, port\u00e9 par des textes introspectifs et une esth\u00e9tique soign\u00e9e.<\/p>\n<p><strong>Pr\u00eats pour un live Shot avec And\u00e9ol ?<\/strong><\/p>\n<p><iframe loading=\"lazy\" title=\"And\u00e9ol - What The France Live Shot x Le Chantier des Francofolies\" width=\"500\" height=\"281\" src=\"https:\/\/www.youtube.com\/embed\/AtBRtYOvgUg?feature=oembed\" frameborder=\"0\" allow=\"accelerometer; autoplay; clipboard-write; encrypted-media; gyroscope; picture-in-picture; web-share\" referrerpolicy=\"strict-origin-when-cross-origin\" allowfullscreen><\/iframe><\/p>\n<p>Le jeune artiste parle principalement d\u2019amour dans ses chansons. Mais ce th\u00e8me n\u2019est qu\u2019un pr\u00e9texte pour raconter sa vie et celle des autres. Pour And\u00e9ol, une histoire d\u2019amour accompagne un personnage pour lui faire vivre de nouvelles choses. Et c\u2019est exactement ce qu\u2019il recherche : se renouveler continuellement.<\/p>\n<p>Apr\u00e8s un premier EP, intitul\u00e9 Bisou sur la bouche, sorti en fin d\u2019ann\u00e9e 2024, accompagn\u00e9 de concerts \u00e0 la Boule Noire et au Point Eph\u00e9m\u00e8re, il se produira prochainement \u00e0 la Maroquinerie le 26 juin 2025, devant son public qu\u2019il consid\u00e8re comme un membre \u00e0 part enti\u00e8re de son groupe, bien qu\u2019il ne soit pas sur sc\u00e8ne avec lui.<\/p>\n","protected":false},"excerpt":{"rendered":"<p>Au c\u0153ur du Chantier des Francofolies de la Rochelle, What the France a rencontr\u00e9 And\u00e9ol ! And\u00e9ol s\u2019impose comme l\u2019une des nouvelles voix les plus prometteuses de la sc\u00e8ne fran\u00e7aise. A mi-chemin entre chanson sensible et pop \u00e9lectronique, il construit un univers \u00e0 la fois intime et contemporain, port\u00e9 par des textes introspectifs et une [&hellip;]<\/p>\n","protected":false},"author":54,"featured_media":0,"comment_status":"closed","ping_status":"closed","sticky":false,"template":"","format":"standard","meta":{"_acf_changed":false,"footnotes":""},"categories":[217],"tags":[340],"class_list":["post-74755","post","type-post","status-publish","format-standard","hentry","category-video-fr","tag-pop-fr"],"acf":[],"yoast_head":"<!-- This site is optimized with the Yoast SEO plugin v27.3 - https:\/\/yoast.com\/product\/yoast-seo-wordpress\/ -->\n<title>And\u00e9ol | What the France Live Shot - What the France<\/title>\n<meta name=\"robots\" content=\"index, follow, max-snippet:-1, max-image-preview:large, max-video-preview:-1\" \/>\n<link rel=\"canonical\" href=\"https:\/\/whatthefrance.org\/fr\/andeol-what-the-france-live-shot\/\" \/>\n<meta property=\"og:locale\" content=\"fr_FR\" \/>\n<meta property=\"og:type\" content=\"article\" \/>\n<meta property=\"og:title\" content=\"And\u00e9ol | What the France Live Shot - What the France\" \/>\n<meta property=\"og:description\" content=\"Au c\u0153ur du Chantier des Francofolies de la Rochelle, What the France a rencontr\u00e9 And\u00e9ol ! And\u00e9ol s\u2019impose comme l\u2019une des nouvelles voix les plus prometteuses de la sc\u00e8ne fran\u00e7aise. A mi-chemin entre chanson sensible et pop \u00e9lectronique, il construit un univers \u00e0 la fois intime et contemporain, port\u00e9 par des textes introspectifs et une [&hellip;]\" \/>\n<meta property=\"og:url\" content=\"https:\/\/whatthefrance.org\/fr\/andeol-what-the-france-live-shot\/\" \/>\n<meta property=\"og:site_name\" content=\"What the France\" \/>\n<meta property=\"article:published_time\" content=\"2025-06-17T16:00:00+00:00\" \/>\n<meta property=\"og:image\" content=\"https:\/\/whatthefrance.org\/wp-content\/uploads\/2025\/05\/Franco_Andeol_CouvWordpress.png\" \/>\n\t<meta property=\"og:image:width\" content=\"1084\" \/>\n\t<meta property=\"og:image:height\" content=\"452\" \/>\n<meta name=\"author\" content=\"Rose Eme\" \/>\n<meta name=\"twitter:card\" content=\"summary_large_image\" \/>\n<meta name=\"twitter:label1\" content=\"\u00c9crit par\" \/>\n\t<meta name=\"twitter:data1\" content=\"Rose Eme\" \/>\n\t<meta name=\"twitter:label2\" content=\"Dur\u00e9e de lecture estim\u00e9e\" \/>\n\t<meta name=\"twitter:data2\" content=\"1 minute\" \/>\n<script type=\"application\/ld+json\" class=\"yoast-schema-graph\">{\"@context\":\"https:\\\/\\\/schema.org\",\"@graph\":[{\"@type\":\"Article\",\"@id\":\"https:\\\/\\\/whatthefrance.org\\\/fr\\\/andeol-what-the-france-live-shot\\\/#article\",\"isPartOf\":{\"@id\":\"https:\\\/\\\/whatthefrance.org\\\/fr\\\/andeol-what-the-france-live-shot\\\/\"},\"author\":{\"name\":\"Rose Eme\",\"@id\":\"https:\\\/\\\/whatthefrance.org\\\/fr\\\/#\\\/schema\\\/person\\\/7fe7d4a997c16c2aac5d3b2c0a8e099a\"},\"headline\":\"And\u00e9ol | What the France Live Shot\",\"datePublished\":\"2025-06-17T16:00:00+00:00\",\"mainEntityOfPage\":{\"@id\":\"https:\\\/\\\/whatthefrance.org\\\/fr\\\/andeol-what-the-france-live-shot\\\/\"},\"wordCount\":205,\"publisher\":{\"@id\":\"https:\\\/\\\/whatthefrance.org\\\/fr\\\/#organization\"},\"keywords\":[\"Pop\"],\"articleSection\":[\"Video\"],\"inLanguage\":\"fr-FR\"},{\"@type\":\"WebPage\",\"@id\":\"https:\\\/\\\/whatthefrance.org\\\/fr\\\/andeol-what-the-france-live-shot\\\/\",\"url\":\"https:\\\/\\\/whatthefrance.org\\\/fr\\\/andeol-what-the-france-live-shot\\\/\",\"name\":\"And\u00e9ol | What the France Live Shot - What the France\",\"isPartOf\":{\"@id\":\"https:\\\/\\\/whatthefrance.org\\\/fr\\\/#website\"},\"datePublished\":\"2025-06-17T16:00:00+00:00\",\"breadcrumb\":{\"@id\":\"https:\\\/\\\/whatthefrance.org\\\/fr\\\/andeol-what-the-france-live-shot\\\/#breadcrumb\"},\"inLanguage\":\"fr-FR\",\"potentialAction\":[{\"@type\":\"ReadAction\",\"target\":[\"https:\\\/\\\/whatthefrance.org\\\/fr\\\/andeol-what-the-france-live-shot\\\/\"]}]},{\"@type\":\"BreadcrumbList\",\"@id\":\"https:\\\/\\\/whatthefrance.org\\\/fr\\\/andeol-what-the-france-live-shot\\\/#breadcrumb\",\"itemListElement\":[{\"@type\":\"ListItem\",\"position\":1,\"name\":\"Home\",\"item\":\"https:\\\/\\\/whatthefrance.org\\\/fr\\\/\"},{\"@type\":\"ListItem\",\"position\":2,\"name\":\"And\u00e9ol | What the France Live Shot\"}]},{\"@type\":\"WebSite\",\"@id\":\"https:\\\/\\\/whatthefrance.org\\\/fr\\\/#website\",\"url\":\"https:\\\/\\\/whatthefrance.org\\\/fr\\\/\",\"name\":\"What the France\",\"description\":\"The finest music made in France !\",\"publisher\":{\"@id\":\"https:\\\/\\\/whatthefrance.org\\\/fr\\\/#organization\"},\"potentialAction\":[{\"@type\":\"SearchAction\",\"target\":{\"@type\":\"EntryPoint\",\"urlTemplate\":\"https:\\\/\\\/whatthefrance.org\\\/fr\\\/?s={search_term_string}\"},\"query-input\":{\"@type\":\"PropertyValueSpecification\",\"valueRequired\":true,\"valueName\":\"search_term_string\"}}],\"inLanguage\":\"fr-FR\"},{\"@type\":\"Organization\",\"@id\":\"https:\\\/\\\/whatthefrance.org\\\/fr\\\/#organization\",\"name\":\"What The France\",\"url\":\"https:\\\/\\\/whatthefrance.org\\\/fr\\\/\",\"logo\":{\"@type\":\"ImageObject\",\"inLanguage\":\"fr-FR\",\"@id\":\"https:\\\/\\\/whatthefrance.org\\\/fr\\\/#\\\/schema\\\/logo\\\/image\\\/\",\"url\":\"https:\\\/\\\/whatthefrance.org\\\/wp-content\\\/uploads\\\/2019\\\/12\\\/44688719_2251580388408837_694180218134331392_n-e1577679609190.png\",\"contentUrl\":\"https:\\\/\\\/whatthefrance.org\\\/wp-content\\\/uploads\\\/2019\\\/12\\\/44688719_2251580388408837_694180218134331392_n-e1577679609190.png\",\"width\":200,\"height\":200,\"caption\":\"What The France\"},\"image\":{\"@id\":\"https:\\\/\\\/whatthefrance.org\\\/fr\\\/#\\\/schema\\\/logo\\\/image\\\/\"}},{\"@type\":\"Person\",\"@id\":\"https:\\\/\\\/whatthefrance.org\\\/fr\\\/#\\\/schema\\\/person\\\/7fe7d4a997c16c2aac5d3b2c0a8e099a\",\"name\":\"Rose Eme\",\"image\":{\"@type\":\"ImageObject\",\"inLanguage\":\"fr-FR\",\"@id\":\"https:\\\/\\\/secure.gravatar.com\\\/avatar\\\/cad90d6a49c8bc5c513a2d2f9bc5ad2a947d9dbc21d229d8a780e959547f19cc?s=96&d=mm&r=g\",\"url\":\"https:\\\/\\\/secure.gravatar.com\\\/avatar\\\/cad90d6a49c8bc5c513a2d2f9bc5ad2a947d9dbc21d229d8a780e959547f19cc?s=96&d=mm&r=g\",\"contentUrl\":\"https:\\\/\\\/secure.gravatar.com\\\/avatar\\\/cad90d6a49c8bc5c513a2d2f9bc5ad2a947d9dbc21d229d8a780e959547f19cc?s=96&d=mm&r=g\",\"caption\":\"Rose Eme\"}}]}<\/script>\n<!-- \/ Yoast SEO plugin. -->","yoast_head_json":{"title":"And\u00e9ol | What the France Live Shot - What the France","robots":{"index":"index","follow":"follow","max-snippet":"max-snippet:-1","max-image-preview":"max-image-preview:large","max-video-preview":"max-video-preview:-1"},"canonical":"https:\/\/whatthefrance.org\/fr\/andeol-what-the-france-live-shot\/","og_locale":"fr_FR","og_type":"article","og_title":"And\u00e9ol | What the France Live Shot - What the France","og_description":"Au c\u0153ur du Chantier des Francofolies de la Rochelle, What the France a rencontr\u00e9 And\u00e9ol ! And\u00e9ol s\u2019impose comme l\u2019une des nouvelles voix les plus prometteuses de la sc\u00e8ne fran\u00e7aise. A mi-chemin entre chanson sensible et pop \u00e9lectronique, il construit un univers \u00e0 la fois intime et contemporain, port\u00e9 par des textes introspectifs et une [&hellip;]","og_url":"https:\/\/whatthefrance.org\/fr\/andeol-what-the-france-live-shot\/","og_site_name":"What the France","article_published_time":"2025-06-17T16:00:00+00:00","og_image":[{"url":"https:\/\/whatthefrance.org\/wp-content\/uploads\/2025\/05\/Franco_Andeol_CouvWordpress.png","height":452,"width":1084,"type":""}],"author":"Rose Eme","twitter_card":"summary_large_image","twitter_misc":{"\u00c9crit par":"Rose Eme","Dur\u00e9e de lecture estim\u00e9e":"1 minute"},"schema":{"@context":"https:\/\/schema.org","@graph":[{"@type":"Article","@id":"https:\/\/whatthefrance.org\/fr\/andeol-what-the-france-live-shot\/#article","isPartOf":{"@id":"https:\/\/whatthefrance.org\/fr\/andeol-what-the-france-live-shot\/"},"author":{"name":"Rose Eme","@id":"https:\/\/whatthefrance.org\/fr\/#\/schema\/person\/7fe7d4a997c16c2aac5d3b2c0a8e099a"},"headline":"And\u00e9ol | What the France Live Shot","datePublished":"2025-06-17T16:00:00+00:00","mainEntityOfPage":{"@id":"https:\/\/whatthefrance.org\/fr\/andeol-what-the-france-live-shot\/"},"wordCount":205,"publisher":{"@id":"https:\/\/whatthefrance.org\/fr\/#organization"},"keywords":["Pop"],"articleSection":["Video"],"inLanguage":"fr-FR"},{"@type":"WebPage","@id":"https:\/\/whatthefrance.org\/fr\/andeol-what-the-france-live-shot\/","url":"https:\/\/whatthefrance.org\/fr\/andeol-what-the-france-live-shot\/","name":"And\u00e9ol | What the France Live Shot - What the France","isPartOf":{"@id":"https:\/\/whatthefrance.org\/fr\/#website"},"datePublished":"2025-06-17T16:00:00+00:00","breadcrumb":{"@id":"https:\/\/whatthefrance.org\/fr\/andeol-what-the-france-live-shot\/#breadcrumb"},"inLanguage":"fr-FR","potentialAction":[{"@type":"ReadAction","target":["https:\/\/whatthefrance.org\/fr\/andeol-what-the-france-live-shot\/"]}]},{"@type":"BreadcrumbList","@id":"https:\/\/whatthefrance.org\/fr\/andeol-what-the-france-live-shot\/#breadcrumb","itemListElement":[{"@type":"ListItem","position":1,"name":"Home","item":"https:\/\/whatthefrance.org\/fr\/"},{"@type":"ListItem","position":2,"name":"And\u00e9ol | What the France Live Shot"}]},{"@type":"WebSite","@id":"https:\/\/whatthefrance.org\/fr\/#website","url":"https:\/\/whatthefrance.org\/fr\/","name":"What the France","description":"The finest music made in France !","publisher":{"@id":"https:\/\/whatthefrance.org\/fr\/#organization"},"potentialAction":[{"@type":"SearchAction","target":{"@type":"EntryPoint","urlTemplate":"https:\/\/whatthefrance.org\/fr\/?s={search_term_string}"},"query-input":{"@type":"PropertyValueSpecification","valueRequired":true,"valueName":"search_term_string"}}],"inLanguage":"fr-FR"},{"@type":"Organization","@id":"https:\/\/whatthefrance.org\/fr\/#organization","name":"What The France","url":"https:\/\/whatthefrance.org\/fr\/","logo":{"@type":"ImageObject","inLanguage":"fr-FR","@id":"https:\/\/whatthefrance.org\/fr\/#\/schema\/logo\/image\/","url":"https:\/\/whatthefrance.org\/wp-content\/uploads\/2019\/12\/44688719_2251580388408837_694180218134331392_n-e1577679609190.png","contentUrl":"https:\/\/whatthefrance.org\/wp-content\/uploads\/2019\/12\/44688719_2251580388408837_694180218134331392_n-e1577679609190.png","width":200,"height":200,"caption":"What The France"},"image":{"@id":"https:\/\/whatthefrance.org\/fr\/#\/schema\/logo\/image\/"}},{"@type":"Person","@id":"https:\/\/whatthefrance.org\/fr\/#\/schema\/person\/7fe7d4a997c16c2aac5d3b2c0a8e099a","name":"Rose Eme","image":{"@type":"ImageObject","inLanguage":"fr-FR","@id":"https:\/\/secure.gravatar.com\/avatar\/cad90d6a49c8bc5c513a2d2f9bc5ad2a947d9dbc21d229d8a780e959547f19cc?s=96&d=mm&r=g","url":"https:\/\/secure.gravatar.com\/avatar\/cad90d6a49c8bc5c513a2d2f9bc5ad2a947d9dbc21d229d8a780e959547f19cc?s=96&d=mm&r=g","contentUrl":"https:\/\/secure.gravatar.com\/avatar\/cad90d6a49c8bc5c513a2d2f9bc5ad2a947d9dbc21d229d8a780e959547f19cc?s=96&d=mm&r=g","caption":"Rose Eme"}}]}},"_links":{"self":[{"href":"https:\/\/whatthefrance.org\/fr\/wp-json\/wp\/v2\/posts\/74755","targetHints":{"allow":["GET"]}}],"collection":[{"href":"https:\/\/whatthefrance.org\/fr\/wp-json\/wp\/v2\/posts"}],"about":[{"href":"https:\/\/whatthefrance.org\/fr\/wp-json\/wp\/v2\/types\/post"}],"author":[{"embeddable":true,"href":"https:\/\/whatthefrance.org\/fr\/wp-json\/wp\/v2\/users\/54"}],"replies":[{"embeddable":true,"href":"https:\/\/whatthefrance.org\/fr\/wp-json\/wp\/v2\/comments?post=74755"}],"version-history":[{"count":1,"href":"https:\/\/whatthefrance.org\/fr\/wp-json\/wp\/v2\/posts\/74755\/revisions"}],"predecessor-version":[{"id":74766,"href":"https:\/\/whatthefrance.org\/fr\/wp-json\/wp\/v2\/posts\/74755\/revisions\/74766"}],"wp:attachment":[{"href":"https:\/\/whatthefrance.org\/fr\/wp-json\/wp\/v2\/media?parent=74755"}],"wp:term":[{"taxonomy":"category","embeddable":true,"href":"https:\/\/whatthefrance.org\/fr\/wp-json\/wp\/v2\/categories?post=74755"},{"taxonomy":"post_tag","embeddable":true,"href":"https:\/\/whatthefrance.org\/fr\/wp-json\/wp\/v2\/tags?post=74755"}],"curies":[{"name":"wp","href":"https:\/\/api.w.org\/{rel}","templated":true}]}}