{"id":75283,"date":"2025-10-20T18:18:10","date_gmt":"2025-10-20T16:18:10","guid":{"rendered":"https:\/\/whatthefrance.org\/benjamin-biolay-a-new-album-and-an-exclusive-playlist-for-what-the-france\/"},"modified":"2025-10-21T10:45:53","modified_gmt":"2025-10-21T08:45:53","slug":"un-nouvel-album-et-une-playlist-exclusive-pour-what-the-france","status":"publish","type":"post","link":"https:\/\/whatthefrance.org\/fr\/un-nouvel-album-et-une-playlist-exclusive-pour-what-the-france\/","title":{"rendered":"Benjamin Biolay | Un nouvel album et une playlist exclusive pour What the France !"},"content":{"rendered":"<p>Auteur-compositeur-interpr\u00e8te, musicien et producteur, <strong>Benjamin Biolay<\/strong> est l&rsquo;un des artistes les plus influents et respect\u00e9s de la sc\u00e8ne musicale fran\u00e7aise par son style unique m\u00e9langeant pop, rock, et chanson fran\u00e7aise.<\/p>\n<p>&nbsp;<\/p>\n<p>Arriv\u00e9 sur sc\u00e8ne avec l\u2019album <em>Rose Kennedy<\/em> en 2001, largement salu\u00e9 par la critique, il a par la suite sorti 9 autres albums au cours de sa carri\u00e8re. Son parcours lui a valu de nombreuses r\u00e9compenses, notamment aux Victoires de la Musique, o\u00f9 il a remport\u00e9 plusieurs distinctions. Depuis 2002 o\u00f9 il a \u00e9t\u00e9 sacr\u00e9 \u00ab\u00a0R\u00e9v\u00e9lation Masculine de l&rsquo;Ann\u00e9e\u00a0\u00bb, jusqu\u2019en 2021 o\u00f9 il a \u00e9t\u00e9 r\u00e9compens\u00e9 dans les\u00a0 cat\u00e9gories \u00ab\u00a0Artiste masculin de l\u2019ann\u00e9e\u00a0\u00bb, \u00ab\u00a0Album de l\u2019ann\u00e9e\u00a0\u00bb et \u00ab\u00a0Chanson de l\u2019ann\u00e9e\u00a0\u00bb. Ses titres, souvent salu\u00e9s pour leur profondeur lyrique et leur sophistication musicale, renforcent sa r\u00e9putation d&rsquo;auteur-compositeur parmi les plus cr\u00e9dibles.Benjamin Biolay est \u00e9galement connu pour ses collaborations nombreuses avec d&rsquo;autres artistes de renom, ce qui t\u00e9moigne de son influence et de son statut dans l&rsquo;industrie musicale, bien au-del\u00e0 des fronti\u00e8res. Sa relation avec l&rsquo;Am\u00e9rique latine est\u00a0 une constante depuis des ann\u00e9es dans son \u0153uvre.<\/p>\n<p>&nbsp;<\/p>\n<p><strong><em>Le Disque Bleu<\/em><\/strong> est le onzi\u00e8me album \u00e0 s\u2019inscrire dans la discographie de Benjamin Biolay. Compos\u00e9, \u00e9crit et enregistr\u00e9 entre Paris, S\u00e8te, Bruxelles, Buenos Aires et Rio de Janeiro, il est disponible depuis le 17 octobre en deux volumes distincts mais compl\u00e9mentaires, baptis\u00e9s <em>R\u00e9sidents<\/em> pour le premier disque et <em>Visiteurs<\/em> pour le deuxi\u00e8me disque. Ce nouvel opus est une invitation au voyage entre les deux rives de l\u2019Atlantique, un voyage d\u2019une richesse musicale inou\u00efe et d\u2019une profondeur lexicale insens\u00e9e entre la France et l\u2019Am\u00e9rique du Sud.<\/p>\n<p>&nbsp;<\/p>\n<p>Pour accompagner cette sortie, Benjamin Biolay a mis au point pour What the France une playlist exclusive regroupant quelques uns de ses coups de c\u0153ur \u00ab\u00a0made in France\u00a0\u00bb. Vous pourrez y retrouver des titres sign\u00e9s L\u2019Affaire Louis\u2019 Trio, Georges Moustaki, Henri Salvador, Laurent Voulzy, Julien Baer, Pierre Barouh, Brigitte Fontaine &amp; Areski Belkacem, Fran\u00e7oise Hardy, Stacey Kent, Etienne Daho &amp; Astrud Gilberto, Serge Gainsbourg, Claude Nougaro, Pauline Croze, Coralie Cl\u00e9ment, Maxime Le Forestier, Philippe Katerine ou Bernard Lavilliers.<\/p>\n<div class=\"playListBloc singleBloc\"><div class=\"playListBloc-wrap\">    <div class=\"thumbnail\"><img data-src=\"https:\/\/whatthefrance.org\/wp-content\/uploads\/2025\/10\/WTF_pochette_benjamin_biolay-254x254.jpg\" class=\"lazyload\" alt=\"WTF_pochette_benjamin_biolay\" \/>    <\/div>    <div class=\"infos\">        <span class=\"tag\">Curators<\/span>        <h2>A made in France selection by Benjamin Biolay<\/h2>        <span class=\"separator\"><\/span>       <span class=\"desc\">Listen to a selection of made in France titles by Benjamin Biolay!<\/span><div class=\"share flex flexAlignCenter \">\t<span class=\"label\">Partager<\/span>\t<a href=\"https:\/\/www.facebook.com\/sharer\/sharer.php?u=https:\/\/whatthefrance.org\/playlists\/a-made-in-france-selection-by-benjamin-biolay\/\" class=\"facebook\" target=\"_blank\" rel=\"noreferrer\">Facebook<\/a>\t<a href=\"https:\/\/twitter.com\/intent\/tweet?url=https:\/\/whatthefrance.org\/playlists\/a-made-in-france-selection-by-benjamin-biolay\/&text=A+made+in+France+selection+by+Benjamin+Biolay&hashtags=WTF\" class=\"twitter\" target=\"_blank\" rel=\"noreferrer\">Twitter<\/a>\t<a href=\"mailto:?subject=What%20the%20France%20%3A%20A%20made%20in%20France%20selection%20by%20Benjamin%20Biolay&body=https:\/\/whatthefrance.org\/playlists\/a-made-in-france-selection-by-benjamin-biolay\/\" class=\"mail\" target=\"_blank\" rel=\"noreferrer\">Email<\/a><\/div>        <a href=\"#\" class=\"btn btnPlaylist orange playlist-click\" data-id=\"75261\">            <svg version=\"1.1\" x=\"0px\" y=\"0px\" width=\"40px\" height=\"40px\" viewBox=\"0 0 213.7 213.7\" enable-background=\"new 0 0 213.7 213.7\" xml:space=\"preserve\">                <polygon class=\"triangle\" fill=\"none\" stroke-width=\"10\" stroke-linecap=\"round\" stroke-linejoin=\"round\" stroke-miterlimit=\"10\" points=\"\n            73.5,62.5 148.5,105.8 73.5,149.1 \"\/>                <circle class=\"circle\" fill=\"none\"  stroke-width=\"8\" stroke-linecap=\"round\" stroke-linejoin=\"round\" stroke-miterlimit=\"10\" cx=\"106.8\" cy=\"106.8\" r=\"103.3\"\/>                <circle class=\"circle-white\" fill=\"none\"  stroke-width=\"8\" stroke-linecap=\"round\" stroke-linejoin=\"round\" stroke-miterlimit=\"10\" cx=\"106.8\" cy=\"106.8\" r=\"103.3\"\/>            <\/svg>Ecouter        <\/a>    <\/div>  <\/div><\/div>\n","protected":false},"excerpt":{"rendered":"<p>Auteur-compositeur-interpr\u00e8te, musicien et producteur, Benjamin Biolay est l&rsquo;un des artistes les plus influents et respect\u00e9s de la sc\u00e8ne musicale fran\u00e7aise par son style unique m\u00e9langeant pop, rock, et chanson fran\u00e7aise. &nbsp; Arriv\u00e9 sur sc\u00e8ne avec l\u2019album Rose Kennedy en 2001, largement salu\u00e9 par la critique, il a par la suite sorti 9 autres albums au [&hellip;]<\/p>\n","protected":false},"author":52,"featured_media":0,"comment_status":"closed","ping_status":"closed","sticky":false,"template":"","format":"standard","meta":{"_acf_changed":false,"footnotes":""},"categories":[300],"tags":[],"class_list":["post-75283","post","type-post","status-publish","format-standard","hentry","category-playlist-curator-fr"],"acf":[],"yoast_head":"<!-- This site is optimized with the Yoast SEO plugin v27.3 - https:\/\/yoast.com\/product\/yoast-seo-wordpress\/ -->\n<title>Benjamin Biolay | Un nouvel album et une playlist exclusive pour What the France ! - What the France<\/title>\n<meta name=\"robots\" content=\"index, follow, max-snippet:-1, max-image-preview:large, max-video-preview:-1\" \/>\n<link rel=\"canonical\" href=\"https:\/\/whatthefrance.org\/fr\/un-nouvel-album-et-une-playlist-exclusive-pour-what-the-france\/\" \/>\n<meta property=\"og:locale\" content=\"fr_FR\" \/>\n<meta property=\"og:type\" content=\"article\" \/>\n<meta property=\"og:title\" content=\"Benjamin Biolay | Un nouvel album et une playlist exclusive pour What the France ! - What the France\" \/>\n<meta property=\"og:description\" content=\"Auteur-compositeur-interpr\u00e8te, musicien et producteur, Benjamin Biolay est l&rsquo;un des artistes les plus influents et respect\u00e9s de la sc\u00e8ne musicale fran\u00e7aise par son style unique m\u00e9langeant pop, rock, et chanson fran\u00e7aise. &nbsp; Arriv\u00e9 sur sc\u00e8ne avec l\u2019album Rose Kennedy en 2001, largement salu\u00e9 par la critique, il a par la suite sorti 9 autres albums au [&hellip;]\" \/>\n<meta property=\"og:url\" content=\"https:\/\/whatthefrance.org\/fr\/un-nouvel-album-et-une-playlist-exclusive-pour-what-the-france\/\" \/>\n<meta property=\"og:site_name\" content=\"What the France\" \/>\n<meta property=\"article:published_time\" content=\"2025-10-20T16:18:10+00:00\" \/>\n<meta property=\"article:modified_time\" content=\"2025-10-21T08:45:53+00:00\" \/>\n<meta property=\"og:image\" content=\"https:\/\/whatthefrance.org\/wp-content\/uploads\/2025\/10\/biolay-cover-2025-whatthefrance.jpg\" \/>\n\t<meta property=\"og:image:width\" content=\"1084\" \/>\n\t<meta property=\"og:image:height\" content=\"452\" \/>\n<meta name=\"author\" content=\"Aurelien Castello\" \/>\n<meta name=\"twitter:card\" content=\"summary_large_image\" \/>\n<meta name=\"twitter:label1\" content=\"\u00c9crit par\" \/>\n\t<meta name=\"twitter:data1\" content=\"Aurelien Castello\" \/>\n\t<meta name=\"twitter:label2\" content=\"Dur\u00e9e de lecture estim\u00e9e\" \/>\n\t<meta name=\"twitter:data2\" content=\"2 minutes\" \/>\n<script type=\"application\/ld+json\" class=\"yoast-schema-graph\">{\"@context\":\"https:\\\/\\\/schema.org\",\"@graph\":[{\"@type\":\"Article\",\"@id\":\"https:\\\/\\\/whatthefrance.org\\\/fr\\\/un-nouvel-album-et-une-playlist-exclusive-pour-what-the-france\\\/#article\",\"isPartOf\":{\"@id\":\"https:\\\/\\\/whatthefrance.org\\\/fr\\\/un-nouvel-album-et-une-playlist-exclusive-pour-what-the-france\\\/\"},\"author\":{\"name\":\"Aurelien Castello\",\"@id\":\"https:\\\/\\\/whatthefrance.org\\\/fr\\\/#\\\/schema\\\/person\\\/409f1eee0a2c94ed5ec0aa697e689d11\"},\"headline\":\"Benjamin Biolay | Un nouvel album et une playlist exclusive pour What the France !\",\"datePublished\":\"2025-10-20T16:18:10+00:00\",\"dateModified\":\"2025-10-21T08:45:53+00:00\",\"mainEntityOfPage\":{\"@id\":\"https:\\\/\\\/whatthefrance.org\\\/fr\\\/un-nouvel-album-et-une-playlist-exclusive-pour-what-the-france\\\/\"},\"wordCount\":405,\"publisher\":{\"@id\":\"https:\\\/\\\/whatthefrance.org\\\/fr\\\/#organization\"},\"articleSection\":[\"Curator\"],\"inLanguage\":\"fr-FR\"},{\"@type\":\"WebPage\",\"@id\":\"https:\\\/\\\/whatthefrance.org\\\/fr\\\/un-nouvel-album-et-une-playlist-exclusive-pour-what-the-france\\\/\",\"url\":\"https:\\\/\\\/whatthefrance.org\\\/fr\\\/un-nouvel-album-et-une-playlist-exclusive-pour-what-the-france\\\/\",\"name\":\"Benjamin Biolay | Un nouvel album et une playlist exclusive pour What the France ! - What the France\",\"isPartOf\":{\"@id\":\"https:\\\/\\\/whatthefrance.org\\\/fr\\\/#website\"},\"datePublished\":\"2025-10-20T16:18:10+00:00\",\"dateModified\":\"2025-10-21T08:45:53+00:00\",\"breadcrumb\":{\"@id\":\"https:\\\/\\\/whatthefrance.org\\\/fr\\\/un-nouvel-album-et-une-playlist-exclusive-pour-what-the-france\\\/#breadcrumb\"},\"inLanguage\":\"fr-FR\",\"potentialAction\":[{\"@type\":\"ReadAction\",\"target\":[\"https:\\\/\\\/whatthefrance.org\\\/fr\\\/un-nouvel-album-et-une-playlist-exclusive-pour-what-the-france\\\/\"]}]},{\"@type\":\"BreadcrumbList\",\"@id\":\"https:\\\/\\\/whatthefrance.org\\\/fr\\\/un-nouvel-album-et-une-playlist-exclusive-pour-what-the-france\\\/#breadcrumb\",\"itemListElement\":[{\"@type\":\"ListItem\",\"position\":1,\"name\":\"Home\",\"item\":\"https:\\\/\\\/whatthefrance.org\\\/fr\\\/\"},{\"@type\":\"ListItem\",\"position\":2,\"name\":\"Benjamin Biolay | Un nouvel album et une playlist exclusive pour What the France !\"}]},{\"@type\":\"WebSite\",\"@id\":\"https:\\\/\\\/whatthefrance.org\\\/fr\\\/#website\",\"url\":\"https:\\\/\\\/whatthefrance.org\\\/fr\\\/\",\"name\":\"What the France\",\"description\":\"The finest music made in France !\",\"publisher\":{\"@id\":\"https:\\\/\\\/whatthefrance.org\\\/fr\\\/#organization\"},\"potentialAction\":[{\"@type\":\"SearchAction\",\"target\":{\"@type\":\"EntryPoint\",\"urlTemplate\":\"https:\\\/\\\/whatthefrance.org\\\/fr\\\/?s={search_term_string}\"},\"query-input\":{\"@type\":\"PropertyValueSpecification\",\"valueRequired\":true,\"valueName\":\"search_term_string\"}}],\"inLanguage\":\"fr-FR\"},{\"@type\":\"Organization\",\"@id\":\"https:\\\/\\\/whatthefrance.org\\\/fr\\\/#organization\",\"name\":\"What The France\",\"url\":\"https:\\\/\\\/whatthefrance.org\\\/fr\\\/\",\"logo\":{\"@type\":\"ImageObject\",\"inLanguage\":\"fr-FR\",\"@id\":\"https:\\\/\\\/whatthefrance.org\\\/fr\\\/#\\\/schema\\\/logo\\\/image\\\/\",\"url\":\"https:\\\/\\\/whatthefrance.org\\\/wp-content\\\/uploads\\\/2019\\\/12\\\/44688719_2251580388408837_694180218134331392_n-e1577679609190.png\",\"contentUrl\":\"https:\\\/\\\/whatthefrance.org\\\/wp-content\\\/uploads\\\/2019\\\/12\\\/44688719_2251580388408837_694180218134331392_n-e1577679609190.png\",\"width\":200,\"height\":200,\"caption\":\"What The France\"},\"image\":{\"@id\":\"https:\\\/\\\/whatthefrance.org\\\/fr\\\/#\\\/schema\\\/logo\\\/image\\\/\"}},{\"@type\":\"Person\",\"@id\":\"https:\\\/\\\/whatthefrance.org\\\/fr\\\/#\\\/schema\\\/person\\\/409f1eee0a2c94ed5ec0aa697e689d11\",\"name\":\"Aurelien Castello\",\"image\":{\"@type\":\"ImageObject\",\"inLanguage\":\"fr-FR\",\"@id\":\"https:\\\/\\\/secure.gravatar.com\\\/avatar\\\/a64e3c49e149502bc3920135147e21be7d3ce93fcb38ac6ca03da1ecdb178e19?s=96&d=mm&r=g\",\"url\":\"https:\\\/\\\/secure.gravatar.com\\\/avatar\\\/a64e3c49e149502bc3920135147e21be7d3ce93fcb38ac6ca03da1ecdb178e19?s=96&d=mm&r=g\",\"contentUrl\":\"https:\\\/\\\/secure.gravatar.com\\\/avatar\\\/a64e3c49e149502bc3920135147e21be7d3ce93fcb38ac6ca03da1ecdb178e19?s=96&d=mm&r=g\",\"caption\":\"Aurelien Castello\"}}]}<\/script>\n<!-- \/ Yoast SEO plugin. -->","yoast_head_json":{"title":"Benjamin Biolay | Un nouvel album et une playlist exclusive pour What the France ! - What the France","robots":{"index":"index","follow":"follow","max-snippet":"max-snippet:-1","max-image-preview":"max-image-preview:large","max-video-preview":"max-video-preview:-1"},"canonical":"https:\/\/whatthefrance.org\/fr\/un-nouvel-album-et-une-playlist-exclusive-pour-what-the-france\/","og_locale":"fr_FR","og_type":"article","og_title":"Benjamin Biolay | Un nouvel album et une playlist exclusive pour What the France ! - What the France","og_description":"Auteur-compositeur-interpr\u00e8te, musicien et producteur, Benjamin Biolay est l&rsquo;un des artistes les plus influents et respect\u00e9s de la sc\u00e8ne musicale fran\u00e7aise par son style unique m\u00e9langeant pop, rock, et chanson fran\u00e7aise. &nbsp; Arriv\u00e9 sur sc\u00e8ne avec l\u2019album Rose Kennedy en 2001, largement salu\u00e9 par la critique, il a par la suite sorti 9 autres albums au [&hellip;]","og_url":"https:\/\/whatthefrance.org\/fr\/un-nouvel-album-et-une-playlist-exclusive-pour-what-the-france\/","og_site_name":"What the France","article_published_time":"2025-10-20T16:18:10+00:00","article_modified_time":"2025-10-21T08:45:53+00:00","og_image":[{"url":"https:\/\/whatthefrance.org\/wp-content\/uploads\/2025\/10\/biolay-cover-2025-whatthefrance.jpg","height":452,"width":1084,"type":""}],"author":"Aurelien Castello","twitter_card":"summary_large_image","twitter_misc":{"\u00c9crit par":"Aurelien Castello","Dur\u00e9e de lecture estim\u00e9e":"2 minutes"},"schema":{"@context":"https:\/\/schema.org","@graph":[{"@type":"Article","@id":"https:\/\/whatthefrance.org\/fr\/un-nouvel-album-et-une-playlist-exclusive-pour-what-the-france\/#article","isPartOf":{"@id":"https:\/\/whatthefrance.org\/fr\/un-nouvel-album-et-une-playlist-exclusive-pour-what-the-france\/"},"author":{"name":"Aurelien Castello","@id":"https:\/\/whatthefrance.org\/fr\/#\/schema\/person\/409f1eee0a2c94ed5ec0aa697e689d11"},"headline":"Benjamin Biolay | Un nouvel album et une playlist exclusive pour What the France !","datePublished":"2025-10-20T16:18:10+00:00","dateModified":"2025-10-21T08:45:53+00:00","mainEntityOfPage":{"@id":"https:\/\/whatthefrance.org\/fr\/un-nouvel-album-et-une-playlist-exclusive-pour-what-the-france\/"},"wordCount":405,"publisher":{"@id":"https:\/\/whatthefrance.org\/fr\/#organization"},"articleSection":["Curator"],"inLanguage":"fr-FR"},{"@type":"WebPage","@id":"https:\/\/whatthefrance.org\/fr\/un-nouvel-album-et-une-playlist-exclusive-pour-what-the-france\/","url":"https:\/\/whatthefrance.org\/fr\/un-nouvel-album-et-une-playlist-exclusive-pour-what-the-france\/","name":"Benjamin Biolay | Un nouvel album et une playlist exclusive pour What the France ! - What the France","isPartOf":{"@id":"https:\/\/whatthefrance.org\/fr\/#website"},"datePublished":"2025-10-20T16:18:10+00:00","dateModified":"2025-10-21T08:45:53+00:00","breadcrumb":{"@id":"https:\/\/whatthefrance.org\/fr\/un-nouvel-album-et-une-playlist-exclusive-pour-what-the-france\/#breadcrumb"},"inLanguage":"fr-FR","potentialAction":[{"@type":"ReadAction","target":["https:\/\/whatthefrance.org\/fr\/un-nouvel-album-et-une-playlist-exclusive-pour-what-the-france\/"]}]},{"@type":"BreadcrumbList","@id":"https:\/\/whatthefrance.org\/fr\/un-nouvel-album-et-une-playlist-exclusive-pour-what-the-france\/#breadcrumb","itemListElement":[{"@type":"ListItem","position":1,"name":"Home","item":"https:\/\/whatthefrance.org\/fr\/"},{"@type":"ListItem","position":2,"name":"Benjamin Biolay | Un nouvel album et une playlist exclusive pour What the France !"}]},{"@type":"WebSite","@id":"https:\/\/whatthefrance.org\/fr\/#website","url":"https:\/\/whatthefrance.org\/fr\/","name":"What the France","description":"The finest music made in France !","publisher":{"@id":"https:\/\/whatthefrance.org\/fr\/#organization"},"potentialAction":[{"@type":"SearchAction","target":{"@type":"EntryPoint","urlTemplate":"https:\/\/whatthefrance.org\/fr\/?s={search_term_string}"},"query-input":{"@type":"PropertyValueSpecification","valueRequired":true,"valueName":"search_term_string"}}],"inLanguage":"fr-FR"},{"@type":"Organization","@id":"https:\/\/whatthefrance.org\/fr\/#organization","name":"What The France","url":"https:\/\/whatthefrance.org\/fr\/","logo":{"@type":"ImageObject","inLanguage":"fr-FR","@id":"https:\/\/whatthefrance.org\/fr\/#\/schema\/logo\/image\/","url":"https:\/\/whatthefrance.org\/wp-content\/uploads\/2019\/12\/44688719_2251580388408837_694180218134331392_n-e1577679609190.png","contentUrl":"https:\/\/whatthefrance.org\/wp-content\/uploads\/2019\/12\/44688719_2251580388408837_694180218134331392_n-e1577679609190.png","width":200,"height":200,"caption":"What The France"},"image":{"@id":"https:\/\/whatthefrance.org\/fr\/#\/schema\/logo\/image\/"}},{"@type":"Person","@id":"https:\/\/whatthefrance.org\/fr\/#\/schema\/person\/409f1eee0a2c94ed5ec0aa697e689d11","name":"Aurelien Castello","image":{"@type":"ImageObject","inLanguage":"fr-FR","@id":"https:\/\/secure.gravatar.com\/avatar\/a64e3c49e149502bc3920135147e21be7d3ce93fcb38ac6ca03da1ecdb178e19?s=96&d=mm&r=g","url":"https:\/\/secure.gravatar.com\/avatar\/a64e3c49e149502bc3920135147e21be7d3ce93fcb38ac6ca03da1ecdb178e19?s=96&d=mm&r=g","contentUrl":"https:\/\/secure.gravatar.com\/avatar\/a64e3c49e149502bc3920135147e21be7d3ce93fcb38ac6ca03da1ecdb178e19?s=96&d=mm&r=g","caption":"Aurelien Castello"}}]}},"_links":{"self":[{"href":"https:\/\/whatthefrance.org\/fr\/wp-json\/wp\/v2\/posts\/75283","targetHints":{"allow":["GET"]}}],"collection":[{"href":"https:\/\/whatthefrance.org\/fr\/wp-json\/wp\/v2\/posts"}],"about":[{"href":"https:\/\/whatthefrance.org\/fr\/wp-json\/wp\/v2\/types\/post"}],"author":[{"embeddable":true,"href":"https:\/\/whatthefrance.org\/fr\/wp-json\/wp\/v2\/users\/52"}],"replies":[{"embeddable":true,"href":"https:\/\/whatthefrance.org\/fr\/wp-json\/wp\/v2\/comments?post=75283"}],"version-history":[{"count":1,"href":"https:\/\/whatthefrance.org\/fr\/wp-json\/wp\/v2\/posts\/75283\/revisions"}],"predecessor-version":[{"id":75284,"href":"https:\/\/whatthefrance.org\/fr\/wp-json\/wp\/v2\/posts\/75283\/revisions\/75284"}],"wp:attachment":[{"href":"https:\/\/whatthefrance.org\/fr\/wp-json\/wp\/v2\/media?parent=75283"}],"wp:term":[{"taxonomy":"category","embeddable":true,"href":"https:\/\/whatthefrance.org\/fr\/wp-json\/wp\/v2\/categories?post=75283"},{"taxonomy":"post_tag","embeddable":true,"href":"https:\/\/whatthefrance.org\/fr\/wp-json\/wp\/v2\/tags?post=75283"}],"curies":[{"name":"wp","href":"https:\/\/api.w.org\/{rel}","templated":true}]}}