{"id":75291,"date":"2025-10-22T17:45:59","date_gmt":"2025-10-22T15:45:59","guid":{"rendered":"https:\/\/whatthefrance.org\/?p=75291"},"modified":"2026-03-12T11:48:09","modified_gmt":"2026-03-12T10:48:09","slug":"georges-brassens-un-episode-inedit-de-once-upon-a-song-une-playlist-exclusive-pour-le-104eme-anniversaire-de-sa-naissance","status":"publish","type":"post","link":"https:\/\/whatthefrance.org\/fr\/georges-brassens-un-episode-inedit-de-once-upon-a-song-une-playlist-exclusive-pour-le-104eme-anniversaire-de-sa-naissance\/","title":{"rendered":"Georges Brassens | Un \u00e9pisode in\u00e9dit de Once Upon a Song &#038; une playlist exclusive pour le 104\u00e8me anniversaire de sa naissance !"},"content":{"rendered":"<p>En ce mois d\u2019octobre 2025, nous c\u00e9l\u00e9brons le 104\u00e8me anniversaire de la naissance du regrett\u00e9 Georges Brassens (22\/10\/1921 \u2013 29\/10\/1981), auteur-compositeur-interpr\u00e8te et guitariste fran\u00e7ais de g\u00e9nie, dont l\u2019\u0153uvre a travers\u00e9 les g\u00e9n\u00e9rations et conquis le monde. Avec quelques vingt millions de disques vendus de son vivant, il laisse derri\u00e8re lui un r\u00e9pertoire exceptionnel, qui a marqu\u00e9 son \u00e9poque et continuent de s\u00e9duire un large public.<\/p>\n<p>\u00c0 l\u2019occasion de cet anniversaire, <strong>What The France<\/strong> vous propose un <strong>nouvel \u00e9pisode vid\u00e9o de la s\u00e9rie <em>Once Upon a Song<\/em><\/strong>. Dans cet \u00e9pisode, <strong>Bertrand Dicale<\/strong> (\u00e0 la narration) et <strong>Dugudus<\/strong> (\u00e0 l\u2019illustration) reviennent sur l\u2019histoire d\u2019un des titres les plus c\u00e9l\u00e8bres du chanteur s\u00e9tois, <em>\u201cChanson pour l\u2019Auvergnat\u201d<\/em> \u2014 ou comment un jeune homme fuyant le service du travail obligatoire (STO) pendant la Seconde Guerre Mondiale trouva refuge au fond d\u2019une impasse du 14\u1d49 arrondissement de Paris\u2026<\/p>\n<p><iframe loading=\"lazy\" title=\"Brassens - Chanson pour l&#039;Auvergnat | Once Upon a Song\" width=\"500\" height=\"281\" src=\"https:\/\/www.youtube.com\/embed\/ghWJ3m9vMFA?feature=oembed\" frameborder=\"0\" allow=\"accelerometer; autoplay; clipboard-write; encrypted-media; gyroscope; picture-in-picture; web-share\" referrerpolicy=\"strict-origin-when-cross-origin\" allowfullscreen><\/iframe><\/p>\n<p>Si des artistes internationaux tels que <strong>Nina Simone<\/strong> ou <strong>Iggy Pop<\/strong> ont fait le choix de reprendre son \u0153uvre en fran\u00e7ais, la port\u00e9e universelle du message du g\u00e9ant S\u00e9tois permettra \u00e9galement \u00e0 plusieurs de ses textes de s\u2019affranchir de la barri\u00e8re de la langue. Il existe ainsi des versions de ses morceaux en italien (<strong>Fabrizio De Andr\u00e9<\/strong>), en h\u00e9breux (<strong>Yael Na\u00efm<\/strong>), en espagnol (<strong>Paco Iba\u00f1ez<\/strong> ou <strong>Loquillo<\/strong>), en allemand (<strong>Franz Josef Degenhardt<\/strong>), en anglais (<strong>Jake Thackray<\/strong>, <strong>Graeme Allwright<\/strong> ou les jama\u00efcains de <strong>Black Uhuru<\/strong>), en finlandais (<strong>Tuula Amberla<\/strong>), en polonais (<strong>Justyna Bacz<\/strong>), en su\u00e9dois (<strong>Thorstein Bergman<\/strong>), mais aussi en japonais, en grec, en russe, en portugais, en n\u00e9erlandais et en tch\u00e8que ou plus inattendu encore\u00a0: en catalan, en kabyle, en corse ou en occitan.<\/p>\n<p>A travers notre playlist <strong>\u00ab\u00a0Georges Brassens Around The World\u00a0\u00bb<\/strong>, What The France vous propose de (re)d\u00e9couvrir une s\u00e9lection de ses plus grands titres adapt\u00e9s par des artistes fran\u00e7ais et internationaux.<\/p>\n<div class=\"playListBloc singleBloc\"><div class=\"playListBloc-wrap\">    <div class=\"thumbnail\"><img data-src=\"https:\/\/whatthefrance.org\/wp-content\/uploads\/2021\/10\/WTF-Cover-Themes_brassens-254x254.jpg\" class=\"lazyload\" alt=\"WTF&#8212;Cover-Th\u00e8mes_brassens\" \/>    <\/div>    <div class=\"infos\">        <span class=\"tag\">Themes<\/span>        <h2>Georges Brassens All Over The World<\/h2>        <span class=\"separator\"><\/span>       <span class=\"desc\">On October 22, 2021, we celebrate the 100th anniversary of Georges Brassens birth...<\/span><div class=\"share flex flexAlignCenter \">\t<span class=\"label\">Partager<\/span>\t<a href=\"https:\/\/www.facebook.com\/sharer\/sharer.php?u=https:\/\/whatthefrance.org\/fr\/playlists\/georges-brassens-all-over-the-world\/\" class=\"facebook\" target=\"_blank\" rel=\"noreferrer\">Facebook<\/a>\t<a href=\"https:\/\/twitter.com\/intent\/tweet?url=https:\/\/whatthefrance.org\/fr\/playlists\/georges-brassens-all-over-the-world\/&text=Georges+Brassens+All+Over+The+World&hashtags=WTF\" class=\"twitter\" target=\"_blank\" rel=\"noreferrer\">Twitter<\/a>\t<a href=\"mailto:?subject=What%20the%20France%20%3A%20Georges%20Brassens%20All%20Over%20The%20World&body=https:\/\/whatthefrance.org\/fr\/playlists\/georges-brassens-all-over-the-world\/\" class=\"mail\" target=\"_blank\" rel=\"noreferrer\">Email<\/a><\/div>        <a href=\"#\" class=\"btn btnPlaylist orange playlist-click\" data-id=\"33833\">            <svg version=\"1.1\" x=\"0px\" y=\"0px\" width=\"40px\" height=\"40px\" viewBox=\"0 0 213.7 213.7\" enable-background=\"new 0 0 213.7 213.7\" xml:space=\"preserve\">                <polygon class=\"triangle\" fill=\"none\" stroke-width=\"10\" stroke-linecap=\"round\" stroke-linejoin=\"round\" stroke-miterlimit=\"10\" points=\"\n            73.5,62.5 148.5,105.8 73.5,149.1 \"\/>                <circle class=\"circle\" fill=\"none\"  stroke-width=\"8\" stroke-linecap=\"round\" stroke-linejoin=\"round\" stroke-miterlimit=\"10\" cx=\"106.8\" cy=\"106.8\" r=\"103.3\"\/>                <circle class=\"circle-white\" fill=\"none\"  stroke-width=\"8\" stroke-linecap=\"round\" stroke-linejoin=\"round\" stroke-miterlimit=\"10\" cx=\"106.8\" cy=\"106.8\" r=\"103.3\"\/>            <\/svg>Ecouter        <\/a>    <\/div>  <\/div><\/div>\n","protected":false},"excerpt":{"rendered":"<p>En ce mois d\u2019octobre 2025, nous c\u00e9l\u00e9brons le 104\u00e8me anniversaire de la naissance du regrett\u00e9 Georges Brassens (22\/10\/1921 \u2013 29\/10\/1981), auteur-compositeur-interpr\u00e8te et guitariste fran\u00e7ais de g\u00e9nie, dont l\u2019\u0153uvre a travers\u00e9 les g\u00e9n\u00e9rations et conquis le monde. Avec quelques vingt millions de disques vendus de son vivant, il laisse derri\u00e8re lui un r\u00e9pertoire exceptionnel, qui a [&hellip;]<\/p>\n","protected":false},"author":52,"featured_media":0,"comment_status":"closed","ping_status":"closed","sticky":false,"template":"","format":"standard","meta":{"_acf_changed":false,"footnotes":""},"categories":[217],"tags":[307,359],"class_list":["post-75291","post","type-post","status-publish","format-standard","hentry","category-video-fr","tag-chanson-fr","tag-variety-fr"],"acf":[],"yoast_head":"<!-- This site is optimized with the Yoast SEO plugin v27.3 - https:\/\/yoast.com\/product\/yoast-seo-wordpress\/ -->\n<title>Georges Brassens | Un \u00e9pisode in\u00e9dit de Once Upon a Song &amp; une playlist exclusive pour le 104\u00e8me anniversaire de sa naissance ! - What the France<\/title>\n<meta name=\"robots\" content=\"index, follow, max-snippet:-1, max-image-preview:large, max-video-preview:-1\" \/>\n<link rel=\"canonical\" href=\"https:\/\/whatthefrance.org\/fr\/georges-brassens-un-episode-inedit-de-once-upon-a-song-une-playlist-exclusive-pour-le-104eme-anniversaire-de-sa-naissance\/\" \/>\n<meta property=\"og:locale\" content=\"fr_FR\" \/>\n<meta property=\"og:type\" content=\"article\" \/>\n<meta property=\"og:title\" content=\"Georges Brassens | Un \u00e9pisode in\u00e9dit de Once Upon a Song &amp; une playlist exclusive pour le 104\u00e8me anniversaire de sa naissance ! - What the France\" \/>\n<meta property=\"og:description\" content=\"En ce mois d\u2019octobre 2025, nous c\u00e9l\u00e9brons le 104\u00e8me anniversaire de la naissance du regrett\u00e9 Georges Brassens (22\/10\/1921 \u2013 29\/10\/1981), auteur-compositeur-interpr\u00e8te et guitariste fran\u00e7ais de g\u00e9nie, dont l\u2019\u0153uvre a travers\u00e9 les g\u00e9n\u00e9rations et conquis le monde. Avec quelques vingt millions de disques vendus de son vivant, il laisse derri\u00e8re lui un r\u00e9pertoire exceptionnel, qui a [&hellip;]\" \/>\n<meta property=\"og:url\" content=\"https:\/\/whatthefrance.org\/fr\/georges-brassens-un-episode-inedit-de-once-upon-a-song-une-playlist-exclusive-pour-le-104eme-anniversaire-de-sa-naissance\/\" \/>\n<meta property=\"og:site_name\" content=\"What the France\" \/>\n<meta property=\"article:published_time\" content=\"2025-10-22T15:45:59+00:00\" \/>\n<meta property=\"article:modified_time\" content=\"2026-03-12T10:48:09+00:00\" \/>\n<meta property=\"og:image\" content=\"https:\/\/whatthefrance.org\/wp-content\/uploads\/2025\/10\/banner-brassens-onceuponasong-1.jpg\" \/>\n\t<meta property=\"og:image:width\" content=\"1084\" \/>\n\t<meta property=\"og:image:height\" content=\"452\" \/>\n<meta name=\"author\" content=\"Aurelien Castello\" \/>\n<meta name=\"twitter:card\" content=\"summary_large_image\" \/>\n<meta name=\"twitter:label1\" content=\"\u00c9crit par\" \/>\n\t<meta name=\"twitter:data1\" content=\"Aurelien Castello\" \/>\n\t<meta name=\"twitter:label2\" content=\"Dur\u00e9e de lecture estim\u00e9e\" \/>\n\t<meta name=\"twitter:data2\" content=\"2 minutes\" \/>\n<script type=\"application\/ld+json\" class=\"yoast-schema-graph\">{\"@context\":\"https:\\\/\\\/schema.org\",\"@graph\":[{\"@type\":\"Article\",\"@id\":\"https:\\\/\\\/whatthefrance.org\\\/fr\\\/georges-brassens-un-episode-inedit-de-once-upon-a-song-une-playlist-exclusive-pour-le-104eme-anniversaire-de-sa-naissance\\\/#article\",\"isPartOf\":{\"@id\":\"https:\\\/\\\/whatthefrance.org\\\/fr\\\/georges-brassens-un-episode-inedit-de-once-upon-a-song-une-playlist-exclusive-pour-le-104eme-anniversaire-de-sa-naissance\\\/\"},\"author\":{\"name\":\"Aurelien Castello\",\"@id\":\"https:\\\/\\\/whatthefrance.org\\\/fr\\\/#\\\/schema\\\/person\\\/409f1eee0a2c94ed5ec0aa697e689d11\"},\"headline\":\"Georges Brassens | Un \u00e9pisode in\u00e9dit de Once Upon a Song &#038; une playlist exclusive pour le 104\u00e8me anniversaire de sa naissance !\",\"datePublished\":\"2025-10-22T15:45:59+00:00\",\"dateModified\":\"2026-03-12T10:48:09+00:00\",\"mainEntityOfPage\":{\"@id\":\"https:\\\/\\\/whatthefrance.org\\\/fr\\\/georges-brassens-un-episode-inedit-de-once-upon-a-song-une-playlist-exclusive-pour-le-104eme-anniversaire-de-sa-naissance\\\/\"},\"wordCount\":356,\"publisher\":{\"@id\":\"https:\\\/\\\/whatthefrance.org\\\/fr\\\/#organization\"},\"keywords\":[\"Chanson\",\"Variety\"],\"articleSection\":[\"Video\"],\"inLanguage\":\"fr-FR\"},{\"@type\":\"WebPage\",\"@id\":\"https:\\\/\\\/whatthefrance.org\\\/fr\\\/georges-brassens-un-episode-inedit-de-once-upon-a-song-une-playlist-exclusive-pour-le-104eme-anniversaire-de-sa-naissance\\\/\",\"url\":\"https:\\\/\\\/whatthefrance.org\\\/fr\\\/georges-brassens-un-episode-inedit-de-once-upon-a-song-une-playlist-exclusive-pour-le-104eme-anniversaire-de-sa-naissance\\\/\",\"name\":\"Georges Brassens | Un \u00e9pisode in\u00e9dit de Once Upon a Song & une playlist exclusive pour le 104\u00e8me anniversaire de sa naissance ! - What the France\",\"isPartOf\":{\"@id\":\"https:\\\/\\\/whatthefrance.org\\\/fr\\\/#website\"},\"datePublished\":\"2025-10-22T15:45:59+00:00\",\"dateModified\":\"2026-03-12T10:48:09+00:00\",\"breadcrumb\":{\"@id\":\"https:\\\/\\\/whatthefrance.org\\\/fr\\\/georges-brassens-un-episode-inedit-de-once-upon-a-song-une-playlist-exclusive-pour-le-104eme-anniversaire-de-sa-naissance\\\/#breadcrumb\"},\"inLanguage\":\"fr-FR\",\"potentialAction\":[{\"@type\":\"ReadAction\",\"target\":[\"https:\\\/\\\/whatthefrance.org\\\/fr\\\/georges-brassens-un-episode-inedit-de-once-upon-a-song-une-playlist-exclusive-pour-le-104eme-anniversaire-de-sa-naissance\\\/\"]}]},{\"@type\":\"BreadcrumbList\",\"@id\":\"https:\\\/\\\/whatthefrance.org\\\/fr\\\/georges-brassens-un-episode-inedit-de-once-upon-a-song-une-playlist-exclusive-pour-le-104eme-anniversaire-de-sa-naissance\\\/#breadcrumb\",\"itemListElement\":[{\"@type\":\"ListItem\",\"position\":1,\"name\":\"Home\",\"item\":\"https:\\\/\\\/whatthefrance.org\\\/fr\\\/\"},{\"@type\":\"ListItem\",\"position\":2,\"name\":\"Georges Brassens | Un \u00e9pisode in\u00e9dit de Once Upon a Song &#038; une playlist exclusive pour le 104\u00e8me anniversaire de sa naissance !\"}]},{\"@type\":\"WebSite\",\"@id\":\"https:\\\/\\\/whatthefrance.org\\\/fr\\\/#website\",\"url\":\"https:\\\/\\\/whatthefrance.org\\\/fr\\\/\",\"name\":\"What the France\",\"description\":\"The finest music made in France !\",\"publisher\":{\"@id\":\"https:\\\/\\\/whatthefrance.org\\\/fr\\\/#organization\"},\"potentialAction\":[{\"@type\":\"SearchAction\",\"target\":{\"@type\":\"EntryPoint\",\"urlTemplate\":\"https:\\\/\\\/whatthefrance.org\\\/fr\\\/?s={search_term_string}\"},\"query-input\":{\"@type\":\"PropertyValueSpecification\",\"valueRequired\":true,\"valueName\":\"search_term_string\"}}],\"inLanguage\":\"fr-FR\"},{\"@type\":\"Organization\",\"@id\":\"https:\\\/\\\/whatthefrance.org\\\/fr\\\/#organization\",\"name\":\"What The France\",\"url\":\"https:\\\/\\\/whatthefrance.org\\\/fr\\\/\",\"logo\":{\"@type\":\"ImageObject\",\"inLanguage\":\"fr-FR\",\"@id\":\"https:\\\/\\\/whatthefrance.org\\\/fr\\\/#\\\/schema\\\/logo\\\/image\\\/\",\"url\":\"https:\\\/\\\/whatthefrance.org\\\/wp-content\\\/uploads\\\/2019\\\/12\\\/44688719_2251580388408837_694180218134331392_n-e1577679609190.png\",\"contentUrl\":\"https:\\\/\\\/whatthefrance.org\\\/wp-content\\\/uploads\\\/2019\\\/12\\\/44688719_2251580388408837_694180218134331392_n-e1577679609190.png\",\"width\":200,\"height\":200,\"caption\":\"What The France\"},\"image\":{\"@id\":\"https:\\\/\\\/whatthefrance.org\\\/fr\\\/#\\\/schema\\\/logo\\\/image\\\/\"}},{\"@type\":\"Person\",\"@id\":\"https:\\\/\\\/whatthefrance.org\\\/fr\\\/#\\\/schema\\\/person\\\/409f1eee0a2c94ed5ec0aa697e689d11\",\"name\":\"Aurelien Castello\",\"image\":{\"@type\":\"ImageObject\",\"inLanguage\":\"fr-FR\",\"@id\":\"https:\\\/\\\/secure.gravatar.com\\\/avatar\\\/a64e3c49e149502bc3920135147e21be7d3ce93fcb38ac6ca03da1ecdb178e19?s=96&d=mm&r=g\",\"url\":\"https:\\\/\\\/secure.gravatar.com\\\/avatar\\\/a64e3c49e149502bc3920135147e21be7d3ce93fcb38ac6ca03da1ecdb178e19?s=96&d=mm&r=g\",\"contentUrl\":\"https:\\\/\\\/secure.gravatar.com\\\/avatar\\\/a64e3c49e149502bc3920135147e21be7d3ce93fcb38ac6ca03da1ecdb178e19?s=96&d=mm&r=g\",\"caption\":\"Aurelien Castello\"}}]}<\/script>\n<!-- \/ Yoast SEO plugin. -->","yoast_head_json":{"title":"Georges Brassens | Un \u00e9pisode in\u00e9dit de Once Upon a Song & une playlist exclusive pour le 104\u00e8me anniversaire de sa naissance ! - What the France","robots":{"index":"index","follow":"follow","max-snippet":"max-snippet:-1","max-image-preview":"max-image-preview:large","max-video-preview":"max-video-preview:-1"},"canonical":"https:\/\/whatthefrance.org\/fr\/georges-brassens-un-episode-inedit-de-once-upon-a-song-une-playlist-exclusive-pour-le-104eme-anniversaire-de-sa-naissance\/","og_locale":"fr_FR","og_type":"article","og_title":"Georges Brassens | Un \u00e9pisode in\u00e9dit de Once Upon a Song & une playlist exclusive pour le 104\u00e8me anniversaire de sa naissance ! - What the France","og_description":"En ce mois d\u2019octobre 2025, nous c\u00e9l\u00e9brons le 104\u00e8me anniversaire de la naissance du regrett\u00e9 Georges Brassens (22\/10\/1921 \u2013 29\/10\/1981), auteur-compositeur-interpr\u00e8te et guitariste fran\u00e7ais de g\u00e9nie, dont l\u2019\u0153uvre a travers\u00e9 les g\u00e9n\u00e9rations et conquis le monde. Avec quelques vingt millions de disques vendus de son vivant, il laisse derri\u00e8re lui un r\u00e9pertoire exceptionnel, qui a [&hellip;]","og_url":"https:\/\/whatthefrance.org\/fr\/georges-brassens-un-episode-inedit-de-once-upon-a-song-une-playlist-exclusive-pour-le-104eme-anniversaire-de-sa-naissance\/","og_site_name":"What the France","article_published_time":"2025-10-22T15:45:59+00:00","article_modified_time":"2026-03-12T10:48:09+00:00","og_image":[{"url":"https:\/\/whatthefrance.org\/wp-content\/uploads\/2025\/10\/banner-brassens-onceuponasong-1.jpg","height":452,"width":1084,"type":""}],"author":"Aurelien Castello","twitter_card":"summary_large_image","twitter_misc":{"\u00c9crit par":"Aurelien Castello","Dur\u00e9e de lecture estim\u00e9e":"2 minutes"},"schema":{"@context":"https:\/\/schema.org","@graph":[{"@type":"Article","@id":"https:\/\/whatthefrance.org\/fr\/georges-brassens-un-episode-inedit-de-once-upon-a-song-une-playlist-exclusive-pour-le-104eme-anniversaire-de-sa-naissance\/#article","isPartOf":{"@id":"https:\/\/whatthefrance.org\/fr\/georges-brassens-un-episode-inedit-de-once-upon-a-song-une-playlist-exclusive-pour-le-104eme-anniversaire-de-sa-naissance\/"},"author":{"name":"Aurelien Castello","@id":"https:\/\/whatthefrance.org\/fr\/#\/schema\/person\/409f1eee0a2c94ed5ec0aa697e689d11"},"headline":"Georges Brassens | Un \u00e9pisode in\u00e9dit de Once Upon a Song &#038; une playlist exclusive pour le 104\u00e8me anniversaire de sa naissance !","datePublished":"2025-10-22T15:45:59+00:00","dateModified":"2026-03-12T10:48:09+00:00","mainEntityOfPage":{"@id":"https:\/\/whatthefrance.org\/fr\/georges-brassens-un-episode-inedit-de-once-upon-a-song-une-playlist-exclusive-pour-le-104eme-anniversaire-de-sa-naissance\/"},"wordCount":356,"publisher":{"@id":"https:\/\/whatthefrance.org\/fr\/#organization"},"keywords":["Chanson","Variety"],"articleSection":["Video"],"inLanguage":"fr-FR"},{"@type":"WebPage","@id":"https:\/\/whatthefrance.org\/fr\/georges-brassens-un-episode-inedit-de-once-upon-a-song-une-playlist-exclusive-pour-le-104eme-anniversaire-de-sa-naissance\/","url":"https:\/\/whatthefrance.org\/fr\/georges-brassens-un-episode-inedit-de-once-upon-a-song-une-playlist-exclusive-pour-le-104eme-anniversaire-de-sa-naissance\/","name":"Georges Brassens | Un \u00e9pisode in\u00e9dit de Once Upon a Song & une playlist exclusive pour le 104\u00e8me anniversaire de sa naissance ! - What the France","isPartOf":{"@id":"https:\/\/whatthefrance.org\/fr\/#website"},"datePublished":"2025-10-22T15:45:59+00:00","dateModified":"2026-03-12T10:48:09+00:00","breadcrumb":{"@id":"https:\/\/whatthefrance.org\/fr\/georges-brassens-un-episode-inedit-de-once-upon-a-song-une-playlist-exclusive-pour-le-104eme-anniversaire-de-sa-naissance\/#breadcrumb"},"inLanguage":"fr-FR","potentialAction":[{"@type":"ReadAction","target":["https:\/\/whatthefrance.org\/fr\/georges-brassens-un-episode-inedit-de-once-upon-a-song-une-playlist-exclusive-pour-le-104eme-anniversaire-de-sa-naissance\/"]}]},{"@type":"BreadcrumbList","@id":"https:\/\/whatthefrance.org\/fr\/georges-brassens-un-episode-inedit-de-once-upon-a-song-une-playlist-exclusive-pour-le-104eme-anniversaire-de-sa-naissance\/#breadcrumb","itemListElement":[{"@type":"ListItem","position":1,"name":"Home","item":"https:\/\/whatthefrance.org\/fr\/"},{"@type":"ListItem","position":2,"name":"Georges Brassens | Un \u00e9pisode in\u00e9dit de Once Upon a Song &#038; une playlist exclusive pour le 104\u00e8me anniversaire de sa naissance !"}]},{"@type":"WebSite","@id":"https:\/\/whatthefrance.org\/fr\/#website","url":"https:\/\/whatthefrance.org\/fr\/","name":"What the France","description":"The finest music made in France !","publisher":{"@id":"https:\/\/whatthefrance.org\/fr\/#organization"},"potentialAction":[{"@type":"SearchAction","target":{"@type":"EntryPoint","urlTemplate":"https:\/\/whatthefrance.org\/fr\/?s={search_term_string}"},"query-input":{"@type":"PropertyValueSpecification","valueRequired":true,"valueName":"search_term_string"}}],"inLanguage":"fr-FR"},{"@type":"Organization","@id":"https:\/\/whatthefrance.org\/fr\/#organization","name":"What The France","url":"https:\/\/whatthefrance.org\/fr\/","logo":{"@type":"ImageObject","inLanguage":"fr-FR","@id":"https:\/\/whatthefrance.org\/fr\/#\/schema\/logo\/image\/","url":"https:\/\/whatthefrance.org\/wp-content\/uploads\/2019\/12\/44688719_2251580388408837_694180218134331392_n-e1577679609190.png","contentUrl":"https:\/\/whatthefrance.org\/wp-content\/uploads\/2019\/12\/44688719_2251580388408837_694180218134331392_n-e1577679609190.png","width":200,"height":200,"caption":"What The France"},"image":{"@id":"https:\/\/whatthefrance.org\/fr\/#\/schema\/logo\/image\/"}},{"@type":"Person","@id":"https:\/\/whatthefrance.org\/fr\/#\/schema\/person\/409f1eee0a2c94ed5ec0aa697e689d11","name":"Aurelien Castello","image":{"@type":"ImageObject","inLanguage":"fr-FR","@id":"https:\/\/secure.gravatar.com\/avatar\/a64e3c49e149502bc3920135147e21be7d3ce93fcb38ac6ca03da1ecdb178e19?s=96&d=mm&r=g","url":"https:\/\/secure.gravatar.com\/avatar\/a64e3c49e149502bc3920135147e21be7d3ce93fcb38ac6ca03da1ecdb178e19?s=96&d=mm&r=g","contentUrl":"https:\/\/secure.gravatar.com\/avatar\/a64e3c49e149502bc3920135147e21be7d3ce93fcb38ac6ca03da1ecdb178e19?s=96&d=mm&r=g","caption":"Aurelien Castello"}}]}},"_links":{"self":[{"href":"https:\/\/whatthefrance.org\/fr\/wp-json\/wp\/v2\/posts\/75291","targetHints":{"allow":["GET"]}}],"collection":[{"href":"https:\/\/whatthefrance.org\/fr\/wp-json\/wp\/v2\/posts"}],"about":[{"href":"https:\/\/whatthefrance.org\/fr\/wp-json\/wp\/v2\/types\/post"}],"author":[{"embeddable":true,"href":"https:\/\/whatthefrance.org\/fr\/wp-json\/wp\/v2\/users\/52"}],"replies":[{"embeddable":true,"href":"https:\/\/whatthefrance.org\/fr\/wp-json\/wp\/v2\/comments?post=75291"}],"version-history":[{"count":3,"href":"https:\/\/whatthefrance.org\/fr\/wp-json\/wp\/v2\/posts\/75291\/revisions"}],"predecessor-version":[{"id":75758,"href":"https:\/\/whatthefrance.org\/fr\/wp-json\/wp\/v2\/posts\/75291\/revisions\/75758"}],"wp:attachment":[{"href":"https:\/\/whatthefrance.org\/fr\/wp-json\/wp\/v2\/media?parent=75291"}],"wp:term":[{"taxonomy":"category","embeddable":true,"href":"https:\/\/whatthefrance.org\/fr\/wp-json\/wp\/v2\/categories?post=75291"},{"taxonomy":"post_tag","embeddable":true,"href":"https:\/\/whatthefrance.org\/fr\/wp-json\/wp\/v2\/tags?post=75291"}],"curies":[{"name":"wp","href":"https:\/\/api.w.org\/{rel}","templated":true}]}}