{"id":76343,"date":"2026-04-26T08:00:57","date_gmt":"2026-04-26T06:00:57","guid":{"rendered":"https:\/\/whatthefrance.org\/?p=76343"},"modified":"2026-04-23T11:26:20","modified_gmt":"2026-04-23T09:26:20","slug":"francis-lai-notre-playlist-exclusive-pour-le-94eme-anniversaire-de-sa-naissance","status":"publish","type":"post","link":"https:\/\/whatthefrance.org\/fr\/francis-lai-notre-playlist-exclusive-pour-le-94eme-anniversaire-de-sa-naissance\/","title":{"rendered":"Francis Lai \/ Notre playlist exclusive pour le 94\u00e8me anniversaire de sa naissance !"},"content":{"rendered":"<p style=\"font-weight: 400;\">Aujourd\u2019hui, il aurait eu exactement 93 ans ! N\u00e9 \u00e0 Nice le 26 avril 1932 et mort le 7 novembre 2018 \u00e0 Paris, <strong>Francis Lai<\/strong>\u00a0est un compositeur et musicien fran\u00e7ais, mondialement connu pour ses multiples g\u00e9n\u00e9riques et musiques de films. On retiendra notamment son travail sur \u00ab Un homme et une femme \u00bb en 1966, qui lui vaudra d\u2019\u00eatre nomm\u00e9 aux Oscars, ainsi que l\u2019inoubliable bande-son de \u00ab Love story \u00bb pour laquelle il remportera \u00e0 la fois un Oscar et un Golden Globe en 1971.<\/p>\n<p style=\"font-weight: 400;\">En plus d\u2019avoir sign\u00e9 les partitions d\u2019une centaine de films, dont nombre de collaborations avec Claude Lelouch et Claude Zidi, il mettra \u00e9galement son talent au service de la chanson, travaillant d\u00e8s 1960 avec Edith Piaf, dont il sera aussi l\u2019accord\u00e9oniste. C\u2019est aussi lui qu\u2019on retrouve derri\u00e8re le succ\u00e8s \u00ab La Bicyclette \u00bb en 1968, interpr\u00e9t\u00e9 par le regrett\u00e9 Yves Montand (1921-1991). Il \u0153uvrera \u00e9galement aux c\u00f4t\u00e9s de Mireille Mathieu, Isabelle Aubret, Philippe L\u00e9otard, Petula Clark, Nicole Croisille, Dalida et Jacqueline Dulac, ainsi que pour plusieurs chanteuses qu\u00e9b\u00e9coises dont Nicole Martin, Fabienne Thibeault, Ginette Reno et Martine Chevrier. En 2014, il se voit d\u00e9cerner un Prix d\u2019honneur pour l\u2019ensemble de sa carri\u00e8re (\u00ab Lifetime Achievement Award \u00bb) lors de la c\u00e9r\u00e9monie annuelle des World Soundtrack Awards en Belgique.<\/p>\n<p style=\"font-weight: 400;\">Comme on pouvait s\u2019y attendre, le r\u00e9pertoire fourni et brillant de Francis Lai a \u00e9videmment \u00e9t\u00e9 \u00e9chantillonn\u00e9 par de nombreux artistes \u00e0 travers le monde. Ainsi, la bande originale de \u00ab Love story \u00bb (6.000.000 d\u2019exemplaires vendus dans le monde) sera revisit\u00e9e par le c\u00e9l\u00e8bre groupe de hip hop House Of Pain, qui utilisera son titre \u00ab Snow frolic \u00bb pour accoucher du percutant \u00ab Word is bond \u00bb. Ce sera aussi le cas de \u00ab Search for Jenny \u00bb remani\u00e9 par le rappeur Termanology sur \u00ab Takin you with me \u00bb ou The Alkaholiks sur \u00ab The next level \u00bb, sans oublier le th\u00e8me principal du film, recycl\u00e9 par le rappeur fran\u00e7ais Davodka sur \u00ab Toujours les m\u00eames qui trinquent \u00bb, mais aussi par l\u2019am\u00e9ricain Reks sur \u00ab Soul of black folk \u00bb. Ce m\u00eame morceau embl\u00e9matique connaitra aussi des d\u00e9clinaisons Drum &amp; Bass et Jungle sous la houlette respective de DJ Ss (\u00ab Lighter \u00bb) et Sound Of The Future (\u00ab Lighter \u2013 DJ friendly Mix \u00bb).<\/p>\n<p style=\"font-weight: 400;\">Le titre \u00ab Plus fort que nous \u00bb, extrait de la bande originale de \u00ab Un homme et une femme \u00bb sera \u00e9galement exploit\u00e9 \u00e0 de nombreuses reprises. On se souviendra du duo M.O.P (\u00ab Lifestyles of a ghetto child \u00bb) ou des su\u00e9dois Jay-Jay Johanson et Magnus Fryberg (\u00ab It hurts me so \u00bb). De son c\u00f4t\u00e9, le marseillais Akhenaton mettra \u00e0 profit la musique de deux films de Claude Lelouch, respectivement \u00ab Les uns et les autres \u00bb pour son titre \u00ab New York city transit \u00bb et \u00ab Un homme qui me plait \u00bb qui servira de base \u00e0 un trio aux c\u00f4t\u00e9s de Pit Bacardi et Yak, intitul\u00e9 \u00ab Sentier lumineux \u00bb.<\/p>\n<p>Fait moins connu, Francis Lai composera aussi la musique des films \u00e9rotiques \u00ab Emmanuelle II (l\u2019antivierge) \u00bb (1975) et \u00ab Bilitis \u00bb (1977), dont les bandes originales se vendront respectivement \u00e0 1.000.000 et 7.000.000 d\u2019exemplaires. Les sonorit\u00e9s lascives de \u00ab Bilitis \u00bb ne manqueront pas d\u2019inspirer le fran\u00e7ais Passi (\u00ab Les flammes du mal \u00bb), l\u2019allemand Azad (\u00ab Detonation \u00bb), les polonais Slon et The Returners (\u00ab Puzzle \u00bb) ou l\u2019am\u00e9ricain Montana Of 300 (\u00ab Chiraq vs NY \u00bb), qui offriront tour \u00e0 tour une nouvelle vie au titre \u00ab Sc\u00e8ne d\u2019amour \u00bb, tandis que \u00ab M\u00e9lissa \u00bb sera un terreau fertile pour le MC de Brooklyn appel\u00e9 Necro (\u00ab Dead body disposal \u00bb), ainsi que pour le prestigieux duo norv\u00e9gien R\u00f6yksopp (\u00ab She\u2019s so \u00bb).<\/p>\n<p>&nbsp;<\/p>\n<p>A travers notre playlist <strong>\u00ab Who sampled Francis Lai ?\u00bb<\/strong>, nous vous proposons de (re)d\u00e9couvrir une s\u00e9lection des titres de ce m\u00e9lodiste hors-pair, \u00e9chantillonn\u00e9s par des artistes du monde entier. Apr\u00e8s chaque morceau original, retrouvez un ou plusieurs titres fabriqu\u00e9s \u00e0 partir de celui-ci.<\/p>\n<p>&nbsp;<\/p>\n","protected":false},"excerpt":{"rendered":"<p>Aujourd\u2019hui, il aurait eu exactement 93 ans ! N\u00e9 \u00e0 Nice le 26 avril 1932 et mort le 7 novembre 2018 \u00e0 Paris, Francis Lai\u00a0est un compositeur et musicien fran\u00e7ais, mondialement connu pour ses multiples g\u00e9n\u00e9riques et musiques de films. On retiendra notamment son travail sur \u00ab Un homme et une femme \u00bb en 1966, [&hellip;]<\/p>\n","protected":false},"author":55,"featured_media":0,"comment_status":"open","ping_status":"open","sticky":false,"template":"","format":"standard","meta":{"_acf_changed":false,"footnotes":""},"categories":[206],"tags":[],"class_list":["post-76343","post","type-post","status-publish","format-standard","hentry","category-playlist-fr"],"acf":[],"yoast_head":"<!-- This site is optimized with the Yoast SEO plugin v27.3 - https:\/\/yoast.com\/product\/yoast-seo-wordpress\/ -->\n<title>Francis Lai \/ Notre playlist exclusive pour le 94\u00e8me anniversaire de sa naissance ! - What the France<\/title>\n<meta name=\"robots\" content=\"index, follow, max-snippet:-1, max-image-preview:large, max-video-preview:-1\" \/>\n<link rel=\"canonical\" href=\"https:\/\/whatthefrance.org\/fr\/francis-lai-notre-playlist-exclusive-pour-le-94eme-anniversaire-de-sa-naissance\/\" \/>\n<meta property=\"og:locale\" content=\"fr_FR\" \/>\n<meta property=\"og:type\" content=\"article\" \/>\n<meta property=\"og:title\" content=\"Francis Lai \/ Notre playlist exclusive pour le 94\u00e8me anniversaire de sa naissance ! - What the France\" \/>\n<meta property=\"og:description\" content=\"Aujourd\u2019hui, il aurait eu exactement 93 ans ! N\u00e9 \u00e0 Nice le 26 avril 1932 et mort le 7 novembre 2018 \u00e0 Paris, Francis Lai\u00a0est un compositeur et musicien fran\u00e7ais, mondialement connu pour ses multiples g\u00e9n\u00e9riques et musiques de films. On retiendra notamment son travail sur \u00ab Un homme et une femme \u00bb en 1966, [&hellip;]\" \/>\n<meta property=\"og:url\" content=\"https:\/\/whatthefrance.org\/fr\/francis-lai-notre-playlist-exclusive-pour-le-94eme-anniversaire-de-sa-naissance\/\" \/>\n<meta property=\"og:site_name\" content=\"What the France\" \/>\n<meta property=\"article:published_time\" content=\"2026-04-26T06:00:57+00:00\" \/>\n<meta property=\"og:image\" content=\"https:\/\/whatthefrance.org\/wp-content\/uploads\/2026\/04\/dftyu.png\" \/>\n\t<meta property=\"og:image:width\" content=\"1084\" \/>\n\t<meta property=\"og:image:height\" content=\"452\" \/>\n<meta name=\"author\" content=\"Clara Michaux\" \/>\n<meta name=\"twitter:card\" content=\"summary_large_image\" \/>\n<meta name=\"twitter:label1\" content=\"\u00c9crit par\" \/>\n\t<meta name=\"twitter:data1\" content=\"Clara Michaux\" \/>\n\t<meta name=\"twitter:label2\" content=\"Dur\u00e9e de lecture estim\u00e9e\" \/>\n\t<meta name=\"twitter:data2\" content=\"4 minutes\" \/>\n<script type=\"application\/ld+json\" class=\"yoast-schema-graph\">{\"@context\":\"https:\\\/\\\/schema.org\",\"@graph\":[{\"@type\":\"Article\",\"@id\":\"https:\\\/\\\/whatthefrance.org\\\/fr\\\/francis-lai-notre-playlist-exclusive-pour-le-94eme-anniversaire-de-sa-naissance\\\/#article\",\"isPartOf\":{\"@id\":\"https:\\\/\\\/whatthefrance.org\\\/fr\\\/francis-lai-notre-playlist-exclusive-pour-le-94eme-anniversaire-de-sa-naissance\\\/\"},\"author\":{\"name\":\"Clara Michaux\",\"@id\":\"https:\\\/\\\/whatthefrance.org\\\/fr\\\/#\\\/schema\\\/person\\\/c4ed8c9d5437561a49988084ecf8daa5\"},\"headline\":\"Francis Lai \\\/ Notre playlist exclusive pour le 94\u00e8me anniversaire de sa naissance !\",\"datePublished\":\"2026-04-26T06:00:57+00:00\",\"mainEntityOfPage\":{\"@id\":\"https:\\\/\\\/whatthefrance.org\\\/fr\\\/francis-lai-notre-playlist-exclusive-pour-le-94eme-anniversaire-de-sa-naissance\\\/\"},\"wordCount\":656,\"commentCount\":0,\"publisher\":{\"@id\":\"https:\\\/\\\/whatthefrance.org\\\/fr\\\/#organization\"},\"articleSection\":[\"Playlist\"],\"inLanguage\":\"fr-FR\",\"potentialAction\":[{\"@type\":\"CommentAction\",\"name\":\"Comment\",\"target\":[\"https:\\\/\\\/whatthefrance.org\\\/fr\\\/francis-lai-notre-playlist-exclusive-pour-le-94eme-anniversaire-de-sa-naissance\\\/#respond\"]}]},{\"@type\":\"WebPage\",\"@id\":\"https:\\\/\\\/whatthefrance.org\\\/fr\\\/francis-lai-notre-playlist-exclusive-pour-le-94eme-anniversaire-de-sa-naissance\\\/\",\"url\":\"https:\\\/\\\/whatthefrance.org\\\/fr\\\/francis-lai-notre-playlist-exclusive-pour-le-94eme-anniversaire-de-sa-naissance\\\/\",\"name\":\"Francis Lai \\\/ Notre playlist exclusive pour le 94\u00e8me anniversaire de sa naissance ! - What the France\",\"isPartOf\":{\"@id\":\"https:\\\/\\\/whatthefrance.org\\\/fr\\\/#website\"},\"datePublished\":\"2026-04-26T06:00:57+00:00\",\"breadcrumb\":{\"@id\":\"https:\\\/\\\/whatthefrance.org\\\/fr\\\/francis-lai-notre-playlist-exclusive-pour-le-94eme-anniversaire-de-sa-naissance\\\/#breadcrumb\"},\"inLanguage\":\"fr-FR\",\"potentialAction\":[{\"@type\":\"ReadAction\",\"target\":[\"https:\\\/\\\/whatthefrance.org\\\/fr\\\/francis-lai-notre-playlist-exclusive-pour-le-94eme-anniversaire-de-sa-naissance\\\/\"]}]},{\"@type\":\"BreadcrumbList\",\"@id\":\"https:\\\/\\\/whatthefrance.org\\\/fr\\\/francis-lai-notre-playlist-exclusive-pour-le-94eme-anniversaire-de-sa-naissance\\\/#breadcrumb\",\"itemListElement\":[{\"@type\":\"ListItem\",\"position\":1,\"name\":\"Home\",\"item\":\"https:\\\/\\\/whatthefrance.org\\\/fr\\\/\"},{\"@type\":\"ListItem\",\"position\":2,\"name\":\"Francis Lai \\\/ Notre playlist exclusive pour le 94\u00e8me anniversaire de sa naissance !\"}]},{\"@type\":\"WebSite\",\"@id\":\"https:\\\/\\\/whatthefrance.org\\\/fr\\\/#website\",\"url\":\"https:\\\/\\\/whatthefrance.org\\\/fr\\\/\",\"name\":\"What the France\",\"description\":\"The finest music made in France !\",\"publisher\":{\"@id\":\"https:\\\/\\\/whatthefrance.org\\\/fr\\\/#organization\"},\"potentialAction\":[{\"@type\":\"SearchAction\",\"target\":{\"@type\":\"EntryPoint\",\"urlTemplate\":\"https:\\\/\\\/whatthefrance.org\\\/fr\\\/?s={search_term_string}\"},\"query-input\":{\"@type\":\"PropertyValueSpecification\",\"valueRequired\":true,\"valueName\":\"search_term_string\"}}],\"inLanguage\":\"fr-FR\"},{\"@type\":\"Organization\",\"@id\":\"https:\\\/\\\/whatthefrance.org\\\/fr\\\/#organization\",\"name\":\"What The France\",\"url\":\"https:\\\/\\\/whatthefrance.org\\\/fr\\\/\",\"logo\":{\"@type\":\"ImageObject\",\"inLanguage\":\"fr-FR\",\"@id\":\"https:\\\/\\\/whatthefrance.org\\\/fr\\\/#\\\/schema\\\/logo\\\/image\\\/\",\"url\":\"https:\\\/\\\/whatthefrance.org\\\/wp-content\\\/uploads\\\/2019\\\/12\\\/44688719_2251580388408837_694180218134331392_n-e1577679609190.png\",\"contentUrl\":\"https:\\\/\\\/whatthefrance.org\\\/wp-content\\\/uploads\\\/2019\\\/12\\\/44688719_2251580388408837_694180218134331392_n-e1577679609190.png\",\"width\":200,\"height\":200,\"caption\":\"What The France\"},\"image\":{\"@id\":\"https:\\\/\\\/whatthefrance.org\\\/fr\\\/#\\\/schema\\\/logo\\\/image\\\/\"}},{\"@type\":\"Person\",\"@id\":\"https:\\\/\\\/whatthefrance.org\\\/fr\\\/#\\\/schema\\\/person\\\/c4ed8c9d5437561a49988084ecf8daa5\",\"name\":\"Clara Michaux\",\"image\":{\"@type\":\"ImageObject\",\"inLanguage\":\"fr-FR\",\"@id\":\"https:\\\/\\\/secure.gravatar.com\\\/avatar\\\/69707c2ec31253389a6a4dcd657d8c6b8f55b4d2ac228e1bde9e8d7fccddfe21?s=96&d=mm&r=g\",\"url\":\"https:\\\/\\\/secure.gravatar.com\\\/avatar\\\/69707c2ec31253389a6a4dcd657d8c6b8f55b4d2ac228e1bde9e8d7fccddfe21?s=96&d=mm&r=g\",\"contentUrl\":\"https:\\\/\\\/secure.gravatar.com\\\/avatar\\\/69707c2ec31253389a6a4dcd657d8c6b8f55b4d2ac228e1bde9e8d7fccddfe21?s=96&d=mm&r=g\",\"caption\":\"Clara Michaux\"}}]}<\/script>\n<!-- \/ Yoast SEO plugin. -->","yoast_head_json":{"title":"Francis Lai \/ Notre playlist exclusive pour le 94\u00e8me anniversaire de sa naissance ! - What the France","robots":{"index":"index","follow":"follow","max-snippet":"max-snippet:-1","max-image-preview":"max-image-preview:large","max-video-preview":"max-video-preview:-1"},"canonical":"https:\/\/whatthefrance.org\/fr\/francis-lai-notre-playlist-exclusive-pour-le-94eme-anniversaire-de-sa-naissance\/","og_locale":"fr_FR","og_type":"article","og_title":"Francis Lai \/ Notre playlist exclusive pour le 94\u00e8me anniversaire de sa naissance ! - What the France","og_description":"Aujourd\u2019hui, il aurait eu exactement 93 ans ! N\u00e9 \u00e0 Nice le 26 avril 1932 et mort le 7 novembre 2018 \u00e0 Paris, Francis Lai\u00a0est un compositeur et musicien fran\u00e7ais, mondialement connu pour ses multiples g\u00e9n\u00e9riques et musiques de films. On retiendra notamment son travail sur \u00ab Un homme et une femme \u00bb en 1966, [&hellip;]","og_url":"https:\/\/whatthefrance.org\/fr\/francis-lai-notre-playlist-exclusive-pour-le-94eme-anniversaire-de-sa-naissance\/","og_site_name":"What the France","article_published_time":"2026-04-26T06:00:57+00:00","og_image":[{"url":"https:\/\/whatthefrance.org\/wp-content\/uploads\/2026\/04\/dftyu.png","height":452,"width":1084,"type":""}],"author":"Clara Michaux","twitter_card":"summary_large_image","twitter_misc":{"\u00c9crit par":"Clara Michaux","Dur\u00e9e de lecture estim\u00e9e":"4 minutes"},"schema":{"@context":"https:\/\/schema.org","@graph":[{"@type":"Article","@id":"https:\/\/whatthefrance.org\/fr\/francis-lai-notre-playlist-exclusive-pour-le-94eme-anniversaire-de-sa-naissance\/#article","isPartOf":{"@id":"https:\/\/whatthefrance.org\/fr\/francis-lai-notre-playlist-exclusive-pour-le-94eme-anniversaire-de-sa-naissance\/"},"author":{"name":"Clara Michaux","@id":"https:\/\/whatthefrance.org\/fr\/#\/schema\/person\/c4ed8c9d5437561a49988084ecf8daa5"},"headline":"Francis Lai \/ Notre playlist exclusive pour le 94\u00e8me anniversaire de sa naissance !","datePublished":"2026-04-26T06:00:57+00:00","mainEntityOfPage":{"@id":"https:\/\/whatthefrance.org\/fr\/francis-lai-notre-playlist-exclusive-pour-le-94eme-anniversaire-de-sa-naissance\/"},"wordCount":656,"commentCount":0,"publisher":{"@id":"https:\/\/whatthefrance.org\/fr\/#organization"},"articleSection":["Playlist"],"inLanguage":"fr-FR","potentialAction":[{"@type":"CommentAction","name":"Comment","target":["https:\/\/whatthefrance.org\/fr\/francis-lai-notre-playlist-exclusive-pour-le-94eme-anniversaire-de-sa-naissance\/#respond"]}]},{"@type":"WebPage","@id":"https:\/\/whatthefrance.org\/fr\/francis-lai-notre-playlist-exclusive-pour-le-94eme-anniversaire-de-sa-naissance\/","url":"https:\/\/whatthefrance.org\/fr\/francis-lai-notre-playlist-exclusive-pour-le-94eme-anniversaire-de-sa-naissance\/","name":"Francis Lai \/ Notre playlist exclusive pour le 94\u00e8me anniversaire de sa naissance ! - What the France","isPartOf":{"@id":"https:\/\/whatthefrance.org\/fr\/#website"},"datePublished":"2026-04-26T06:00:57+00:00","breadcrumb":{"@id":"https:\/\/whatthefrance.org\/fr\/francis-lai-notre-playlist-exclusive-pour-le-94eme-anniversaire-de-sa-naissance\/#breadcrumb"},"inLanguage":"fr-FR","potentialAction":[{"@type":"ReadAction","target":["https:\/\/whatthefrance.org\/fr\/francis-lai-notre-playlist-exclusive-pour-le-94eme-anniversaire-de-sa-naissance\/"]}]},{"@type":"BreadcrumbList","@id":"https:\/\/whatthefrance.org\/fr\/francis-lai-notre-playlist-exclusive-pour-le-94eme-anniversaire-de-sa-naissance\/#breadcrumb","itemListElement":[{"@type":"ListItem","position":1,"name":"Home","item":"https:\/\/whatthefrance.org\/fr\/"},{"@type":"ListItem","position":2,"name":"Francis Lai \/ Notre playlist exclusive pour le 94\u00e8me anniversaire de sa naissance !"}]},{"@type":"WebSite","@id":"https:\/\/whatthefrance.org\/fr\/#website","url":"https:\/\/whatthefrance.org\/fr\/","name":"What the France","description":"The finest music made in France !","publisher":{"@id":"https:\/\/whatthefrance.org\/fr\/#organization"},"potentialAction":[{"@type":"SearchAction","target":{"@type":"EntryPoint","urlTemplate":"https:\/\/whatthefrance.org\/fr\/?s={search_term_string}"},"query-input":{"@type":"PropertyValueSpecification","valueRequired":true,"valueName":"search_term_string"}}],"inLanguage":"fr-FR"},{"@type":"Organization","@id":"https:\/\/whatthefrance.org\/fr\/#organization","name":"What The France","url":"https:\/\/whatthefrance.org\/fr\/","logo":{"@type":"ImageObject","inLanguage":"fr-FR","@id":"https:\/\/whatthefrance.org\/fr\/#\/schema\/logo\/image\/","url":"https:\/\/whatthefrance.org\/wp-content\/uploads\/2019\/12\/44688719_2251580388408837_694180218134331392_n-e1577679609190.png","contentUrl":"https:\/\/whatthefrance.org\/wp-content\/uploads\/2019\/12\/44688719_2251580388408837_694180218134331392_n-e1577679609190.png","width":200,"height":200,"caption":"What The France"},"image":{"@id":"https:\/\/whatthefrance.org\/fr\/#\/schema\/logo\/image\/"}},{"@type":"Person","@id":"https:\/\/whatthefrance.org\/fr\/#\/schema\/person\/c4ed8c9d5437561a49988084ecf8daa5","name":"Clara Michaux","image":{"@type":"ImageObject","inLanguage":"fr-FR","@id":"https:\/\/secure.gravatar.com\/avatar\/69707c2ec31253389a6a4dcd657d8c6b8f55b4d2ac228e1bde9e8d7fccddfe21?s=96&d=mm&r=g","url":"https:\/\/secure.gravatar.com\/avatar\/69707c2ec31253389a6a4dcd657d8c6b8f55b4d2ac228e1bde9e8d7fccddfe21?s=96&d=mm&r=g","contentUrl":"https:\/\/secure.gravatar.com\/avatar\/69707c2ec31253389a6a4dcd657d8c6b8f55b4d2ac228e1bde9e8d7fccddfe21?s=96&d=mm&r=g","caption":"Clara Michaux"}}]}},"_links":{"self":[{"href":"https:\/\/whatthefrance.org\/fr\/wp-json\/wp\/v2\/posts\/76343","targetHints":{"allow":["GET"]}}],"collection":[{"href":"https:\/\/whatthefrance.org\/fr\/wp-json\/wp\/v2\/posts"}],"about":[{"href":"https:\/\/whatthefrance.org\/fr\/wp-json\/wp\/v2\/types\/post"}],"author":[{"embeddable":true,"href":"https:\/\/whatthefrance.org\/fr\/wp-json\/wp\/v2\/users\/55"}],"replies":[{"embeddable":true,"href":"https:\/\/whatthefrance.org\/fr\/wp-json\/wp\/v2\/comments?post=76343"}],"version-history":[{"count":3,"href":"https:\/\/whatthefrance.org\/fr\/wp-json\/wp\/v2\/posts\/76343\/revisions"}],"predecessor-version":[{"id":76364,"href":"https:\/\/whatthefrance.org\/fr\/wp-json\/wp\/v2\/posts\/76343\/revisions\/76364"}],"wp:attachment":[{"href":"https:\/\/whatthefrance.org\/fr\/wp-json\/wp\/v2\/media?parent=76343"}],"wp:term":[{"taxonomy":"category","embeddable":true,"href":"https:\/\/whatthefrance.org\/fr\/wp-json\/wp\/v2\/categories?post=76343"},{"taxonomy":"post_tag","embeddable":true,"href":"https:\/\/whatthefrance.org\/fr\/wp-json\/wp\/v2\/tags?post=76343"}],"curies":[{"name":"wp","href":"https:\/\/api.w.org\/{rel}","templated":true}]}}