{"id":7862,"date":"2019-05-20T18:15:49","date_gmt":"2019-05-20T16:15:49","guid":{"rendered":"https:\/\/whatthefrance.org\/?p=7862"},"modified":"2019-05-23T16:50:54","modified_gmt":"2019-05-23T14:50:54","slug":"entree-gratuite-a-la-french-night-de-la-fete-de-la-musique-2019-berlin","status":"publish","type":"post","link":"https:\/\/whatthefrance.org\/fr\/entree-gratuite-a-la-french-night-de-la-fete-de-la-musique-2019-berlin\/","title":{"rendered":"Entr\u00e9e gratuite \u00e0 la \u00ab\u00a0French Night\u00a0\u00bb &#8211; F\u00eate de la Musique 2019 de Berlin"},"content":{"rendered":"<div id=\"js_90\" class=\"_5pbx userContent _3576\" data-testid=\"post_message\" data-ft=\"{&quot;tn&quot;:&quot;K&quot;}\">\n<p><img decoding=\"async\" class=\" wp-image-7427 alignleft\" src=\"https:\/\/whatthefrance.org\/wp-content\/uploads\/2019\/05\/consense_french-night_2019_web3-212x300.png\" alt=\"\" width=\"359\" height=\"508\" srcset=\"https:\/\/whatthefrance.org\/wp-content\/uploads\/2019\/05\/consense_french-night_2019_web3-212x300.png 212w, https:\/\/whatthefrance.org\/wp-content\/uploads\/2019\/05\/consense_french-night_2019_web3-768x1088.png 768w, https:\/\/whatthefrance.org\/wp-content\/uploads\/2019\/05\/consense_french-night_2019_web3-723x1024.png 723w, https:\/\/whatthefrance.org\/wp-content\/uploads\/2019\/05\/consense_french-night_2019_web3.png 918w\" sizes=\"(max-width: 359px) 100vw, 359px\" \/><\/p>\n<\/div>\n<p>La <strong>\u00ab\u00a0French Night\u00a0\u00bb<\/strong> est un projet vitrine dans le cadre de la <strong>F\u00eate de la Musique \u00e0 Berlin<\/strong>, qui se d\u00e9roule cette ann\u00e9e <strong>le 21 juin<\/strong>. Depuis 2004, les organisateurs de <strong><a href=\"https:\/\/kesselhaus.net\/event\/658457?fbclid=IwAR1voMou6FkPu1S3TXpPkTT6Ono4fXsvxT9T4d7d8fXYLHCJ61wJMuNv-s4\" target=\"_blank\" rel=\"noopener noreferrer\">Kesselhaus<\/a><\/strong> et What the France travaillent ensemble pour pr\u00e9senter des sonorit\u00e9s nouvelles et innovantes de France. <strong>\u00ab\u00a0French Night\u00a0\u00bb<\/strong> commence \u00e0 22h00 et l&rsquo;entr\u00e9e est GRATUITE !<\/p>\n<div id=\"js_90\" class=\"_5pbx userContent _3576\" data-testid=\"post_message\" data-ft=\"{&quot;tn&quot;:&quot;K&quot;}\">\n<p>Horaires :<\/p>\n<p>22.00 h\u2013 Doors<br \/>\n22.30 h\u2013\u00a0<a class=\"profileLink\" href=\"https:\/\/www.facebook.com\/malikdjoudimusic\/?__tn__=K-R&amp;eid=ARB8DrVQyRYKWgHkOyXXMGuAs4JYaojWZJt4kUIgFEOnWhAL_oZ6enJOKWiFPkEdYBhFuR1d3oTgtU7P&amp;fref=mentions&amp;__xts__%5B0%5D=68.ARDt3EfwMpWxvQdFZla39o02ejS1KieCISoSkvRhqCxAduh9yve0cRyopv5qyTXBjkCKoHCeS6HAKbQtv-C3a4oyarsVgV5dxF6zv8OSZ9Mmd9onF7De5ayg7ucx_uwQ-_rBRyomNu40k89dAnuny8xYsCpe8fCfc0K-vYYfaxCTV4Nz2GUB8eV7-8H19ROQdPMUFY2gwhgYlyEifq_RlrIQVv0ECHyCEcbJEhLpr5dMkRDV_GTUL3kzXJOdofSReAY8a_18SivEM_l1zKXsn0Ti60E27_KcTlFgBmnauJR0X9bFMQcG4xOwMl9n-qL3LC8\" data-hovercard=\"\/ajax\/hovercard\/page.php?id=234418040311868&amp;extragetparams=%7B%22__tn__%22%3A%22%2CdK-R-R%22%2C%22eid%22%3A%22ARB8DrVQyRYKWgHkOyXXMGuAs4JYaojWZJt4kUIgFEOnWhAL_oZ6enJOKWiFPkEdYBhFuR1d3oTgtU7P%22%2C%22fref%22%3A%22mentions%22%2C%22directed_target_id%22%3A314198149244311%7D\" data-hovercard-prefer-more-content-show=\"1\">Malik Djoudi<\/a><br \/>\n23.30 h \u2013\u00a0<a class=\"profileLink\" href=\"https:\/\/www.facebook.com\/tambourbat\/?__tn__=K-R&amp;eid=ARAwc0HiH-ChlMzX4vN1Ac_ZC4bZVvCjxhLck_4pAob8zW_8giVVYzVsOCOpnZBAPaUfrKXykORgcPVo&amp;fref=mentions&amp;__xts__%5B0%5D=68.ARDt3EfwMpWxvQdFZla39o02ejS1KieCISoSkvRhqCxAduh9yve0cRyopv5qyTXBjkCKoHCeS6HAKbQtv-C3a4oyarsVgV5dxF6zv8OSZ9Mmd9onF7De5ayg7ucx_uwQ-_rBRyomNu40k89dAnuny8xYsCpe8fCfc0K-vYYfaxCTV4Nz2GUB8eV7-8H19ROQdPMUFY2gwhgYlyEifq_RlrIQVv0ECHyCEcbJEhLpr5dMkRDV_GTUL3kzXJOdofSReAY8a_18SivEM_l1zKXsn0Ti60E27_KcTlFgBmnauJR0X9bFMQcG4xOwMl9n-qL3LC8\" data-hovercard=\"\/ajax\/hovercard\/page.php?id=332781920138520&amp;extragetparams=%7B%22__tn__%22%3A%22%2CdK-R-R%22%2C%22eid%22%3A%22ARAwc0HiH-ChlMzX4vN1Ac_ZC4bZVvCjxhLck_4pAob8zW_8giVVYzVsOCOpnZBAPaUfrKXykORgcPVo%22%2C%22fref%22%3A%22mentions%22%2C%22directed_target_id%22%3A314198149244311%7D\" data-hovercard-prefer-more-content-show=\"1\">Tambour Battant<\/a><\/p>\n<p>\u00c9v\u00e9nement Facebook:\u00a0<a href=\"https:\/\/www.facebook.com\/events\/314198149244311\/\">https:\/\/www.facebook.com\/events\/314198149244311\/<\/a><\/p>\n<\/div>\n<p>&nbsp;<\/p>\n<p>&nbsp;<\/p>\n<p>&nbsp;<\/p>\n<p>&nbsp;<\/p>\n<p>&nbsp;<\/p>\n<p><a href=\"https:\/\/malikdjoudi.com\/?fbclid=IwAR2lWfKmnQxuxgECZMACd-m3A1mkjn7PPaPNaZF3J1My_Vfr__XPA8mC7jM\" target=\"_blank\" rel=\"noopener noreferrer\">Malik Djoudi<\/a><\/p>\n<div id=\"js_90\" class=\"_5pbx userContent _3576\" data-testid=\"post_message\" data-ft=\"{&quot;tn&quot;:&quot;K&quot;}\">\n<p>Apr\u00e8s que <strong>Malik Djoudi<\/strong> soit devenu c\u00e9l\u00e8bre avec son premier album solo sous le simple nom <em><strong>Un<\/strong><\/em>, il est maintenant pr\u00eat pour la suite avec le titre fascinant \u00ab\u00a0Temp\u00e9rament\u00a0\u00bb. N\u00e9 dans l&rsquo;ouest de la France, l&rsquo;artiste nous apporte douze nouvelles chansons \u00e0 la fois intuitives et ambitieuses, hypnotiques et enivrantes, inform\u00e9es et d\u00e9charg\u00e9es. Gr\u00e2ce \u00e0 ce disque, d&rsquo;abord produit par lui-m\u00eame puis sorti sur le label Cinq7, Malik Djoudi donne de plus en plus de concerts et se produit dans les festivals fran\u00e7ais les plus r\u00e9put\u00e9s.<\/p>\n<p>L&rsquo;\u00e9t\u00e9 dernier, le musicien s&rsquo;est r\u00e9fugi\u00e9 dans le studio du producteur <strong>Ash Workman<\/strong> (Metronomy, Christine And The Queens, Baxter Dury). A la recherche d&rsquo;un son synth-pop \u00e9lectronique, Malik Djoudi a d\u00e9cid\u00e9 de faire les choses diff\u00e9remment cette fois. Inspir\u00e9 par la guitare de <strong>Connan Mockasin<\/strong> ou les sons de synth\u00e9s de <strong>James Blake<\/strong>, Malik Djoudi compose \u00e0 la guitare et au clavier. <em><strong>Temp\u00e9raments<\/strong><\/em> brille d\u00e9sormais par sa brillance m\u00e9lodique, ses arrangements audacieux, sa voix androgyne et ses paroles profondes.<\/p>\n<p><iframe loading=\"lazy\" title=\"Malik Djoudi - Temp\u00e9rament (Clip Officiel)\" width=\"500\" height=\"281\" src=\"https:\/\/www.youtube.com\/embed\/341dIwo4Qbk?feature=oembed\" frameborder=\"0\" allow=\"accelerometer; autoplay; clipboard-write; encrypted-media; gyroscope; picture-in-picture; web-share\" referrerpolicy=\"strict-origin-when-cross-origin\" allowfullscreen><\/iframe><\/p>\n<p><a href=\"https:\/\/soundcloud.com\/tambour-battant?fbclid=IwAR2MLruXUsHsMQrYrpw6WpLjhgtXaidMcl9GiGV8fBxYOAtxytXSppDLNwQ\" target=\"_blank\" rel=\"noopener noreferrer\">Tambour Battant<\/a><\/p>\n<p>Le duo <strong>Tambour Battant<\/strong> fait partie de cette g\u00e9n\u00e9ration de jeunes producteurs \u00e9lectro qui font tomber les barri\u00e8res entre les styles musicaux et abolissent les fronti\u00e8res. En dix ans, le duo fran\u00e7ais a \u00e9tabli son propre style, \u00e0 savoir un son \u00e9lectro crossover explosif, qui prend de l&rsquo;ampleur, surtout dans leurs concerts. Sous le nom de Tambour Battant, Ben et Cobaa, ont fond\u00e9 les labels Ch\u00e2teau Bruyant et Gold Digger Records, avec plus de 50 sorties.<\/p>\n<p>Avec leur dernier album <em><strong>Dance All Night<\/strong><\/em>, Tambour Battant suit l&rsquo;appel de la \u00ab\u00a0French Night\u00a0\u00bb au Berliner Kesselhaus pour vous montrer qu&rsquo;ils sont le groupe \u00e9lectro fran\u00e7ais du moment.<\/p>\n<\/div>\n<p><iframe loading=\"lazy\" title=\"Tambour Battant - Spring Bounce ft. Taiwan MC (Official Video)\" width=\"500\" height=\"281\" src=\"https:\/\/www.youtube.com\/embed\/HxiFYNWbfPs?feature=oembed\" frameborder=\"0\" allow=\"accelerometer; autoplay; clipboard-write; encrypted-media; gyroscope; picture-in-picture; web-share\" referrerpolicy=\"strict-origin-when-cross-origin\" allowfullscreen><\/iframe><\/p>\n<p><br \/>\n<\/p>\n","protected":false},"excerpt":{"rendered":"<p>La \u00ab\u00a0French Night\u00a0\u00bb est un projet vitrine dans le cadre de la F\u00eate de la Musique \u00e0 Berlin, qui se d\u00e9roule cette ann\u00e9e le 21 juin. Depuis 2004, les organisateurs de Kesselhaus et What the France travaillent ensemble pour pr\u00e9senter des sonorit\u00e9s nouvelles et innovantes de France. \u00ab\u00a0French Night\u00a0\u00bb commence \u00e0 22h00 et l&rsquo;entr\u00e9e est [&hellip;]<\/p>\n","protected":false},"author":6,"featured_media":0,"comment_status":"closed","ping_status":"closed","sticky":false,"template":"","format":"standard","meta":{"_acf_changed":false,"footnotes":""},"categories":[213],"tags":[323,340,351],"class_list":["post-7862","post","type-post","status-publish","format-standard","hentry","category-event-fr","tag-electronic-fr","tag-pop-fr","tag-rock-fr"],"acf":[],"yoast_head":"<!-- This site is optimized with the Yoast SEO plugin v27.3 - https:\/\/yoast.com\/product\/yoast-seo-wordpress\/ -->\n<title>Entr\u00e9e gratuite \u00e0 la &quot;French Night&quot; - F\u00eate de la Musique 2019 de Berlin - What the France<\/title>\n<meta name=\"robots\" content=\"index, follow, max-snippet:-1, max-image-preview:large, max-video-preview:-1\" \/>\n<link rel=\"canonical\" href=\"https:\/\/whatthefrance.org\/fr\/entree-gratuite-a-la-french-night-de-la-fete-de-la-musique-2019-berlin\/\" \/>\n<meta property=\"og:locale\" content=\"fr_FR\" \/>\n<meta property=\"og:type\" content=\"article\" \/>\n<meta property=\"og:title\" content=\"Entr\u00e9e gratuite \u00e0 la &quot;French Night&quot; - F\u00eate de la Musique 2019 de Berlin - What the France\" \/>\n<meta property=\"og:description\" content=\"La \u00ab\u00a0French Night\u00a0\u00bb est un projet vitrine dans le cadre de la F\u00eate de la Musique \u00e0 Berlin, qui se d\u00e9roule cette ann\u00e9e le 21 juin. Depuis 2004, les organisateurs de Kesselhaus et What the France travaillent ensemble pour pr\u00e9senter des sonorit\u00e9s nouvelles et innovantes de France. \u00ab\u00a0French Night\u00a0\u00bb commence \u00e0 22h00 et l&rsquo;entr\u00e9e est [&hellip;]\" \/>\n<meta property=\"og:url\" content=\"https:\/\/whatthefrance.org\/fr\/entree-gratuite-a-la-french-night-de-la-fete-de-la-musique-2019-berlin\/\" \/>\n<meta property=\"og:site_name\" content=\"What the France\" \/>\n<meta property=\"article:published_time\" content=\"2019-05-20T16:15:49+00:00\" \/>\n<meta property=\"article:modified_time\" content=\"2019-05-23T14:50:54+00:00\" \/>\n<meta property=\"og:image\" content=\"https:\/\/whatthefrance.org\/wp-content\/uploads\/2019\/05\/French-Night-.png\" \/>\n\t<meta property=\"og:image:width\" content=\"1280\" \/>\n\t<meta property=\"og:image:height\" content=\"637\" \/><meta property=\"og:image\" content=\"https:\/\/whatthefrance.org\/wp-content\/uploads\/2019\/05\/consense_french-night_2019_web3-212x300.png\" \/>\n<meta name=\"author\" content=\"Marie-Sophie Administrateur\" \/>\n<meta name=\"twitter:card\" content=\"summary_large_image\" \/>\n<meta name=\"twitter:label1\" content=\"\u00c9crit par\" \/>\n\t<meta name=\"twitter:data1\" content=\"Marie-Sophie Administrateur\" \/>\n\t<meta name=\"twitter:label2\" content=\"Dur\u00e9e de lecture estim\u00e9e\" \/>\n\t<meta name=\"twitter:data2\" content=\"2 minutes\" \/>\n<script type=\"application\/ld+json\" class=\"yoast-schema-graph\">{\"@context\":\"https:\\\/\\\/schema.org\",\"@graph\":[{\"@type\":\"Article\",\"@id\":\"https:\\\/\\\/whatthefrance.org\\\/fr\\\/entree-gratuite-a-la-french-night-de-la-fete-de-la-musique-2019-berlin\\\/#article\",\"isPartOf\":{\"@id\":\"https:\\\/\\\/whatthefrance.org\\\/fr\\\/entree-gratuite-a-la-french-night-de-la-fete-de-la-musique-2019-berlin\\\/\"},\"author\":{\"name\":\"Marie-Sophie Administrateur\",\"@id\":\"https:\\\/\\\/whatthefrance.org\\\/fr\\\/#\\\/schema\\\/person\\\/3b7ea6fb70b536503b3e8c909c564a81\"},\"headline\":\"Entr\u00e9e gratuite \u00e0 la \u00ab\u00a0French Night\u00a0\u00bb &#8211; F\u00eate de la Musique 2019 de Berlin\",\"datePublished\":\"2019-05-20T16:15:49+00:00\",\"dateModified\":\"2019-05-23T14:50:54+00:00\",\"mainEntityOfPage\":{\"@id\":\"https:\\\/\\\/whatthefrance.org\\\/fr\\\/entree-gratuite-a-la-french-night-de-la-fete-de-la-musique-2019-berlin\\\/\"},\"wordCount\":419,\"publisher\":{\"@id\":\"https:\\\/\\\/whatthefrance.org\\\/fr\\\/#organization\"},\"image\":{\"@id\":\"https:\\\/\\\/whatthefrance.org\\\/fr\\\/entree-gratuite-a-la-french-night-de-la-fete-de-la-musique-2019-berlin\\\/#primaryimage\"},\"thumbnailUrl\":\"https:\\\/\\\/whatthefrance.org\\\/wp-content\\\/uploads\\\/2019\\\/05\\\/consense_french-night_2019_web3-212x300.png\",\"keywords\":[\"Electronic\",\"Pop\",\"Rock\"],\"articleSection\":[\"Event\"],\"inLanguage\":\"fr-FR\"},{\"@type\":\"WebPage\",\"@id\":\"https:\\\/\\\/whatthefrance.org\\\/fr\\\/entree-gratuite-a-la-french-night-de-la-fete-de-la-musique-2019-berlin\\\/\",\"url\":\"https:\\\/\\\/whatthefrance.org\\\/fr\\\/entree-gratuite-a-la-french-night-de-la-fete-de-la-musique-2019-berlin\\\/\",\"name\":\"Entr\u00e9e gratuite \u00e0 la \\\"French Night\\\" - F\u00eate de la Musique 2019 de Berlin - What the France\",\"isPartOf\":{\"@id\":\"https:\\\/\\\/whatthefrance.org\\\/fr\\\/#website\"},\"primaryImageOfPage\":{\"@id\":\"https:\\\/\\\/whatthefrance.org\\\/fr\\\/entree-gratuite-a-la-french-night-de-la-fete-de-la-musique-2019-berlin\\\/#primaryimage\"},\"image\":{\"@id\":\"https:\\\/\\\/whatthefrance.org\\\/fr\\\/entree-gratuite-a-la-french-night-de-la-fete-de-la-musique-2019-berlin\\\/#primaryimage\"},\"thumbnailUrl\":\"https:\\\/\\\/whatthefrance.org\\\/wp-content\\\/uploads\\\/2019\\\/05\\\/consense_french-night_2019_web3-212x300.png\",\"datePublished\":\"2019-05-20T16:15:49+00:00\",\"dateModified\":\"2019-05-23T14:50:54+00:00\",\"breadcrumb\":{\"@id\":\"https:\\\/\\\/whatthefrance.org\\\/fr\\\/entree-gratuite-a-la-french-night-de-la-fete-de-la-musique-2019-berlin\\\/#breadcrumb\"},\"inLanguage\":\"fr-FR\",\"potentialAction\":[{\"@type\":\"ReadAction\",\"target\":[\"https:\\\/\\\/whatthefrance.org\\\/fr\\\/entree-gratuite-a-la-french-night-de-la-fete-de-la-musique-2019-berlin\\\/\"]}]},{\"@type\":\"ImageObject\",\"inLanguage\":\"fr-FR\",\"@id\":\"https:\\\/\\\/whatthefrance.org\\\/fr\\\/entree-gratuite-a-la-french-night-de-la-fete-de-la-musique-2019-berlin\\\/#primaryimage\",\"url\":\"https:\\\/\\\/whatthefrance.org\\\/wp-content\\\/uploads\\\/2019\\\/05\\\/consense_french-night_2019_web3-212x300.png\",\"contentUrl\":\"https:\\\/\\\/whatthefrance.org\\\/wp-content\\\/uploads\\\/2019\\\/05\\\/consense_french-night_2019_web3-212x300.png\"},{\"@type\":\"BreadcrumbList\",\"@id\":\"https:\\\/\\\/whatthefrance.org\\\/fr\\\/entree-gratuite-a-la-french-night-de-la-fete-de-la-musique-2019-berlin\\\/#breadcrumb\",\"itemListElement\":[{\"@type\":\"ListItem\",\"position\":1,\"name\":\"Home\",\"item\":\"https:\\\/\\\/whatthefrance.org\\\/fr\\\/\"},{\"@type\":\"ListItem\",\"position\":2,\"name\":\"Entr\u00e9e gratuite \u00e0 la \u00ab\u00a0French Night\u00a0\u00bb &#8211; F\u00eate de la Musique 2019 de Berlin\"}]},{\"@type\":\"WebSite\",\"@id\":\"https:\\\/\\\/whatthefrance.org\\\/fr\\\/#website\",\"url\":\"https:\\\/\\\/whatthefrance.org\\\/fr\\\/\",\"name\":\"What the France\",\"description\":\"The finest music made in France !\",\"publisher\":{\"@id\":\"https:\\\/\\\/whatthefrance.org\\\/fr\\\/#organization\"},\"potentialAction\":[{\"@type\":\"SearchAction\",\"target\":{\"@type\":\"EntryPoint\",\"urlTemplate\":\"https:\\\/\\\/whatthefrance.org\\\/fr\\\/?s={search_term_string}\"},\"query-input\":{\"@type\":\"PropertyValueSpecification\",\"valueRequired\":true,\"valueName\":\"search_term_string\"}}],\"inLanguage\":\"fr-FR\"},{\"@type\":\"Organization\",\"@id\":\"https:\\\/\\\/whatthefrance.org\\\/fr\\\/#organization\",\"name\":\"What The France\",\"url\":\"https:\\\/\\\/whatthefrance.org\\\/fr\\\/\",\"logo\":{\"@type\":\"ImageObject\",\"inLanguage\":\"fr-FR\",\"@id\":\"https:\\\/\\\/whatthefrance.org\\\/fr\\\/#\\\/schema\\\/logo\\\/image\\\/\",\"url\":\"https:\\\/\\\/whatthefrance.org\\\/wp-content\\\/uploads\\\/2019\\\/12\\\/44688719_2251580388408837_694180218134331392_n-e1577679609190.png\",\"contentUrl\":\"https:\\\/\\\/whatthefrance.org\\\/wp-content\\\/uploads\\\/2019\\\/12\\\/44688719_2251580388408837_694180218134331392_n-e1577679609190.png\",\"width\":200,\"height\":200,\"caption\":\"What The France\"},\"image\":{\"@id\":\"https:\\\/\\\/whatthefrance.org\\\/fr\\\/#\\\/schema\\\/logo\\\/image\\\/\"}},{\"@type\":\"Person\",\"@id\":\"https:\\\/\\\/whatthefrance.org\\\/fr\\\/#\\\/schema\\\/person\\\/3b7ea6fb70b536503b3e8c909c564a81\",\"name\":\"Marie-Sophie Administrateur\",\"image\":{\"@type\":\"ImageObject\",\"inLanguage\":\"fr-FR\",\"@id\":\"https:\\\/\\\/secure.gravatar.com\\\/avatar\\\/d57e4552c73c8713409cd3c2de53bdb5d220ebdd76dc7ba351b2dbae89f5afa9?s=96&d=mm&r=g\",\"url\":\"https:\\\/\\\/secure.gravatar.com\\\/avatar\\\/d57e4552c73c8713409cd3c2de53bdb5d220ebdd76dc7ba351b2dbae89f5afa9?s=96&d=mm&r=g\",\"contentUrl\":\"https:\\\/\\\/secure.gravatar.com\\\/avatar\\\/d57e4552c73c8713409cd3c2de53bdb5d220ebdd76dc7ba351b2dbae89f5afa9?s=96&d=mm&r=g\",\"caption\":\"Marie-Sophie Administrateur\"}}]}<\/script>\n<!-- \/ Yoast SEO plugin. -->","yoast_head_json":{"title":"Entr\u00e9e gratuite \u00e0 la \"French Night\" - F\u00eate de la Musique 2019 de Berlin - What the France","robots":{"index":"index","follow":"follow","max-snippet":"max-snippet:-1","max-image-preview":"max-image-preview:large","max-video-preview":"max-video-preview:-1"},"canonical":"https:\/\/whatthefrance.org\/fr\/entree-gratuite-a-la-french-night-de-la-fete-de-la-musique-2019-berlin\/","og_locale":"fr_FR","og_type":"article","og_title":"Entr\u00e9e gratuite \u00e0 la \"French Night\" - F\u00eate de la Musique 2019 de Berlin - What the France","og_description":"La \u00ab\u00a0French Night\u00a0\u00bb est un projet vitrine dans le cadre de la F\u00eate de la Musique \u00e0 Berlin, qui se d\u00e9roule cette ann\u00e9e le 21 juin. Depuis 2004, les organisateurs de Kesselhaus et What the France travaillent ensemble pour pr\u00e9senter des sonorit\u00e9s nouvelles et innovantes de France. \u00ab\u00a0French Night\u00a0\u00bb commence \u00e0 22h00 et l&rsquo;entr\u00e9e est [&hellip;]","og_url":"https:\/\/whatthefrance.org\/fr\/entree-gratuite-a-la-french-night-de-la-fete-de-la-musique-2019-berlin\/","og_site_name":"What the France","article_published_time":"2019-05-20T16:15:49+00:00","article_modified_time":"2019-05-23T14:50:54+00:00","og_image":[{"url":"https:\/\/whatthefrance.org\/wp-content\/uploads\/2019\/05\/French-Night-.png","height":637,"width":1280,"type":""},{"url":"https:\/\/whatthefrance.org\/wp-content\/uploads\/2019\/05\/consense_french-night_2019_web3-212x300.png","type":"","width":"","height":""}],"author":"Marie-Sophie Administrateur","twitter_card":"summary_large_image","twitter_misc":{"\u00c9crit par":"Marie-Sophie Administrateur","Dur\u00e9e de lecture estim\u00e9e":"2 minutes"},"schema":{"@context":"https:\/\/schema.org","@graph":[{"@type":"Article","@id":"https:\/\/whatthefrance.org\/fr\/entree-gratuite-a-la-french-night-de-la-fete-de-la-musique-2019-berlin\/#article","isPartOf":{"@id":"https:\/\/whatthefrance.org\/fr\/entree-gratuite-a-la-french-night-de-la-fete-de-la-musique-2019-berlin\/"},"author":{"name":"Marie-Sophie Administrateur","@id":"https:\/\/whatthefrance.org\/fr\/#\/schema\/person\/3b7ea6fb70b536503b3e8c909c564a81"},"headline":"Entr\u00e9e gratuite \u00e0 la \u00ab\u00a0French Night\u00a0\u00bb &#8211; F\u00eate de la Musique 2019 de Berlin","datePublished":"2019-05-20T16:15:49+00:00","dateModified":"2019-05-23T14:50:54+00:00","mainEntityOfPage":{"@id":"https:\/\/whatthefrance.org\/fr\/entree-gratuite-a-la-french-night-de-la-fete-de-la-musique-2019-berlin\/"},"wordCount":419,"publisher":{"@id":"https:\/\/whatthefrance.org\/fr\/#organization"},"image":{"@id":"https:\/\/whatthefrance.org\/fr\/entree-gratuite-a-la-french-night-de-la-fete-de-la-musique-2019-berlin\/#primaryimage"},"thumbnailUrl":"https:\/\/whatthefrance.org\/wp-content\/uploads\/2019\/05\/consense_french-night_2019_web3-212x300.png","keywords":["Electronic","Pop","Rock"],"articleSection":["Event"],"inLanguage":"fr-FR"},{"@type":"WebPage","@id":"https:\/\/whatthefrance.org\/fr\/entree-gratuite-a-la-french-night-de-la-fete-de-la-musique-2019-berlin\/","url":"https:\/\/whatthefrance.org\/fr\/entree-gratuite-a-la-french-night-de-la-fete-de-la-musique-2019-berlin\/","name":"Entr\u00e9e gratuite \u00e0 la \"French Night\" - F\u00eate de la Musique 2019 de Berlin - What the France","isPartOf":{"@id":"https:\/\/whatthefrance.org\/fr\/#website"},"primaryImageOfPage":{"@id":"https:\/\/whatthefrance.org\/fr\/entree-gratuite-a-la-french-night-de-la-fete-de-la-musique-2019-berlin\/#primaryimage"},"image":{"@id":"https:\/\/whatthefrance.org\/fr\/entree-gratuite-a-la-french-night-de-la-fete-de-la-musique-2019-berlin\/#primaryimage"},"thumbnailUrl":"https:\/\/whatthefrance.org\/wp-content\/uploads\/2019\/05\/consense_french-night_2019_web3-212x300.png","datePublished":"2019-05-20T16:15:49+00:00","dateModified":"2019-05-23T14:50:54+00:00","breadcrumb":{"@id":"https:\/\/whatthefrance.org\/fr\/entree-gratuite-a-la-french-night-de-la-fete-de-la-musique-2019-berlin\/#breadcrumb"},"inLanguage":"fr-FR","potentialAction":[{"@type":"ReadAction","target":["https:\/\/whatthefrance.org\/fr\/entree-gratuite-a-la-french-night-de-la-fete-de-la-musique-2019-berlin\/"]}]},{"@type":"ImageObject","inLanguage":"fr-FR","@id":"https:\/\/whatthefrance.org\/fr\/entree-gratuite-a-la-french-night-de-la-fete-de-la-musique-2019-berlin\/#primaryimage","url":"https:\/\/whatthefrance.org\/wp-content\/uploads\/2019\/05\/consense_french-night_2019_web3-212x300.png","contentUrl":"https:\/\/whatthefrance.org\/wp-content\/uploads\/2019\/05\/consense_french-night_2019_web3-212x300.png"},{"@type":"BreadcrumbList","@id":"https:\/\/whatthefrance.org\/fr\/entree-gratuite-a-la-french-night-de-la-fete-de-la-musique-2019-berlin\/#breadcrumb","itemListElement":[{"@type":"ListItem","position":1,"name":"Home","item":"https:\/\/whatthefrance.org\/fr\/"},{"@type":"ListItem","position":2,"name":"Entr\u00e9e gratuite \u00e0 la \u00ab\u00a0French Night\u00a0\u00bb &#8211; F\u00eate de la Musique 2019 de Berlin"}]},{"@type":"WebSite","@id":"https:\/\/whatthefrance.org\/fr\/#website","url":"https:\/\/whatthefrance.org\/fr\/","name":"What the France","description":"The finest music made in France !","publisher":{"@id":"https:\/\/whatthefrance.org\/fr\/#organization"},"potentialAction":[{"@type":"SearchAction","target":{"@type":"EntryPoint","urlTemplate":"https:\/\/whatthefrance.org\/fr\/?s={search_term_string}"},"query-input":{"@type":"PropertyValueSpecification","valueRequired":true,"valueName":"search_term_string"}}],"inLanguage":"fr-FR"},{"@type":"Organization","@id":"https:\/\/whatthefrance.org\/fr\/#organization","name":"What The France","url":"https:\/\/whatthefrance.org\/fr\/","logo":{"@type":"ImageObject","inLanguage":"fr-FR","@id":"https:\/\/whatthefrance.org\/fr\/#\/schema\/logo\/image\/","url":"https:\/\/whatthefrance.org\/wp-content\/uploads\/2019\/12\/44688719_2251580388408837_694180218134331392_n-e1577679609190.png","contentUrl":"https:\/\/whatthefrance.org\/wp-content\/uploads\/2019\/12\/44688719_2251580388408837_694180218134331392_n-e1577679609190.png","width":200,"height":200,"caption":"What The France"},"image":{"@id":"https:\/\/whatthefrance.org\/fr\/#\/schema\/logo\/image\/"}},{"@type":"Person","@id":"https:\/\/whatthefrance.org\/fr\/#\/schema\/person\/3b7ea6fb70b536503b3e8c909c564a81","name":"Marie-Sophie Administrateur","image":{"@type":"ImageObject","inLanguage":"fr-FR","@id":"https:\/\/secure.gravatar.com\/avatar\/d57e4552c73c8713409cd3c2de53bdb5d220ebdd76dc7ba351b2dbae89f5afa9?s=96&d=mm&r=g","url":"https:\/\/secure.gravatar.com\/avatar\/d57e4552c73c8713409cd3c2de53bdb5d220ebdd76dc7ba351b2dbae89f5afa9?s=96&d=mm&r=g","contentUrl":"https:\/\/secure.gravatar.com\/avatar\/d57e4552c73c8713409cd3c2de53bdb5d220ebdd76dc7ba351b2dbae89f5afa9?s=96&d=mm&r=g","caption":"Marie-Sophie Administrateur"}}]}},"_links":{"self":[{"href":"https:\/\/whatthefrance.org\/fr\/wp-json\/wp\/v2\/posts\/7862","targetHints":{"allow":["GET"]}}],"collection":[{"href":"https:\/\/whatthefrance.org\/fr\/wp-json\/wp\/v2\/posts"}],"about":[{"href":"https:\/\/whatthefrance.org\/fr\/wp-json\/wp\/v2\/types\/post"}],"author":[{"embeddable":true,"href":"https:\/\/whatthefrance.org\/fr\/wp-json\/wp\/v2\/users\/6"}],"replies":[{"embeddable":true,"href":"https:\/\/whatthefrance.org\/fr\/wp-json\/wp\/v2\/comments?post=7862"}],"version-history":[{"count":10,"href":"https:\/\/whatthefrance.org\/fr\/wp-json\/wp\/v2\/posts\/7862\/revisions"}],"predecessor-version":[{"id":7957,"href":"https:\/\/whatthefrance.org\/fr\/wp-json\/wp\/v2\/posts\/7862\/revisions\/7957"}],"wp:attachment":[{"href":"https:\/\/whatthefrance.org\/fr\/wp-json\/wp\/v2\/media?parent=7862"}],"wp:term":[{"taxonomy":"category","embeddable":true,"href":"https:\/\/whatthefrance.org\/fr\/wp-json\/wp\/v2\/categories?post=7862"},{"taxonomy":"post_tag","embeddable":true,"href":"https:\/\/whatthefrance.org\/fr\/wp-json\/wp\/v2\/tags?post=7862"}],"curies":[{"name":"wp","href":"https:\/\/api.w.org\/{rel}","templated":true}]}}