{"id":7876,"date":"2019-05-20T14:43:55","date_gmt":"2019-05-20T12:43:55","guid":{"rendered":"https:\/\/whatthefrance.org\/?p=7876"},"modified":"2019-05-28T15:04:00","modified_gmt":"2019-05-28T13:04:00","slug":"kimberose-presente-au-w-festival-de-francfort","status":"publish","type":"post","link":"https:\/\/whatthefrance.org\/fr\/kimberose-presente-au-w-festival-de-francfort\/","title":{"rendered":"Kimberose | Pr\u00e9sente au W-Festival de Francfort"},"content":{"rendered":"<p>Si jeune (28 ans), et d\u00e9j\u00e0 d\u00e9sign\u00e9e comme \u00ab\u00a0<strong>Queen of Soul\u00a0\u00bb<\/strong>\u00a0! Kimberly Rose Kitson Mills et ses musiciens forment\u00a0<a href=\"http:\/\/kimberose-official.com\/\" target=\"_blank\" rel=\"noopener noreferrer\"><strong>Kimberose<\/strong><\/a>\u00a0et prennent d&rsquo;assaut les sc\u00e8nes avec les chansons de leur premier album <em><strong>Chapter One<\/strong><\/em>. Et pas seulement en France, o\u00f9 vit l&rsquo;auteur-compositeur-interpr\u00e8te. Sa voix \u00e9voque les souvenirs d&rsquo;<strong>Amy Winehose<\/strong>, <strong>Billie Holiday<\/strong>\u00a0ou encore <strong>Nina Simone<\/strong>. En 2015, l&rsquo;ancienne \u00e9tudiante en psychologie fonde Kimberose avec deux amis, apr\u00e8s avoir pris plaisir \u00e0 chanter sur la grande sc\u00e8ne lors d&rsquo;une apparition \u00e0 \u00ab\u00a0La Nouvelle Star\u00a0\u00bb. Viennent ensuite des performances magiques, un EP en 2017 et le premier album en 2018, qui s&rsquo;est d\u00e9j\u00e0 vendu \u00e0 45.000 exemplaires. En 2018, Kimberose a fait de nombreuses tourn\u00e9es et en 2019, ils seront en tourn\u00e9e <strong>en Europe<\/strong> pour encore plus de concerts.<\/p>\n<p><iframe loading=\"lazy\" title=\"Kimberose - I&#039;m Sorry (Official Video)\" width=\"500\" height=\"281\" src=\"https:\/\/www.youtube.com\/embed\/CxTFzXHcwR4?feature=oembed\" frameborder=\"0\" allow=\"accelerometer; autoplay; clipboard-write; encrypted-media; gyroscope; picture-in-picture; web-share\" referrerpolicy=\"strict-origin-when-cross-origin\" allowfullscreen><\/iframe><\/p>\n<p>Kimberose jouera le programme de soutien de Bonnie Tyler au <a href=\"http:\/\/www.w-festival.de\/\" target=\"_blank\" rel=\"noopener noreferrer\">W-Festival<\/a> \u00e0 <strong>Francfort<\/strong>\u00a0le 1er juin en plus, plusieurs apparitions dans de nombreux festivals de jazz en <strong>novembre 2019<\/strong> ont \u00e9galement \u00e9t\u00e9 annonc\u00e9es !<\/p>\n<h2>Retrouvez la dans notre playlist \u00ab\u00a0Kiss My Jazz\u00a0\u00bb<\/h2>\n\n<p>&nbsp;<\/p>\n","protected":false},"excerpt":{"rendered":"<p>Si jeune (28 ans), et d\u00e9j\u00e0 d\u00e9sign\u00e9e comme \u00ab\u00a0Queen of Soul\u00a0\u00bb\u00a0! Kimberly Rose Kitson Mills et ses musiciens forment\u00a0Kimberose\u00a0et prennent d&rsquo;assaut les sc\u00e8nes avec les chansons de leur premier album Chapter One. Et pas seulement en France, o\u00f9 vit l&rsquo;auteur-compositeur-interpr\u00e8te. Sa voix \u00e9voque les souvenirs d&rsquo;Amy Winehose, Billie Holiday\u00a0ou encore Nina Simone. En 2015, l&rsquo;ancienne [&hellip;]<\/p>\n","protected":false},"author":6,"featured_media":0,"comment_status":"closed","ping_status":"closed","sticky":false,"template":"","format":"standard","meta":{"_acf_changed":false,"footnotes":""},"categories":[213],"tags":[353],"class_list":["post-7876","post","type-post","status-publish","format-standard","hentry","category-event-fr","tag-soul-fr"],"acf":[],"yoast_head":"<!-- This site is optimized with the Yoast SEO plugin v27.3 - https:\/\/yoast.com\/product\/yoast-seo-wordpress\/ -->\n<title>Kimberose | Pr\u00e9sente au W-Festival de Francfort - What the France<\/title>\n<meta name=\"robots\" content=\"index, follow, max-snippet:-1, max-image-preview:large, max-video-preview:-1\" \/>\n<link rel=\"canonical\" href=\"https:\/\/whatthefrance.org\/fr\/kimberose-presente-au-w-festival-de-francfort\/\" \/>\n<meta property=\"og:locale\" content=\"fr_FR\" \/>\n<meta property=\"og:type\" content=\"article\" \/>\n<meta property=\"og:title\" content=\"Kimberose | Pr\u00e9sente au W-Festival de Francfort - What the France\" \/>\n<meta property=\"og:description\" content=\"Si jeune (28 ans), et d\u00e9j\u00e0 d\u00e9sign\u00e9e comme \u00ab\u00a0Queen of Soul\u00a0\u00bb\u00a0! Kimberly Rose Kitson Mills et ses musiciens forment\u00a0Kimberose\u00a0et prennent d&rsquo;assaut les sc\u00e8nes avec les chansons de leur premier album Chapter One. Et pas seulement en France, o\u00f9 vit l&rsquo;auteur-compositeur-interpr\u00e8te. Sa voix \u00e9voque les souvenirs d&rsquo;Amy Winehose, Billie Holiday\u00a0ou encore Nina Simone. En 2015, l&rsquo;ancienne [&hellip;]\" \/>\n<meta property=\"og:url\" content=\"https:\/\/whatthefrance.org\/fr\/kimberose-presente-au-w-festival-de-francfort\/\" \/>\n<meta property=\"og:site_name\" content=\"What the France\" \/>\n<meta property=\"article:published_time\" content=\"2019-05-20T12:43:55+00:00\" \/>\n<meta property=\"article:modified_time\" content=\"2019-05-28T13:04:00+00:00\" \/>\n<meta property=\"og:image\" content=\"https:\/\/whatthefrance.org\/wp-content\/uploads\/2019\/05\/kimberosepic3_Credit-Anthony-Hadjadj_kf.jpg\" \/>\n\t<meta property=\"og:image:width\" content=\"1994\" \/>\n\t<meta property=\"og:image:height\" content=\"2000\" \/>\n<meta name=\"author\" content=\"Marie-Sophie Administrateur\" \/>\n<meta name=\"twitter:card\" content=\"summary_large_image\" \/>\n<meta name=\"twitter:label1\" content=\"\u00c9crit par\" \/>\n\t<meta name=\"twitter:data1\" content=\"Marie-Sophie Administrateur\" \/>\n\t<meta name=\"twitter:label2\" content=\"Dur\u00e9e de lecture estim\u00e9e\" \/>\n\t<meta name=\"twitter:data2\" content=\"1 minute\" \/>\n<script type=\"application\/ld+json\" class=\"yoast-schema-graph\">{\"@context\":\"https:\\\/\\\/schema.org\",\"@graph\":[{\"@type\":\"Article\",\"@id\":\"https:\\\/\\\/whatthefrance.org\\\/fr\\\/kimberose-presente-au-w-festival-de-francfort\\\/#article\",\"isPartOf\":{\"@id\":\"https:\\\/\\\/whatthefrance.org\\\/fr\\\/kimberose-presente-au-w-festival-de-francfort\\\/\"},\"author\":{\"name\":\"Marie-Sophie Administrateur\",\"@id\":\"https:\\\/\\\/whatthefrance.org\\\/fr\\\/#\\\/schema\\\/person\\\/3b7ea6fb70b536503b3e8c909c564a81\"},\"headline\":\"Kimberose | Pr\u00e9sente au W-Festival de Francfort\",\"datePublished\":\"2019-05-20T12:43:55+00:00\",\"dateModified\":\"2019-05-28T13:04:00+00:00\",\"mainEntityOfPage\":{\"@id\":\"https:\\\/\\\/whatthefrance.org\\\/fr\\\/kimberose-presente-au-w-festival-de-francfort\\\/\"},\"wordCount\":190,\"publisher\":{\"@id\":\"https:\\\/\\\/whatthefrance.org\\\/fr\\\/#organization\"},\"keywords\":[\"Soul\"],\"articleSection\":[\"Event\"],\"inLanguage\":\"fr-FR\"},{\"@type\":\"WebPage\",\"@id\":\"https:\\\/\\\/whatthefrance.org\\\/fr\\\/kimberose-presente-au-w-festival-de-francfort\\\/\",\"url\":\"https:\\\/\\\/whatthefrance.org\\\/fr\\\/kimberose-presente-au-w-festival-de-francfort\\\/\",\"name\":\"Kimberose | Pr\u00e9sente au W-Festival de Francfort - What the France\",\"isPartOf\":{\"@id\":\"https:\\\/\\\/whatthefrance.org\\\/fr\\\/#website\"},\"datePublished\":\"2019-05-20T12:43:55+00:00\",\"dateModified\":\"2019-05-28T13:04:00+00:00\",\"breadcrumb\":{\"@id\":\"https:\\\/\\\/whatthefrance.org\\\/fr\\\/kimberose-presente-au-w-festival-de-francfort\\\/#breadcrumb\"},\"inLanguage\":\"fr-FR\",\"potentialAction\":[{\"@type\":\"ReadAction\",\"target\":[\"https:\\\/\\\/whatthefrance.org\\\/fr\\\/kimberose-presente-au-w-festival-de-francfort\\\/\"]}]},{\"@type\":\"BreadcrumbList\",\"@id\":\"https:\\\/\\\/whatthefrance.org\\\/fr\\\/kimberose-presente-au-w-festival-de-francfort\\\/#breadcrumb\",\"itemListElement\":[{\"@type\":\"ListItem\",\"position\":1,\"name\":\"Home\",\"item\":\"https:\\\/\\\/whatthefrance.org\\\/fr\\\/\"},{\"@type\":\"ListItem\",\"position\":2,\"name\":\"Kimberose | Pr\u00e9sente au W-Festival de Francfort\"}]},{\"@type\":\"WebSite\",\"@id\":\"https:\\\/\\\/whatthefrance.org\\\/fr\\\/#website\",\"url\":\"https:\\\/\\\/whatthefrance.org\\\/fr\\\/\",\"name\":\"What the France\",\"description\":\"The finest music made in France !\",\"publisher\":{\"@id\":\"https:\\\/\\\/whatthefrance.org\\\/fr\\\/#organization\"},\"potentialAction\":[{\"@type\":\"SearchAction\",\"target\":{\"@type\":\"EntryPoint\",\"urlTemplate\":\"https:\\\/\\\/whatthefrance.org\\\/fr\\\/?s={search_term_string}\"},\"query-input\":{\"@type\":\"PropertyValueSpecification\",\"valueRequired\":true,\"valueName\":\"search_term_string\"}}],\"inLanguage\":\"fr-FR\"},{\"@type\":\"Organization\",\"@id\":\"https:\\\/\\\/whatthefrance.org\\\/fr\\\/#organization\",\"name\":\"What The France\",\"url\":\"https:\\\/\\\/whatthefrance.org\\\/fr\\\/\",\"logo\":{\"@type\":\"ImageObject\",\"inLanguage\":\"fr-FR\",\"@id\":\"https:\\\/\\\/whatthefrance.org\\\/fr\\\/#\\\/schema\\\/logo\\\/image\\\/\",\"url\":\"https:\\\/\\\/whatthefrance.org\\\/wp-content\\\/uploads\\\/2019\\\/12\\\/44688719_2251580388408837_694180218134331392_n-e1577679609190.png\",\"contentUrl\":\"https:\\\/\\\/whatthefrance.org\\\/wp-content\\\/uploads\\\/2019\\\/12\\\/44688719_2251580388408837_694180218134331392_n-e1577679609190.png\",\"width\":200,\"height\":200,\"caption\":\"What The France\"},\"image\":{\"@id\":\"https:\\\/\\\/whatthefrance.org\\\/fr\\\/#\\\/schema\\\/logo\\\/image\\\/\"}},{\"@type\":\"Person\",\"@id\":\"https:\\\/\\\/whatthefrance.org\\\/fr\\\/#\\\/schema\\\/person\\\/3b7ea6fb70b536503b3e8c909c564a81\",\"name\":\"Marie-Sophie Administrateur\",\"image\":{\"@type\":\"ImageObject\",\"inLanguage\":\"fr-FR\",\"@id\":\"https:\\\/\\\/secure.gravatar.com\\\/avatar\\\/d57e4552c73c8713409cd3c2de53bdb5d220ebdd76dc7ba351b2dbae89f5afa9?s=96&d=mm&r=g\",\"url\":\"https:\\\/\\\/secure.gravatar.com\\\/avatar\\\/d57e4552c73c8713409cd3c2de53bdb5d220ebdd76dc7ba351b2dbae89f5afa9?s=96&d=mm&r=g\",\"contentUrl\":\"https:\\\/\\\/secure.gravatar.com\\\/avatar\\\/d57e4552c73c8713409cd3c2de53bdb5d220ebdd76dc7ba351b2dbae89f5afa9?s=96&d=mm&r=g\",\"caption\":\"Marie-Sophie Administrateur\"}}]}<\/script>\n<!-- \/ Yoast SEO plugin. -->","yoast_head_json":{"title":"Kimberose | Pr\u00e9sente au W-Festival de Francfort - What the France","robots":{"index":"index","follow":"follow","max-snippet":"max-snippet:-1","max-image-preview":"max-image-preview:large","max-video-preview":"max-video-preview:-1"},"canonical":"https:\/\/whatthefrance.org\/fr\/kimberose-presente-au-w-festival-de-francfort\/","og_locale":"fr_FR","og_type":"article","og_title":"Kimberose | Pr\u00e9sente au W-Festival de Francfort - What the France","og_description":"Si jeune (28 ans), et d\u00e9j\u00e0 d\u00e9sign\u00e9e comme \u00ab\u00a0Queen of Soul\u00a0\u00bb\u00a0! Kimberly Rose Kitson Mills et ses musiciens forment\u00a0Kimberose\u00a0et prennent d&rsquo;assaut les sc\u00e8nes avec les chansons de leur premier album Chapter One. Et pas seulement en France, o\u00f9 vit l&rsquo;auteur-compositeur-interpr\u00e8te. Sa voix \u00e9voque les souvenirs d&rsquo;Amy Winehose, Billie Holiday\u00a0ou encore Nina Simone. En 2015, l&rsquo;ancienne [&hellip;]","og_url":"https:\/\/whatthefrance.org\/fr\/kimberose-presente-au-w-festival-de-francfort\/","og_site_name":"What the France","article_published_time":"2019-05-20T12:43:55+00:00","article_modified_time":"2019-05-28T13:04:00+00:00","og_image":[{"url":"https:\/\/whatthefrance.org\/wp-content\/uploads\/2019\/05\/kimberosepic3_Credit-Anthony-Hadjadj_kf.jpg","height":2000,"width":1994,"type":""}],"author":"Marie-Sophie Administrateur","twitter_card":"summary_large_image","twitter_misc":{"\u00c9crit par":"Marie-Sophie Administrateur","Dur\u00e9e de lecture estim\u00e9e":"1 minute"},"schema":{"@context":"https:\/\/schema.org","@graph":[{"@type":"Article","@id":"https:\/\/whatthefrance.org\/fr\/kimberose-presente-au-w-festival-de-francfort\/#article","isPartOf":{"@id":"https:\/\/whatthefrance.org\/fr\/kimberose-presente-au-w-festival-de-francfort\/"},"author":{"name":"Marie-Sophie Administrateur","@id":"https:\/\/whatthefrance.org\/fr\/#\/schema\/person\/3b7ea6fb70b536503b3e8c909c564a81"},"headline":"Kimberose | Pr\u00e9sente au W-Festival de Francfort","datePublished":"2019-05-20T12:43:55+00:00","dateModified":"2019-05-28T13:04:00+00:00","mainEntityOfPage":{"@id":"https:\/\/whatthefrance.org\/fr\/kimberose-presente-au-w-festival-de-francfort\/"},"wordCount":190,"publisher":{"@id":"https:\/\/whatthefrance.org\/fr\/#organization"},"keywords":["Soul"],"articleSection":["Event"],"inLanguage":"fr-FR"},{"@type":"WebPage","@id":"https:\/\/whatthefrance.org\/fr\/kimberose-presente-au-w-festival-de-francfort\/","url":"https:\/\/whatthefrance.org\/fr\/kimberose-presente-au-w-festival-de-francfort\/","name":"Kimberose | Pr\u00e9sente au W-Festival de Francfort - What the France","isPartOf":{"@id":"https:\/\/whatthefrance.org\/fr\/#website"},"datePublished":"2019-05-20T12:43:55+00:00","dateModified":"2019-05-28T13:04:00+00:00","breadcrumb":{"@id":"https:\/\/whatthefrance.org\/fr\/kimberose-presente-au-w-festival-de-francfort\/#breadcrumb"},"inLanguage":"fr-FR","potentialAction":[{"@type":"ReadAction","target":["https:\/\/whatthefrance.org\/fr\/kimberose-presente-au-w-festival-de-francfort\/"]}]},{"@type":"BreadcrumbList","@id":"https:\/\/whatthefrance.org\/fr\/kimberose-presente-au-w-festival-de-francfort\/#breadcrumb","itemListElement":[{"@type":"ListItem","position":1,"name":"Home","item":"https:\/\/whatthefrance.org\/fr\/"},{"@type":"ListItem","position":2,"name":"Kimberose | Pr\u00e9sente au W-Festival de Francfort"}]},{"@type":"WebSite","@id":"https:\/\/whatthefrance.org\/fr\/#website","url":"https:\/\/whatthefrance.org\/fr\/","name":"What the France","description":"The finest music made in France !","publisher":{"@id":"https:\/\/whatthefrance.org\/fr\/#organization"},"potentialAction":[{"@type":"SearchAction","target":{"@type":"EntryPoint","urlTemplate":"https:\/\/whatthefrance.org\/fr\/?s={search_term_string}"},"query-input":{"@type":"PropertyValueSpecification","valueRequired":true,"valueName":"search_term_string"}}],"inLanguage":"fr-FR"},{"@type":"Organization","@id":"https:\/\/whatthefrance.org\/fr\/#organization","name":"What The France","url":"https:\/\/whatthefrance.org\/fr\/","logo":{"@type":"ImageObject","inLanguage":"fr-FR","@id":"https:\/\/whatthefrance.org\/fr\/#\/schema\/logo\/image\/","url":"https:\/\/whatthefrance.org\/wp-content\/uploads\/2019\/12\/44688719_2251580388408837_694180218134331392_n-e1577679609190.png","contentUrl":"https:\/\/whatthefrance.org\/wp-content\/uploads\/2019\/12\/44688719_2251580388408837_694180218134331392_n-e1577679609190.png","width":200,"height":200,"caption":"What The France"},"image":{"@id":"https:\/\/whatthefrance.org\/fr\/#\/schema\/logo\/image\/"}},{"@type":"Person","@id":"https:\/\/whatthefrance.org\/fr\/#\/schema\/person\/3b7ea6fb70b536503b3e8c909c564a81","name":"Marie-Sophie Administrateur","image":{"@type":"ImageObject","inLanguage":"fr-FR","@id":"https:\/\/secure.gravatar.com\/avatar\/d57e4552c73c8713409cd3c2de53bdb5d220ebdd76dc7ba351b2dbae89f5afa9?s=96&d=mm&r=g","url":"https:\/\/secure.gravatar.com\/avatar\/d57e4552c73c8713409cd3c2de53bdb5d220ebdd76dc7ba351b2dbae89f5afa9?s=96&d=mm&r=g","contentUrl":"https:\/\/secure.gravatar.com\/avatar\/d57e4552c73c8713409cd3c2de53bdb5d220ebdd76dc7ba351b2dbae89f5afa9?s=96&d=mm&r=g","caption":"Marie-Sophie Administrateur"}}]}},"_links":{"self":[{"href":"https:\/\/whatthefrance.org\/fr\/wp-json\/wp\/v2\/posts\/7876","targetHints":{"allow":["GET"]}}],"collection":[{"href":"https:\/\/whatthefrance.org\/fr\/wp-json\/wp\/v2\/posts"}],"about":[{"href":"https:\/\/whatthefrance.org\/fr\/wp-json\/wp\/v2\/types\/post"}],"author":[{"embeddable":true,"href":"https:\/\/whatthefrance.org\/fr\/wp-json\/wp\/v2\/users\/6"}],"replies":[{"embeddable":true,"href":"https:\/\/whatthefrance.org\/fr\/wp-json\/wp\/v2\/comments?post=7876"}],"version-history":[{"count":6,"href":"https:\/\/whatthefrance.org\/fr\/wp-json\/wp\/v2\/posts\/7876\/revisions"}],"predecessor-version":[{"id":8072,"href":"https:\/\/whatthefrance.org\/fr\/wp-json\/wp\/v2\/posts\/7876\/revisions\/8072"}],"wp:attachment":[{"href":"https:\/\/whatthefrance.org\/fr\/wp-json\/wp\/v2\/media?parent=7876"}],"wp:term":[{"taxonomy":"category","embeddable":true,"href":"https:\/\/whatthefrance.org\/fr\/wp-json\/wp\/v2\/categories?post=7876"},{"taxonomy":"post_tag","embeddable":true,"href":"https:\/\/whatthefrance.org\/fr\/wp-json\/wp\/v2\/tags?post=7876"}],"curies":[{"name":"wp","href":"https:\/\/api.w.org\/{rel}","templated":true}]}}