{"id":8880,"date":"2019-06-26T11:46:14","date_gmt":"2019-06-26T09:46:14","guid":{"rendered":"https:\/\/whatthefrance.org\/?p=8880"},"modified":"2019-07-05T11:50:17","modified_gmt":"2019-07-05T09:50:17","slug":"no-format-15e-anniversaire-a-new-york","status":"publish","type":"post","link":"https:\/\/whatthefrance.org\/fr\/no-format-15e-anniversaire-a-new-york\/","title":{"rendered":"N\u00d8 F\u00d8RMAT ! 15e anniversaire \u00e0 New York"},"content":{"rendered":"<p>Depuis sa cr\u00e9ation en 2004, <a href=\"http:\/\/www.noformat.net\/?lang=en\" target=\"_blank\" rel=\"noopener noreferrer\">N\u00f8 F\u00f8rmat!<\/a> a \u00e9volu\u00e9 selon le principe d&rsquo;accueillir, sans contrainte stylistique, une vari\u00e9t\u00e9 de formes musicales qui refl\u00e8tent la richesse de notre monde de plus en plus cr\u00e9olis\u00e9 et interconnect\u00e9.<\/p>\n<p>Pour f\u00eater ses <strong>15 ans<\/strong>, N\u00f8 F\u00f8rmat ! a imagin\u00e9 un festival itin\u00e9rant mettant en sc\u00e8ne, dans cinq \u00e9v\u00e9nements exceptionnels sur trois continents, les grands noms de son catalogue : Oumou Sangar\u00e9, M\u00e9lissa Laveaux, Vincent Segal, Blick Bassy&#8230;<\/p>\n<p>Ce sera une autre fa\u00e7on d&rsquo;affirmer que la musique est un langage universel qui offre aux \u00eatres humains la possibilit\u00e9 de se rencontrer, au-del\u00e0 de leurs diff\u00e9rences.<\/p>\n<h2>DATES \u00c0 NEW YORK<\/h2>\n<p>Le 27 juin :\u00a0<strong>Koki Nakano<\/strong> + <strong>\u00bfQue Vola?<\/strong>\u00a0@ David Rubenstein Atrium au Lincoln Center &#8211; GRATUIT<br \/>\ndans le cadre du <a href=\"http:\/\/www.francerocks.com\/summerfest2019\/\" target=\"_blank\" rel=\"noreferrer noopener\" aria-label=\"France Rocks Summer Fest 2019 (opens in a new tab)\">France Rocks Summer Fest 2019<\/a><\/p>\n<p>Juin 27, 28, 29:\u00a0<strong>\u00bfQue Vola ?<\/strong>@ Dizzy\u2019s<\/p>\n<p>Le 30 juin :\u00a0<strong>Blick Bassy<\/strong>@ Capital One City Parks Foundation SummerStage &#8211; GRATUIT<br \/>\ndans le cadre du <a href=\"http:\/\/www.francerocks.com\/summerfest2019\/\" target=\"_blank\" rel=\"noreferrer noopener\" aria-label=\"France Rocks Summer Fest 2019 (opens in a new tab)\">France Rocks Summer Fest 2019<\/a><\/p>\n<p>&nbsp;<\/p>\n<div class=\"playListBloc singleBloc\"><div class=\"playListBloc-wrap\">    <div class=\"thumbnail\"><img data-src=\"https:\/\/whatthefrance.org\/wp-content\/uploads\/2018\/11\/WTF-Pochettes_world_4-254x254.jpg\" class=\"lazyload\" alt=\"WTF&#8212;Pochettes_world_4\" \/>    <\/div>    <div class=\"infos\">        <span class=\"tag\">Genres<\/span>        <h2>Around The World<\/h2>        <span class=\"separator\"><\/span>       <span class=\"desc\">Explore the latest world music hits made in France. Follow us for weekly updates !<\/span><div class=\"share flex flexAlignCenter \">\t<span class=\"label\">Partager<\/span>\t<a href=\"https:\/\/www.facebook.com\/sharer\/sharer.php?u=https:\/\/whatthefrance.org\/playlists\/around-the-world\/\" class=\"facebook\" target=\"_blank\" rel=\"noreferrer\">Facebook<\/a>\t<a href=\"https:\/\/twitter.com\/intent\/tweet?url=https:\/\/whatthefrance.org\/playlists\/around-the-world\/&text=Around+The+World&hashtags=WTF\" class=\"twitter\" target=\"_blank\" rel=\"noreferrer\">Twitter<\/a>\t<a href=\"mailto:?subject=What%20the%20France%20%3A%20Around%20The%20World&body=https:\/\/whatthefrance.org\/playlists\/around-the-world\/\" class=\"mail\" target=\"_blank\" rel=\"noreferrer\">Email<\/a><\/div>        <a href=\"#\" class=\"btn btnPlaylist orange playlist-click\" data-id=\"837\">            <svg version=\"1.1\" x=\"0px\" y=\"0px\" width=\"40px\" height=\"40px\" viewBox=\"0 0 213.7 213.7\" enable-background=\"new 0 0 213.7 213.7\" xml:space=\"preserve\">                <polygon class=\"triangle\" fill=\"none\" stroke-width=\"10\" stroke-linecap=\"round\" stroke-linejoin=\"round\" stroke-miterlimit=\"10\" points=\"\n            73.5,62.5 148.5,105.8 73.5,149.1 \"\/>                <circle class=\"circle\" fill=\"none\"  stroke-width=\"8\" stroke-linecap=\"round\" stroke-linejoin=\"round\" stroke-miterlimit=\"10\" cx=\"106.8\" cy=\"106.8\" r=\"103.3\"\/>                <circle class=\"circle-white\" fill=\"none\"  stroke-width=\"8\" stroke-linecap=\"round\" stroke-linejoin=\"round\" stroke-miterlimit=\"10\" cx=\"106.8\" cy=\"106.8\" r=\"103.3\"\/>            <\/svg>Ecouter        <\/a>    <\/div>  <\/div><\/div>\n","protected":false},"excerpt":{"rendered":"<p>Depuis sa cr\u00e9ation en 2004, N\u00f8 F\u00f8rmat! a \u00e9volu\u00e9 selon le principe d&rsquo;accueillir, sans contrainte stylistique, une vari\u00e9t\u00e9 de formes musicales qui refl\u00e8tent la richesse de notre monde de plus en plus cr\u00e9olis\u00e9 et interconnect\u00e9. Pour f\u00eater ses 15 ans, N\u00f8 F\u00f8rmat ! a imagin\u00e9 un festival itin\u00e9rant mettant en sc\u00e8ne, dans cinq \u00e9v\u00e9nements exceptionnels [&hellip;]<\/p>\n","protected":false},"author":6,"featured_media":0,"comment_status":"closed","ping_status":"closed","sticky":false,"template":"","format":"standard","meta":{"_acf_changed":false,"footnotes":""},"categories":[213],"tags":[361],"class_list":["post-8880","post","type-post","status-publish","format-standard","hentry","category-event-fr","tag-world-fr"],"acf":[],"yoast_head":"<!-- This site is optimized with the Yoast SEO plugin v27.3 - https:\/\/yoast.com\/product\/yoast-seo-wordpress\/ -->\n<title>N\u00d8 F\u00d8RMAT ! 15e anniversaire \u00e0 New York - What the France<\/title>\n<meta name=\"robots\" content=\"index, follow, max-snippet:-1, max-image-preview:large, max-video-preview:-1\" \/>\n<link rel=\"canonical\" href=\"https:\/\/whatthefrance.org\/fr\/no-format-15e-anniversaire-a-new-york\/\" \/>\n<meta property=\"og:locale\" content=\"fr_FR\" \/>\n<meta property=\"og:type\" content=\"article\" \/>\n<meta property=\"og:title\" content=\"N\u00d8 F\u00d8RMAT ! 15e anniversaire \u00e0 New York - What the France\" \/>\n<meta property=\"og:description\" content=\"Depuis sa cr\u00e9ation en 2004, N\u00f8 F\u00f8rmat! a \u00e9volu\u00e9 selon le principe d&rsquo;accueillir, sans contrainte stylistique, une vari\u00e9t\u00e9 de formes musicales qui refl\u00e8tent la richesse de notre monde de plus en plus cr\u00e9olis\u00e9 et interconnect\u00e9. Pour f\u00eater ses 15 ans, N\u00f8 F\u00f8rmat ! a imagin\u00e9 un festival itin\u00e9rant mettant en sc\u00e8ne, dans cinq \u00e9v\u00e9nements exceptionnels [&hellip;]\" \/>\n<meta property=\"og:url\" content=\"https:\/\/whatthefrance.org\/fr\/no-format-15e-anniversaire-a-new-york\/\" \/>\n<meta property=\"og:site_name\" content=\"What the France\" \/>\n<meta property=\"article:published_time\" content=\"2019-06-26T09:46:14+00:00\" \/>\n<meta property=\"article:modified_time\" content=\"2019-07-05T09:50:17+00:00\" \/>\n<meta property=\"og:image\" content=\"https:\/\/whatthefrance.org\/wp-content\/uploads\/2019\/06\/Logo-no-format-rogne\u0301.png\" \/>\n\t<meta property=\"og:image:width\" content=\"1299\" \/>\n\t<meta property=\"og:image:height\" content=\"541\" \/>\n<meta name=\"author\" content=\"Marie-Sophie Administrateur\" \/>\n<meta name=\"twitter:card\" content=\"summary_large_image\" \/>\n<meta name=\"twitter:label1\" content=\"\u00c9crit par\" \/>\n\t<meta name=\"twitter:data1\" content=\"Marie-Sophie Administrateur\" \/>\n\t<meta name=\"twitter:label2\" content=\"Dur\u00e9e de lecture estim\u00e9e\" \/>\n\t<meta name=\"twitter:data2\" content=\"1 minute\" \/>\n<script type=\"application\/ld+json\" class=\"yoast-schema-graph\">{\"@context\":\"https:\\\/\\\/schema.org\",\"@graph\":[{\"@type\":\"Article\",\"@id\":\"https:\\\/\\\/whatthefrance.org\\\/fr\\\/no-format-15e-anniversaire-a-new-york\\\/#article\",\"isPartOf\":{\"@id\":\"https:\\\/\\\/whatthefrance.org\\\/fr\\\/no-format-15e-anniversaire-a-new-york\\\/\"},\"author\":{\"name\":\"Marie-Sophie Administrateur\",\"@id\":\"https:\\\/\\\/whatthefrance.org\\\/fr\\\/#\\\/schema\\\/person\\\/3b7ea6fb70b536503b3e8c909c564a81\"},\"headline\":\"N\u00d8 F\u00d8RMAT ! 15e anniversaire \u00e0 New York\",\"datePublished\":\"2019-06-26T09:46:14+00:00\",\"dateModified\":\"2019-07-05T09:50:17+00:00\",\"mainEntityOfPage\":{\"@id\":\"https:\\\/\\\/whatthefrance.org\\\/fr\\\/no-format-15e-anniversaire-a-new-york\\\/\"},\"wordCount\":171,\"publisher\":{\"@id\":\"https:\\\/\\\/whatthefrance.org\\\/fr\\\/#organization\"},\"keywords\":[\"World\"],\"articleSection\":[\"Event\"],\"inLanguage\":\"fr-FR\"},{\"@type\":\"WebPage\",\"@id\":\"https:\\\/\\\/whatthefrance.org\\\/fr\\\/no-format-15e-anniversaire-a-new-york\\\/\",\"url\":\"https:\\\/\\\/whatthefrance.org\\\/fr\\\/no-format-15e-anniversaire-a-new-york\\\/\",\"name\":\"N\u00d8 F\u00d8RMAT ! 15e anniversaire \u00e0 New York - What the France\",\"isPartOf\":{\"@id\":\"https:\\\/\\\/whatthefrance.org\\\/fr\\\/#website\"},\"datePublished\":\"2019-06-26T09:46:14+00:00\",\"dateModified\":\"2019-07-05T09:50:17+00:00\",\"breadcrumb\":{\"@id\":\"https:\\\/\\\/whatthefrance.org\\\/fr\\\/no-format-15e-anniversaire-a-new-york\\\/#breadcrumb\"},\"inLanguage\":\"fr-FR\",\"potentialAction\":[{\"@type\":\"ReadAction\",\"target\":[\"https:\\\/\\\/whatthefrance.org\\\/fr\\\/no-format-15e-anniversaire-a-new-york\\\/\"]}]},{\"@type\":\"BreadcrumbList\",\"@id\":\"https:\\\/\\\/whatthefrance.org\\\/fr\\\/no-format-15e-anniversaire-a-new-york\\\/#breadcrumb\",\"itemListElement\":[{\"@type\":\"ListItem\",\"position\":1,\"name\":\"Home\",\"item\":\"https:\\\/\\\/whatthefrance.org\\\/fr\\\/\"},{\"@type\":\"ListItem\",\"position\":2,\"name\":\"N\u00d8 F\u00d8RMAT ! 15e anniversaire \u00e0 New York\"}]},{\"@type\":\"WebSite\",\"@id\":\"https:\\\/\\\/whatthefrance.org\\\/fr\\\/#website\",\"url\":\"https:\\\/\\\/whatthefrance.org\\\/fr\\\/\",\"name\":\"What the France\",\"description\":\"The finest music made in France !\",\"publisher\":{\"@id\":\"https:\\\/\\\/whatthefrance.org\\\/fr\\\/#organization\"},\"potentialAction\":[{\"@type\":\"SearchAction\",\"target\":{\"@type\":\"EntryPoint\",\"urlTemplate\":\"https:\\\/\\\/whatthefrance.org\\\/fr\\\/?s={search_term_string}\"},\"query-input\":{\"@type\":\"PropertyValueSpecification\",\"valueRequired\":true,\"valueName\":\"search_term_string\"}}],\"inLanguage\":\"fr-FR\"},{\"@type\":\"Organization\",\"@id\":\"https:\\\/\\\/whatthefrance.org\\\/fr\\\/#organization\",\"name\":\"What The France\",\"url\":\"https:\\\/\\\/whatthefrance.org\\\/fr\\\/\",\"logo\":{\"@type\":\"ImageObject\",\"inLanguage\":\"fr-FR\",\"@id\":\"https:\\\/\\\/whatthefrance.org\\\/fr\\\/#\\\/schema\\\/logo\\\/image\\\/\",\"url\":\"https:\\\/\\\/whatthefrance.org\\\/wp-content\\\/uploads\\\/2019\\\/12\\\/44688719_2251580388408837_694180218134331392_n-e1577679609190.png\",\"contentUrl\":\"https:\\\/\\\/whatthefrance.org\\\/wp-content\\\/uploads\\\/2019\\\/12\\\/44688719_2251580388408837_694180218134331392_n-e1577679609190.png\",\"width\":200,\"height\":200,\"caption\":\"What The France\"},\"image\":{\"@id\":\"https:\\\/\\\/whatthefrance.org\\\/fr\\\/#\\\/schema\\\/logo\\\/image\\\/\"}},{\"@type\":\"Person\",\"@id\":\"https:\\\/\\\/whatthefrance.org\\\/fr\\\/#\\\/schema\\\/person\\\/3b7ea6fb70b536503b3e8c909c564a81\",\"name\":\"Marie-Sophie Administrateur\",\"image\":{\"@type\":\"ImageObject\",\"inLanguage\":\"fr-FR\",\"@id\":\"https:\\\/\\\/secure.gravatar.com\\\/avatar\\\/d57e4552c73c8713409cd3c2de53bdb5d220ebdd76dc7ba351b2dbae89f5afa9?s=96&d=mm&r=g\",\"url\":\"https:\\\/\\\/secure.gravatar.com\\\/avatar\\\/d57e4552c73c8713409cd3c2de53bdb5d220ebdd76dc7ba351b2dbae89f5afa9?s=96&d=mm&r=g\",\"contentUrl\":\"https:\\\/\\\/secure.gravatar.com\\\/avatar\\\/d57e4552c73c8713409cd3c2de53bdb5d220ebdd76dc7ba351b2dbae89f5afa9?s=96&d=mm&r=g\",\"caption\":\"Marie-Sophie Administrateur\"}}]}<\/script>\n<!-- \/ Yoast SEO plugin. -->","yoast_head_json":{"title":"N\u00d8 F\u00d8RMAT ! 15e anniversaire \u00e0 New York - What the France","robots":{"index":"index","follow":"follow","max-snippet":"max-snippet:-1","max-image-preview":"max-image-preview:large","max-video-preview":"max-video-preview:-1"},"canonical":"https:\/\/whatthefrance.org\/fr\/no-format-15e-anniversaire-a-new-york\/","og_locale":"fr_FR","og_type":"article","og_title":"N\u00d8 F\u00d8RMAT ! 15e anniversaire \u00e0 New York - What the France","og_description":"Depuis sa cr\u00e9ation en 2004, N\u00f8 F\u00f8rmat! a \u00e9volu\u00e9 selon le principe d&rsquo;accueillir, sans contrainte stylistique, une vari\u00e9t\u00e9 de formes musicales qui refl\u00e8tent la richesse de notre monde de plus en plus cr\u00e9olis\u00e9 et interconnect\u00e9. Pour f\u00eater ses 15 ans, N\u00f8 F\u00f8rmat ! a imagin\u00e9 un festival itin\u00e9rant mettant en sc\u00e8ne, dans cinq \u00e9v\u00e9nements exceptionnels [&hellip;]","og_url":"https:\/\/whatthefrance.org\/fr\/no-format-15e-anniversaire-a-new-york\/","og_site_name":"What the France","article_published_time":"2019-06-26T09:46:14+00:00","article_modified_time":"2019-07-05T09:50:17+00:00","og_image":[{"url":"https:\/\/whatthefrance.org\/wp-content\/uploads\/2019\/06\/Logo-no-format-rogne\u0301.png","height":541,"width":1299,"type":""}],"author":"Marie-Sophie Administrateur","twitter_card":"summary_large_image","twitter_misc":{"\u00c9crit par":"Marie-Sophie Administrateur","Dur\u00e9e de lecture estim\u00e9e":"1 minute"},"schema":{"@context":"https:\/\/schema.org","@graph":[{"@type":"Article","@id":"https:\/\/whatthefrance.org\/fr\/no-format-15e-anniversaire-a-new-york\/#article","isPartOf":{"@id":"https:\/\/whatthefrance.org\/fr\/no-format-15e-anniversaire-a-new-york\/"},"author":{"name":"Marie-Sophie Administrateur","@id":"https:\/\/whatthefrance.org\/fr\/#\/schema\/person\/3b7ea6fb70b536503b3e8c909c564a81"},"headline":"N\u00d8 F\u00d8RMAT ! 15e anniversaire \u00e0 New York","datePublished":"2019-06-26T09:46:14+00:00","dateModified":"2019-07-05T09:50:17+00:00","mainEntityOfPage":{"@id":"https:\/\/whatthefrance.org\/fr\/no-format-15e-anniversaire-a-new-york\/"},"wordCount":171,"publisher":{"@id":"https:\/\/whatthefrance.org\/fr\/#organization"},"keywords":["World"],"articleSection":["Event"],"inLanguage":"fr-FR"},{"@type":"WebPage","@id":"https:\/\/whatthefrance.org\/fr\/no-format-15e-anniversaire-a-new-york\/","url":"https:\/\/whatthefrance.org\/fr\/no-format-15e-anniversaire-a-new-york\/","name":"N\u00d8 F\u00d8RMAT ! 15e anniversaire \u00e0 New York - What the France","isPartOf":{"@id":"https:\/\/whatthefrance.org\/fr\/#website"},"datePublished":"2019-06-26T09:46:14+00:00","dateModified":"2019-07-05T09:50:17+00:00","breadcrumb":{"@id":"https:\/\/whatthefrance.org\/fr\/no-format-15e-anniversaire-a-new-york\/#breadcrumb"},"inLanguage":"fr-FR","potentialAction":[{"@type":"ReadAction","target":["https:\/\/whatthefrance.org\/fr\/no-format-15e-anniversaire-a-new-york\/"]}]},{"@type":"BreadcrumbList","@id":"https:\/\/whatthefrance.org\/fr\/no-format-15e-anniversaire-a-new-york\/#breadcrumb","itemListElement":[{"@type":"ListItem","position":1,"name":"Home","item":"https:\/\/whatthefrance.org\/fr\/"},{"@type":"ListItem","position":2,"name":"N\u00d8 F\u00d8RMAT ! 15e anniversaire \u00e0 New York"}]},{"@type":"WebSite","@id":"https:\/\/whatthefrance.org\/fr\/#website","url":"https:\/\/whatthefrance.org\/fr\/","name":"What the France","description":"The finest music made in France !","publisher":{"@id":"https:\/\/whatthefrance.org\/fr\/#organization"},"potentialAction":[{"@type":"SearchAction","target":{"@type":"EntryPoint","urlTemplate":"https:\/\/whatthefrance.org\/fr\/?s={search_term_string}"},"query-input":{"@type":"PropertyValueSpecification","valueRequired":true,"valueName":"search_term_string"}}],"inLanguage":"fr-FR"},{"@type":"Organization","@id":"https:\/\/whatthefrance.org\/fr\/#organization","name":"What The France","url":"https:\/\/whatthefrance.org\/fr\/","logo":{"@type":"ImageObject","inLanguage":"fr-FR","@id":"https:\/\/whatthefrance.org\/fr\/#\/schema\/logo\/image\/","url":"https:\/\/whatthefrance.org\/wp-content\/uploads\/2019\/12\/44688719_2251580388408837_694180218134331392_n-e1577679609190.png","contentUrl":"https:\/\/whatthefrance.org\/wp-content\/uploads\/2019\/12\/44688719_2251580388408837_694180218134331392_n-e1577679609190.png","width":200,"height":200,"caption":"What The France"},"image":{"@id":"https:\/\/whatthefrance.org\/fr\/#\/schema\/logo\/image\/"}},{"@type":"Person","@id":"https:\/\/whatthefrance.org\/fr\/#\/schema\/person\/3b7ea6fb70b536503b3e8c909c564a81","name":"Marie-Sophie Administrateur","image":{"@type":"ImageObject","inLanguage":"fr-FR","@id":"https:\/\/secure.gravatar.com\/avatar\/d57e4552c73c8713409cd3c2de53bdb5d220ebdd76dc7ba351b2dbae89f5afa9?s=96&d=mm&r=g","url":"https:\/\/secure.gravatar.com\/avatar\/d57e4552c73c8713409cd3c2de53bdb5d220ebdd76dc7ba351b2dbae89f5afa9?s=96&d=mm&r=g","contentUrl":"https:\/\/secure.gravatar.com\/avatar\/d57e4552c73c8713409cd3c2de53bdb5d220ebdd76dc7ba351b2dbae89f5afa9?s=96&d=mm&r=g","caption":"Marie-Sophie Administrateur"}}]}},"_links":{"self":[{"href":"https:\/\/whatthefrance.org\/fr\/wp-json\/wp\/v2\/posts\/8880","targetHints":{"allow":["GET"]}}],"collection":[{"href":"https:\/\/whatthefrance.org\/fr\/wp-json\/wp\/v2\/posts"}],"about":[{"href":"https:\/\/whatthefrance.org\/fr\/wp-json\/wp\/v2\/types\/post"}],"author":[{"embeddable":true,"href":"https:\/\/whatthefrance.org\/fr\/wp-json\/wp\/v2\/users\/6"}],"replies":[{"embeddable":true,"href":"https:\/\/whatthefrance.org\/fr\/wp-json\/wp\/v2\/comments?post=8880"}],"version-history":[{"count":2,"href":"https:\/\/whatthefrance.org\/fr\/wp-json\/wp\/v2\/posts\/8880\/revisions"}],"predecessor-version":[{"id":8882,"href":"https:\/\/whatthefrance.org\/fr\/wp-json\/wp\/v2\/posts\/8880\/revisions\/8882"}],"wp:attachment":[{"href":"https:\/\/whatthefrance.org\/fr\/wp-json\/wp\/v2\/media?parent=8880"}],"wp:term":[{"taxonomy":"category","embeddable":true,"href":"https:\/\/whatthefrance.org\/fr\/wp-json\/wp\/v2\/categories?post=8880"},{"taxonomy":"post_tag","embeddable":true,"href":"https:\/\/whatthefrance.org\/fr\/wp-json\/wp\/v2\/tags?post=8880"}],"curies":[{"name":"wp","href":"https:\/\/api.w.org\/{rel}","templated":true}]}}